{"id":776756,"date":"2026-02-06T15:31:11","date_gmt":"2026-02-06T15:31:11","guid":{"rendered":"https:\/\/www.europesays.com\/de\/776756\/"},"modified":"2026-02-06T15:31:11","modified_gmt":"2026-02-06T15:31:11","slug":"sonthofen-sek-stuermt-wohnung-in-der-innenstadt-news","status":"publish","type":"post","link":"https:\/\/www.europesays.com\/de\/776756\/","title":{"rendered":"Sonthofen: SEK st\u00fcrmt Wohnung in der Innenstadt | News"},"content":{"rendered":"<p><a class=\"skip-content skip-content--link\" href=\"#in-content-skip-link-target-v-0-0\">TTS-Player \u00fcberspringen\u21b5<\/a><a id=\"in-content-skip-link-target-v-0-0\" class=\"skip-content--target-link-hidden skip-content skip-content--target-link\" href=\"#in-content-skip-link-target-v-0-0\">Artikel weiterlesen<\/a><\/p>\n<p>Sonthofen (Bayern) \u2013 <b>Gro\u00dfer Polizeieinsatz in der Innenstadt von Sonthofen. Wegen einer Bedrohungslage hatte die Polizei am Vormittag Teile des Zentrums der Kreisstadt im Landkreis Oberallg\u00e4u abgesperrt. Ausl\u00f6ser des Einsatzes war nach ersten Polizeiangaben eine \u201eBedrohungssituation\u201c. Nach mehreren Stunden griff ein Spezialeinsatzkommando (SEK) zu und nahm einen 35-j\u00e4hrigen Mann fest.<\/b><\/p>\n<p>Anwohner und Passanten in Kempten (<a href=\"https:\/\/www.bild.de\/regional\/bayern\/home-F0nY8r5b4CmXLAXAmTuS\" class=\"text-link\" rel=\"nofollow noopener\" target=\"_blank\">Bayern<\/a>) wurden zun\u00e4chst nicht am Vormittag aufgefordert, die Innenstadt zu meiden. Gleichzeitig gab die Polizei gegen\u00fcber BILD an, dass f\u00fcr die Bev\u00f6lkerung keine Gefahr bestehe. Am fr\u00fchen Nachmittag kam dann die Entwarnung: \u201eWir haben eine Person festgenommen\u201c, sagte eine Polizeisprecherin zu BILD. Verletzt wurde bei dem Einsatz niemand.<\/p>\n<p>Entwarnung am Nachmittag<\/p>\n<p>Zu dem Gro\u00dfeinsatz kam es, als der 35-j\u00e4hrige Deutsche bei einer gerichtlichen Vollstreckungsma\u00dfnahme einen Gerichtsvollzieher und die unterst\u00fctzenden Polizeibeamten bedroht hatte. Daraufhin verlegte die <a href=\"https:\/\/www.bild.de\/regional\/aktuelles\/polizei\/polizeieinsatz-alle-infos-76681760.bild.html\" class=\"text-link\" rel=\"nofollow noopener\" target=\"_blank\">Polizei<\/a> eine gr\u00f6\u00dfere Zahl an Einsatzkr\u00e4ften in die Sonthofener Innenstadt. Die Beamten sperrten auch den Bereich in der Hirschstra\u00dfe und dem Spitalplatz weitr\u00e4umig ab. \u201eWir sind mit einem Gro\u00dfaufgebot an Polizeikr\u00e4ften vor Ort\u201c, hie\u00df es von der Polizei weiter. Beamte waren mit Maschinenpistolen bewaffnet und trugen zus\u00e4tzliche Schutzausr\u00fcstung.<\/p>\n<p>Wegen \u201eBedrohungslage\u201c in Sonthofen: Polizei riegelt Innenstadt ab<a class=\"anchor video-teaser__anchor\" href=\"https:\/\/www.bild.de\/politik\/inland\/wegen-bedrohungslage-in-sonthofen-polizei-riegelt-innenstadt-ab-6985e25dad1f115725ecec66\" rel=\"nofollow noopener\" target=\"_blank\"><img decoding=\"async\" width=\"992\" height=\"558\" alt=\"\" src=\"https:\/\/www.europesays.com\/de\/wp-content\/uploads\/2026\/02\/8012008607cf7829ace66d6ecc02dbfb,1330693c.jpeg\"   class=\"landscape teaser__image\" loading=\"lazy\"\/><\/a><\/p>\n<p>Quelle: Markus Dorer06.02.2026<\/p>\n<p>Kr\u00e4fte eines <a href=\"https:\/\/www.bild.de\/themen\/organisationen\/spezialeinsatzkommando\/politik-nachrichten-news-fotos-videos-02-42509142.bild.html\" class=\"text-link\" rel=\"nofollow noopener\" target=\"_blank\">Spezialeinsatzkommandos<\/a> (SEK), die mit Schildern und Helmen ausger\u00fcstet waren, konnten am fr\u00fchen Nachmittag die Wohnung des Mannes st\u00fcrmen und ihn widerstandslos festnehmen. Die Spezialkr\u00e4fte fanden bei dem Mann Bogensportausr\u00fcstung sowie Hieb- und Stichwaffen und stellten diese sicher. Der Mann wurde in einer Fachklinik untergebracht.<\/p>\n<p>Am Nachmittag wurde der Einsatz, der gegen 10 Uhr gestartet war, nach und nach zur\u00fcckgefahren. Dabei wurde auch die Sperrung der Innenstadt aufgehoben.<\/p>\n","protected":false},"excerpt":{"rendered":"TTS-Player \u00fcberspringen\u21b5Artikel weiterlesen Sonthofen (Bayern) \u2013 Gro\u00dfer Polizeieinsatz in der Innenstadt von Sonthofen. Wegen einer Bedrohungslage hatte die&hellip;\n","protected":false},"author":2,"featured_media":776460,"comment_status":"","ping_status":"","sticky":false,"template":"","format":"standard","meta":{"footnotes":"","_share_on_mastodon":"0"},"categories":[2],"tags":[772,41,1737,1738,29,588,1736,30,13,14,15,121,12,74768,138370,45,10,8,9,11],"class_list":["post-776756","post","type-post","status-publish","format-standard","has-post-thumbnail","category-deutschland","tag-bayern","tag-bedrohung","tag-breaking-news","tag-desk-delta","tag-deutschland","tag-einsatz","tag-fb-instantarticles","tag-germany","tag-headlines","tag-nachrichten","tag-news","tag-polizei","tag-schlagzeilen","tag-sonthofen","tag-team-first","tag-texttospeech","tag-top-news","tag-top-meldungen","tag-topmeldungen","tag-topnews"],"share_on_mastodon":{"url":"https:\/\/pubeurope.com\/@de\/116024409120112611","error":""},"_links":{"self":[{"href":"https:\/\/www.europesays.com\/de\/wp-json\/wp\/v2\/posts\/776756","targetHints":{"allow":["GET"]}}],"collection":[{"href":"https:\/\/www.europesays.com\/de\/wp-json\/wp\/v2\/posts"}],"about":[{"href":"https:\/\/www.europesays.com\/de\/wp-json\/wp\/v2\/types\/post"}],"author":[{"embeddable":true,"href":"https:\/\/www.europesays.com\/de\/wp-json\/wp\/v2\/users\/2"}],"replies":[{"embeddable":true,"href":"https:\/\/www.europesays.com\/de\/wp-json\/wp\/v2\/comments?post=776756"}],"version-history":[{"count":0,"href":"https:\/\/www.europesays.com\/de\/wp-json\/wp\/v2\/posts\/776756\/revisions"}],"wp:featuredmedia":[{"embeddable":true,"href":"https:\/\/www.europesays.com\/de\/wp-json\/wp\/v2\/media\/776460"}],"wp:attachment":[{"href":"https:\/\/www.europesays.com\/de\/wp-json\/wp\/v2\/media?parent=776756"}],"wp:term":[{"taxonomy":"category","embeddable":true,"href":"https:\/\/www.europesays.com\/de\/wp-json\/wp\/v2\/categories?post=776756"},{"taxonomy":"post_tag","embeddable":true,"href":"https:\/\/www.europesays.com\/de\/wp-json\/wp\/v2\/tags?post=776756"}],"curies":[{"name":"wp","href":"https:\/\/api.w.org\/{rel}","templated":true}]}}