{"id":776949,"date":"2026-02-06T17:15:13","date_gmt":"2026-02-06T17:15:13","guid":{"rendered":"https:\/\/www.europesays.com\/de\/776949\/"},"modified":"2026-02-06T17:15:13","modified_gmt":"2026-02-06T17:15:13","slug":"eu-gegenzoelle-im-handelsstreit-mit-usa-weiter-auf-eis-jetzt-bis-august","status":"publish","type":"post","link":"https:\/\/www.europesays.com\/de\/776949\/","title":{"rendered":"EU-Gegenz\u00f6lle im Handelsstreit mit USA weiter auf Eis &#8211; jetzt bis August"},"content":{"rendered":"<p>Br\u00fcssel, 06. Feb (Reuters) &#8211; Die Europ\u00e4ische Union setzt Z\u00f6lle auf US-Importe im Wert von 93 Milliarden Euro f\u00fcr weitere sechs Monate aus. Das geht aus einer Mitteilung im EU-Amtsblatt hervor. Die Aussetzung gilt vom 7. Februar bis einschlie\u00dflich 6. August. Die EU-Kommission werde sie mit Blick auf die weitere Entwicklung in den Handelsbeziehungen zu den USA \u00fcberpr\u00fcfen und k\u00f6nne weitere Ma\u00dfnahmen ergreifen.<\/p>\n<p>\n              Die EU hatte die Gegenma\u00dfnahmen Anfang des Jahres als Reaktion auf Drohungen von US-Pr\u00e4sident Donald Trump erwogen. Dieser hatte wegen seines Anspruchs auf Gr\u00f6nland Z\u00f6lle gegen acht europ\u00e4ische Staaten angedroht, von denen sechs der EU angeh\u00f6ren. Trump lenkte jedoch sp\u00e4ter ein und zog die Drohungen zur\u00fcck. Das Ma\u00dfnahmenpaket, das auf eine Reihe von US-Waren von Mais \u00fcber Geschirrsp\u00fcler bis hin zu Motorr\u00e4dern zielt, war bereits vor dem Handelsabkommen zwischen der EU und den USA Ende Juli 2025 vorbereitet worden. Es wurde dann aber f\u00fcr sechs Monate ausgesetzt. Diese Frist w\u00e4re am Samstag abgelaufen.<\/p>\n<p>\n              Der Handelsdeal zwischen der EU und den USA sichert den Vereinigten Staaten deutliche Vorteile. Die EU verhinderte damit zumindest einen Handelskrieg, der zu noch gr\u00f6\u00dferen Belastungen gef\u00fchrt h\u00e4tte. Das Abkommen ist aber immer noch nicht umgesetzt, weil es im EU-Parlament umstritten ist. Diese Woche wurde bekannt, dass das Parlament die Arbeiten zur Umsetzung wieder aufnimmt. Sie waren wegen Trumps Gr\u00f6nland-Drohungen ausgesetzt worden. <\/p>\n<p> (Bericht von Philip Blenkinsop, geschrieben von Christian Kr\u00e4mer. Redigiert von Hans BusemannBei R\u00fcckfragen wenden Sie sich an unsere Redaktion unter berlin.newsroom@thomsonreuters.com  (f\u00fcr Politik und Konjunktur) oder frankfurt.newsroom@thomsonreuters.com  (f\u00fcr Unternehmen und M\u00e4rkte).)<\/p>\n","protected":false},"excerpt":{"rendered":"Br\u00fcssel, 06. Feb (Reuters) &#8211; Die Europ\u00e4ische Union setzt Z\u00f6lle auf US-Importe im Wert von 93 Milliarden Euro&hellip;\n","protected":false},"author":2,"featured_media":776950,"comment_status":"","ping_status":"","sticky":false,"template":"","format":"standard","meta":{"footnotes":"","_share_on_mastodon":"0"},"categories":[3977],"tags":[331,332,665,13,14,15,12,4017,4018,4016,64,4019,4020],"class_list":["post-776949","post","type-post","status-publish","format-standard","has-post-thumbnail","category-usa","tag-aktuelle-nachrichten","tag-aktuelle-news","tag-boerse","tag-headlines","tag-nachrichten","tag-news","tag-schlagzeilen","tag-united-states","tag-united-states-of-america","tag-us","tag-usa","tag-vereinigte-staaten","tag-vereinigte-staaten-von-amerika"],"share_on_mastodon":{"url":"https:\/\/pubeurope.com\/@de\/116024818144008814","error":""},"_links":{"self":[{"href":"https:\/\/www.europesays.com\/de\/wp-json\/wp\/v2\/posts\/776949","targetHints":{"allow":["GET"]}}],"collection":[{"href":"https:\/\/www.europesays.com\/de\/wp-json\/wp\/v2\/posts"}],"about":[{"href":"https:\/\/www.europesays.com\/de\/wp-json\/wp\/v2\/types\/post"}],"author":[{"embeddable":true,"href":"https:\/\/www.europesays.com\/de\/wp-json\/wp\/v2\/users\/2"}],"replies":[{"embeddable":true,"href":"https:\/\/www.europesays.com\/de\/wp-json\/wp\/v2\/comments?post=776949"}],"version-history":[{"count":0,"href":"https:\/\/www.europesays.com\/de\/wp-json\/wp\/v2\/posts\/776949\/revisions"}],"wp:featuredmedia":[{"embeddable":true,"href":"https:\/\/www.europesays.com\/de\/wp-json\/wp\/v2\/media\/776950"}],"wp:attachment":[{"href":"https:\/\/www.europesays.com\/de\/wp-json\/wp\/v2\/media?parent=776949"}],"wp:term":[{"taxonomy":"category","embeddable":true,"href":"https:\/\/www.europesays.com\/de\/wp-json\/wp\/v2\/categories?post=776949"},{"taxonomy":"post_tag","embeddable":true,"href":"https:\/\/www.europesays.com\/de\/wp-json\/wp\/v2\/tags?post=776949"}],"curies":[{"name":"wp","href":"https:\/\/api.w.org\/{rel}","templated":true}]}}