{"id":776999,"date":"2026-02-06T17:41:22","date_gmt":"2026-02-06T17:41:22","guid":{"rendered":"https:\/\/www.europesays.com\/de\/776999\/"},"modified":"2026-02-06T17:41:22","modified_gmt":"2026-02-06T17:41:22","slug":"drei-junge-frauen-sind-chefin-in-handwerksbetrieben","status":"publish","type":"post","link":"https:\/\/www.europesays.com\/de\/776999\/","title":{"rendered":"Drei junge Frauen sind Chefin in Handwerksbetrieben"},"content":{"rendered":"<p class=\"text_ohne_einzug richtext text-em-55 !leading-serif mx-6 desktop:mx-0\"> Diese drei jungen Frauen haben gleich mehrere Dinge gemeinsam: Sie nehmen in bekannten D\u00fcsseldorfer Handwerksbetrieben F\u00fchrungsrollen ein. Sie sind au\u00dferdem alle in Unterbach gro\u00dfgeworden, haben dort die Grundschule besucht, ehe sie das d\u00f6rfliche Leben gegen die Karriere in der Gro\u00dfstadt eintauschen wollten \u2013 um dann doch wieder in gewisser Weise zu ihren Wurzeln zur\u00fcckzukehren. Denn bevor Hannah Seelhorst, Franziska Wassen und Katharina Sonnen jeweils in den elterlichen Familienbetrieb eingestiegen sind, schien ihr Weg eigentlich in eine andere Richtung zu gehen. Aber der Reihe nach.<\/p>\n","protected":false},"excerpt":{"rendered":"Diese drei jungen Frauen haben gleich mehrere Dinge gemeinsam: Sie nehmen in bekannten D\u00fcsseldorfer Handwerksbetrieben F\u00fchrungsrollen ein. Sie&hellip;\n","protected":false},"author":2,"featured_media":777000,"comment_status":"","ping_status":"","sticky":false,"template":"","format":"standard","meta":{"footnotes":"","_share_on_mastodon":"0"},"categories":[1831],"tags":[3364,29,3405,30,617,152989,1209,175990,26611],"class_list":["post-776999","post","type-post","status-publish","format-standard","has-post-thumbnail","category-duesseldorf","tag-de","tag-deutschland","tag-duesseldorf","tag-germany","tag-handwerk","tag-handwerksbetrieben","tag-nordrhein-westfalen","tag-seelhorst","tag-unterbach"],"share_on_mastodon":{"url":"https:\/\/pubeurope.com\/@de\/116024920330361815","error":""},"_links":{"self":[{"href":"https:\/\/www.europesays.com\/de\/wp-json\/wp\/v2\/posts\/776999","targetHints":{"allow":["GET"]}}],"collection":[{"href":"https:\/\/www.europesays.com\/de\/wp-json\/wp\/v2\/posts"}],"about":[{"href":"https:\/\/www.europesays.com\/de\/wp-json\/wp\/v2\/types\/post"}],"author":[{"embeddable":true,"href":"https:\/\/www.europesays.com\/de\/wp-json\/wp\/v2\/users\/2"}],"replies":[{"embeddable":true,"href":"https:\/\/www.europesays.com\/de\/wp-json\/wp\/v2\/comments?post=776999"}],"version-history":[{"count":0,"href":"https:\/\/www.europesays.com\/de\/wp-json\/wp\/v2\/posts\/776999\/revisions"}],"wp:featuredmedia":[{"embeddable":true,"href":"https:\/\/www.europesays.com\/de\/wp-json\/wp\/v2\/media\/777000"}],"wp:attachment":[{"href":"https:\/\/www.europesays.com\/de\/wp-json\/wp\/v2\/media?parent=776999"}],"wp:term":[{"taxonomy":"category","embeddable":true,"href":"https:\/\/www.europesays.com\/de\/wp-json\/wp\/v2\/categories?post=776999"},{"taxonomy":"post_tag","embeddable":true,"href":"https:\/\/www.europesays.com\/de\/wp-json\/wp\/v2\/tags?post=776999"}],"curies":[{"name":"wp","href":"https:\/\/api.w.org\/{rel}","templated":true}]}}