{"id":777040,"date":"2026-02-06T18:03:13","date_gmt":"2026-02-06T18:03:13","guid":{"rendered":"https:\/\/www.europesays.com\/de\/777040\/"},"modified":"2026-02-06T18:03:13","modified_gmt":"2026-02-06T18:03:13","slug":"neue-shows-in-uber-arena-tickets-ab-heute","status":"publish","type":"post","link":"https:\/\/www.europesays.com\/de\/777040\/","title":{"rendered":"Neue Shows in Uber Arena \u2013 Tickets ab heute"},"content":{"rendered":"<p>Tickets bald erh\u00e4ltlich <\/p>\n<p>Nach Mega-Tour: Apache 207 k\u00fcndigt Zusatzkonzerte an<\/p>\n<p>Aktualisiert am 06.02.2026 &#8211; 12:48 UhrLesedauer: 2 Min.<\/p>\n<p><a href=\"#focus-0\" class=\"transition-colors duration-200 block text-current relative\" data-sctrack=\"FocusGalleryImage.Reference\"><img fetchpriority=\"high\" data-testid=\"Opener.Image\" style=\"--lqipURL:url('https:\/\/images.t-online.de\/2026\/02\/1OvRB88qsRJa\/0x209:4000x2250\/fit-in\/150x0\/filters:blur(25)\/apache207-archivbild-er-kommt-fuer-zwei-weitere-konzerte-nach-deutschland.jpg')\"   loading=\"eager\" src=\"https:\/\/www.europesays.com\/de\/wp-content\/uploads\/2026\/02\/apache207-archivbild-er-kommt-fuer-zwei-weitere-konzerte-nach-deutschland.jpg\" alt=\"Apache207 (Archivbild): Er kommt f\u00fcr zwei weitere Konzerte nach Deutschland.\" title=\"Apache207 (Archivbild): Er kommt f\u00fcr zwei weitere Konzerte nach Deutschland.\" width=\"4000\" height=\"2250\" class=\"bg-[url:var(--lqipURL)] bg-cover bg-center flex h-full w-full max-w-full\" decoding=\"async\"\/><img style=\"--width:32;--height:32\" loading=\"lazy\" src=\"https:\/\/berlin.t-online.de\/s\/paper\/_next\/static\/media\/zoom-in.f7dae02f.svg\" alt=\"Vergr\u00f6\u00dfern des Bildes\" title=\"Vergr\u00f6\u00dfern des Bildes\" class=\"block h-[calc(var(--height)_\/_16_*_1rem)] w-[calc(var(--width)_\/_16_*_1rem)] max-w-none absolute bottom-8 right-8 rounded-4 bg-snow p-8\" decoding=\"async\"\/><\/a><\/p>\n<p>Apache 207 (Archivbild): Er kommt f\u00fcr zwei weitere Konzerte nach Deutschland. (Quelle: IMAGO\/BOBO)<\/p>\n<p class=\"font-bold text-18 leading-17\">Apache 207 ist einer der beliebtesten und erfolgreichsten Rapper Deutschlands. Nun k\u00fcndigt er Zusatzkonzerte an \u2013 auch Berlin ist mit dabei.<\/p>\n<p class=\"text-18 leading-17\">Der Rapper Apache 207 hat zwei Zusatzkonzerte f\u00fcr Berlin angek\u00fcndigt. Wie er in den sozialen Medien bekannt gab, spielt er am 15. und 16. September 2026 zwei weitere Shows in der Uber Arena. Tickets gehen am Freitag (6. Februar) um 15 Uhr in den Vorverkauf.<\/p>\n<p class=\"text-18 leading-17\">Neben Berlin spielt er in der ZAG-Arena in Hannover (11. und 12. September 2026), in der Schleyer-Halle in Stuttgart (18. und 19. September 2026), in der SAP-Arena in Mannheim (22. und 23. September 2026), in der Festhalle in Frankfurt (26. September 2026) in der Olympiahalle in M\u00fcnchen (1. und 2. Oktober 2026), in der Lanxess Arena in K\u00f6ln (5. und 6. Oktober 2026) im PSD Domer in D\u00fcsseldorf (9. Oktober 2026) sowie in der Barclays Arena in Hamburg (11. und 12. Oktober 2026).<\/p>\n<p class=\"text-18 leading-17\">Fans des erfolgreichen Musikers wissen: Wer Konzertkarten will, muss schnell sein. Die letzte Tournee war schnell restlos ausverkauft.<\/p>\n<p class=\"text-18 leading-17\">Apache 207, der b\u00fcrgerlich Volkan Yaman hei\u00dft, geh\u00f6rt zu den beliebtesten Rappern Deutschlands. Sein Hit &#8222;Roller&#8220; l\u00f6ste einen Hype aus und katapultierte ihn 2019 an die Spitze der Charts. Gro\u00dfen Erfolg hatte er auch zusammen mit Udo Lindenberg und ihrem gemeinsamen Song &#8222;Komet&#8220;. Die Single hielt sich 21 Wochen auf Platz 1 der deutschen Charts. Der geb\u00fcrtige Mannheimer ist in Ludwigshafen-Gartenstadt aufgewachsen.<\/p>\n","protected":false},"excerpt":{"rendered":"Tickets bald erh\u00e4ltlich Nach Mega-Tour: Apache 207 k\u00fcndigt Zusatzkonzerte an Aktualisiert am 06.02.2026 &#8211; 12:48 UhrLesedauer: 2 Min.&hellip;\n","protected":false},"author":2,"featured_media":777041,"comment_status":"","ping_status":"","sticky":false,"template":"","format":"standard","meta":{"footnotes":"","_share_on_mastodon":"0"},"categories":[1772],"tags":[49008,296,29,214,30,1779,810,1433,293,215,38613],"class_list":["post-777040","post","type-post","status-publish","format-standard","has-post-thumbnail","category-musik","tag-apache-207","tag-berlin","tag-deutschland","tag-entertainment","tag-germany","tag-music","tag-musik","tag-oesterreich","tag-schweiz","tag-unterhaltung","tag-zusatzkonzert"],"share_on_mastodon":{"url":"https:\/\/pubeurope.com\/@de\/116025006849568179","error":""},"_links":{"self":[{"href":"https:\/\/www.europesays.com\/de\/wp-json\/wp\/v2\/posts\/777040","targetHints":{"allow":["GET"]}}],"collection":[{"href":"https:\/\/www.europesays.com\/de\/wp-json\/wp\/v2\/posts"}],"about":[{"href":"https:\/\/www.europesays.com\/de\/wp-json\/wp\/v2\/types\/post"}],"author":[{"embeddable":true,"href":"https:\/\/www.europesays.com\/de\/wp-json\/wp\/v2\/users\/2"}],"replies":[{"embeddable":true,"href":"https:\/\/www.europesays.com\/de\/wp-json\/wp\/v2\/comments?post=777040"}],"version-history":[{"count":0,"href":"https:\/\/www.europesays.com\/de\/wp-json\/wp\/v2\/posts\/777040\/revisions"}],"wp:featuredmedia":[{"embeddable":true,"href":"https:\/\/www.europesays.com\/de\/wp-json\/wp\/v2\/media\/777041"}],"wp:attachment":[{"href":"https:\/\/www.europesays.com\/de\/wp-json\/wp\/v2\/media?parent=777040"}],"wp:term":[{"taxonomy":"category","embeddable":true,"href":"https:\/\/www.europesays.com\/de\/wp-json\/wp\/v2\/categories?post=777040"},{"taxonomy":"post_tag","embeddable":true,"href":"https:\/\/www.europesays.com\/de\/wp-json\/wp\/v2\/tags?post=777040"}],"curies":[{"name":"wp","href":"https:\/\/api.w.org\/{rel}","templated":true}]}}