{"id":777088,"date":"2026-02-06T18:29:12","date_gmt":"2026-02-06T18:29:12","guid":{"rendered":"https:\/\/www.europesays.com\/de\/777088\/"},"modified":"2026-02-06T18:29:12","modified_gmt":"2026-02-06T18:29:12","slug":"bad-vilbel-soenke-wortmann-ich-kann-auch-flops","status":"publish","type":"post","link":"https:\/\/www.europesays.com\/de\/777088\/","title":{"rendered":"Bad Vilbel | S\u00f6nke Wortmann: \u00abIch kann auch Flops\u00bb"},"content":{"rendered":"<p>Bad Vilbel (dpa) &#8211; Regisseur S\u00f6nke Wortmann sieht beim Filmemachen viele Parallelen zum Fu\u00dfball. \u00abFilm ist ein Mannschaftssport, es sind \u00e4hnliche Mechanismen. Alleine schaffst du es nicht, nur gemeinsam kriegst du es hin\u00bb, sagte er im Interview mit Moderatorin Silvia Stenger in der Sendung \u00abSilvia am Sonntag \u2013 der Talk\u00bb des privaten Radiosenders Hit Radio FFH.\u00a0<\/p>\n<p>Er liebe beim Film die Teamarbeit. \u00abIch wusste immer, was ich nicht kann. Meine Schw\u00e4chen sind technischer Art: Lichtgestaltung, Ton. Aber daf\u00fcr habe ich Leute, die das sehr gut k\u00f6nnen. Ich kann sehr gut loslassen. Ich bin kein Kontrollfreak.\u00bb<\/p>\n<p>\u00abDas Wunder von Bern\u00bb, \u00abDie P\u00e4pstin\u00bb, \u00abDeutschland. Ein Sommerm\u00e4rchen\u00bb oder \u00abDer bewegte Mann\u00bb: Wortmann hat viele erfolgreiche Kinofilme gemacht. Er kenne aber auch die andere Seite. \u00abIch kann auch Flops\u00bb, sagte er. \u00abEs tut weh, besonders bei einem Film, der einem besonders wichtig ist, aber da muss man durch. Niederlagen geh\u00f6ren dazu \u2013 genau wie im Sport.\u00bb<\/p>\n<p>Am 12. Februar kommt Wortmanns neuer Film \u00abDie \u00c4lteren\u00bb in die Kinos. Vorlage ist der gleichnamige Roman von \u00abPubertier\u00bb-Autor Jan Weiler.<\/p>\n","protected":false},"excerpt":{"rendered":"Bad Vilbel (dpa) &#8211; Regisseur S\u00f6nke Wortmann sieht beim Filmemachen viele Parallelen zum Fu\u00dfball. \u00abFilm ist ein Mannschaftssport,&hellip;\n","protected":false},"author":2,"featured_media":777089,"comment_status":"","ping_status":"","sticky":false,"template":"","format":"standard","meta":{"footnotes":"","_share_on_mastodon":"0"},"categories":[1841],"tags":[1605,3364,29,92,30,2052,2549,1209],"class_list":["post-777088","post","type-post","status-publish","format-standard","has-post-thumbnail","category-bielefeld","tag-bielefeld","tag-de","tag-deutschland","tag-film","tag-germany","tag-hessen","tag-leute","tag-nordrhein-westfalen"],"share_on_mastodon":{"url":"https:\/\/pubeurope.com\/@de\/116025108958368534","error":""},"_links":{"self":[{"href":"https:\/\/www.europesays.com\/de\/wp-json\/wp\/v2\/posts\/777088","targetHints":{"allow":["GET"]}}],"collection":[{"href":"https:\/\/www.europesays.com\/de\/wp-json\/wp\/v2\/posts"}],"about":[{"href":"https:\/\/www.europesays.com\/de\/wp-json\/wp\/v2\/types\/post"}],"author":[{"embeddable":true,"href":"https:\/\/www.europesays.com\/de\/wp-json\/wp\/v2\/users\/2"}],"replies":[{"embeddable":true,"href":"https:\/\/www.europesays.com\/de\/wp-json\/wp\/v2\/comments?post=777088"}],"version-history":[{"count":0,"href":"https:\/\/www.europesays.com\/de\/wp-json\/wp\/v2\/posts\/777088\/revisions"}],"wp:featuredmedia":[{"embeddable":true,"href":"https:\/\/www.europesays.com\/de\/wp-json\/wp\/v2\/media\/777089"}],"wp:attachment":[{"href":"https:\/\/www.europesays.com\/de\/wp-json\/wp\/v2\/media?parent=777088"}],"wp:term":[{"taxonomy":"category","embeddable":true,"href":"https:\/\/www.europesays.com\/de\/wp-json\/wp\/v2\/categories?post=777088"},{"taxonomy":"post_tag","embeddable":true,"href":"https:\/\/www.europesays.com\/de\/wp-json\/wp\/v2\/tags?post=777088"}],"curies":[{"name":"wp","href":"https:\/\/api.w.org\/{rel}","templated":true}]}}