{"id":777094,"date":"2026-02-06T18:32:16","date_gmt":"2026-02-06T18:32:16","guid":{"rendered":"https:\/\/www.europesays.com\/de\/777094\/"},"modified":"2026-02-06T18:32:16","modified_gmt":"2026-02-06T18:32:16","slug":"polizei-zieht-zwei-e-scooter-aus-dem-verkehr","status":"publish","type":"post","link":"https:\/\/www.europesays.com\/de\/777094\/","title":{"rendered":"Polizei zieht zwei E-Scooter aus dem Verkehr"},"content":{"rendered":"<p>                <img loading=\"lazy\" decoding=\"async\" class=\"article__image__img\"   src=\"https:\/\/www.europesays.com\/de\/wp-content\/uploads\/2026\/02\/600df3a5aa78398211ea6e51d9772c2c.jpg\" width=\"812\" height=\"541\" alt=\"Der manipulierte E-Scooter.\"\/><\/p>\n<p>                    Foto:<br \/>\n                    Polizei Bochum                <\/p>\n<p>                    Der manipulierte E-Scooter.                <\/p>\n<p>\n    Beide Fahrer fuhren durch Manipulation mit \u00fcberh\u00f6hter Geschwindigkeit\n<\/p>\n<p>Polizei zieht zwei E-Scooter aus dem Verkehr<\/p>\n<p class=\"article__paragraph\">Bochum\/Herne. \u201eSportlich unterwegs\u201c war ein E-Roller-Fahrer, auf den Polizeibeamte der Verkehrsdienstgruppe 1 am Donnerstag (5.2.2026, gegen 10.05 Uhr) in Bochum aufmerksam wurden. Der Fahrer, ein 17-j\u00e4hriger Bochumer, kam aus einem Wohngebiet in Wiemelhausen und beschleunigte sein Fahrzeug auf der Universit\u00e4tsstra\u00dfe, so dass er bei seiner Fahrt auf dem Radweg mit dem dortigen Autoverkehr mithalten konnte.<\/p>\n<p><a class=\"article__banner__link\" href=\"https:\/\/www.halloherne.de\/out\/blink\/1193\" target=\"blank\" rel=\"nofollow noopener\"><br \/>\n    <img loading=\"lazy\" decoding=\"async\" class=\"article__banner__image\" width=\"470\" height=\"210\" src=\"https:\/\/www.europesays.com\/de\/wp-content\/uploads\/2026\/01\/e6d9b793698ca9a993c7a08868f6a0dc.png\" alt=\"Anzeige: Emschertal Berufskolleg Ingenieur 2026\"\/><br \/>\n<\/a><\/p>\n<p class=\"article__paragraph\">Da das Beschleunigungsverhalten und auch die erreichte Endgeschwindigkeit augenscheinlich mit den Vorgaben der Verordnung zu Elektrokleinstfahrzeugen nicht \u00fcbereinstimmten, wurde der Fahrer angehalten und kontrolliert. Dieser gab sich ahnungslos und gab an, eigentlich nie auf den Tacho zu achten. Das Fahrzeug wurde sichergestellt und technisch \u00fcberpr\u00fcft. Ein Kraftfahrzeugtechniker stellte fest, dass die Software des Rollers manipuliert worden war. So konnte eine Geschwindigkeit von 53 km\/h erreicht werden. Durch die Ver\u00e4nderung ist die Betriebserlaubnis des Fahrzeuges erloschen und den jungen Mann erwartet jetzt ein Strafverfahren, da der Roller, der sonst f\u00fchrerscheinfrei mit 14 Jahren gefahren werden darf, f\u00fchrerscheinpflichtig geworden ist.<\/p>\n<p class=\"article__paragraph\">Dieser Fall war in den vergangenen Tagen jedoch nicht der einzige. Bereits am 29. Januar 2026 gegen 11.45 Uhr wurde ein 27-j\u00e4hriger Bochumer in Herne auff\u00e4llig. Dieser \u00fcberholte mit seinem Elektro-Scooter \u00fcber den Radweg die Fahrzeuge, die mit 50 km\/h auf der Fahrbahn fuhren. Der Fahrer &#8211; ebenfalls nicht im Besitz einer Fahrerlaubnis, daf\u00fcr aber unter dem Einfluss von Cannabis &#8211; hatte den Roller gebraucht gekauft. Die technische \u00dcberpr\u00fcfung ergab, dass das Fahrzeug eine Geschwindigkeit von mehr als 80 km\/h erreicht. Das ist nicht nur schnell, sondern auch lebensgef\u00e4hrlich. Auch auf diesen Fahrer kommt ein Strafverfahren zu.<\/p>\n<p><a class=\"article__banner__link\" href=\"https:\/\/www.halloherne.de\/out\/blink\/1194\" target=\"blank\" rel=\"nofollow noopener\"><br \/>\n    <img loading=\"lazy\" decoding=\"async\" class=\"article__banner__image\" width=\"470\" height=\"210\" src=\"https:\/\/www.europesays.com\/de\/wp-content\/uploads\/2026\/02\/0673d062c36f2fc891775ee1ac0b81b4.png\" alt=\"Anzeige: Sparkasse - ubiMaster\"\/><br \/>\n<\/a><\/p>\n<p class=\"article__paragraph\">Das Stra\u00dfenverkehrsamt bekommt Kenntnis \u00fcber die Sachverhalte &#8211; was sich auf den zuk\u00fcnftigen Erwerb einer Fahrerlaubnis auswirken kann. Und auch unabh\u00e4ngig von den strafrechtlichen Sanktionen, sollte man sich dar\u00fcber im Klaren sein, dass die Fahrzeuge nicht f\u00fcr solche Geschwindigkeiten ausgelegt sind. Eine Gefahr f\u00fcr sich, eine Gefahr f\u00fcr andere<\/p>\n<p>\n    Freitag, 6. Februar 2026<br \/>\n         | Quelle: Polizei Bochum<\/p>\n","protected":false},"excerpt":{"rendered":"Foto: Polizei Bochum Der manipulierte E-Scooter. Beide Fahrer fuhren durch Manipulation mit \u00fcberh\u00f6hter Geschwindigkeit Polizei zieht zwei E-Scooter&hellip;\n","protected":false},"author":2,"featured_media":777095,"comment_status":"","ping_status":"","sticky":false,"template":"","format":"standard","meta":{"footnotes":"","_share_on_mastodon":"0"},"categories":[1839],"tags":[7507,3364,29,30,1209],"class_list":["post-777094","post","type-post","status-publish","format-standard","has-post-thumbnail","category-bochum","tag-bochum","tag-de","tag-deutschland","tag-germany","tag-nordrhein-westfalen"],"share_on_mastodon":{"url":"https:\/\/pubeurope.com\/@de\/116025120981828572","error":""},"_links":{"self":[{"href":"https:\/\/www.europesays.com\/de\/wp-json\/wp\/v2\/posts\/777094","targetHints":{"allow":["GET"]}}],"collection":[{"href":"https:\/\/www.europesays.com\/de\/wp-json\/wp\/v2\/posts"}],"about":[{"href":"https:\/\/www.europesays.com\/de\/wp-json\/wp\/v2\/types\/post"}],"author":[{"embeddable":true,"href":"https:\/\/www.europesays.com\/de\/wp-json\/wp\/v2\/users\/2"}],"replies":[{"embeddable":true,"href":"https:\/\/www.europesays.com\/de\/wp-json\/wp\/v2\/comments?post=777094"}],"version-history":[{"count":0,"href":"https:\/\/www.europesays.com\/de\/wp-json\/wp\/v2\/posts\/777094\/revisions"}],"wp:featuredmedia":[{"embeddable":true,"href":"https:\/\/www.europesays.com\/de\/wp-json\/wp\/v2\/media\/777095"}],"wp:attachment":[{"href":"https:\/\/www.europesays.com\/de\/wp-json\/wp\/v2\/media?parent=777094"}],"wp:term":[{"taxonomy":"category","embeddable":true,"href":"https:\/\/www.europesays.com\/de\/wp-json\/wp\/v2\/categories?post=777094"},{"taxonomy":"post_tag","embeddable":true,"href":"https:\/\/www.europesays.com\/de\/wp-json\/wp\/v2\/tags?post=777094"}],"curies":[{"name":"wp","href":"https:\/\/api.w.org\/{rel}","templated":true}]}}