{"id":777096,"date":"2026-02-06T18:33:31","date_gmt":"2026-02-06T18:33:31","guid":{"rendered":"https:\/\/www.europesays.com\/de\/777096\/"},"modified":"2026-02-06T18:33:31","modified_gmt":"2026-02-06T18:33:31","slug":"sommer-abgang-ploetzlich-wichtig-im-rennen-um-die-champions-league","status":"publish","type":"post","link":"https:\/\/www.europesays.com\/de\/777096\/","title":{"rendered":"Sommer-Abgang pl\u00f6tzlich wichtig im Rennen um die Champions League"},"content":{"rendered":"<p class=\"expressive-copy-lg-body\">Nach seinem Abgang vom <a href=\"https:\/\/www.waz.de\/sport\/vfl-bochum\" rel=\"nofollow noopener\" target=\"_blank\">VfL Bochum<\/a> im Sommer ist Tim Oermann zun\u00e4chst von der Bildfl\u00e4che verschwunden. Der junge Innenverteidiger wurde nach seinem <a href=\"https:\/\/www.waz.de\/sport\/vfl-bochum\/article410428568\/vfl-bochum-hohn-und-spott-fuer-broschinski-comeback-von-daschner.html\" data-category-full-path=\"https:\/\/www.waz.de\/sport\/vfl-bochum\/\" data-paid-status=\"free\" data-article-publish-date=\"1762939320\" rel=\"nofollow noopener\" target=\"_blank\">Wechsel zu Bayer Leverkusen an Sturm Graz ausgeliehen<\/a>, sollte sich in \u00d6sterreich weiterentwickeln und im kommenden Sommer gest\u00e4rkt zum Werksklub zur\u00fcckkehren. <\/p>\n<p>            VfL Bochum-Newsletter: Jetzt kostenlos anmelden!<\/p>\n<p>Spielberichte, Transferger\u00fcchte, Analysen, Interviews: Das Wichtigste zum VfL.<\/p>\n<p>            <img decoding=\"async\" src=\"https:\/\/www.europesays.com\/de\/wp-content\/uploads\/2026\/02\/1770310100_947_newsletter-envelope.png\" alt=\"Newsletter Illustration\" class=\"h-full w-full max-w-full object-cover md:max-w-[226px] lg:max-w-[234px]\" loading=\"lazy\"\/><\/p>\n<p>              VfL Bochum-Newsletter: Jetzt kostenlos anmelden!<\/p>\n<p>Spielberichte, Transferger\u00fcchte, Analysen, Interviews: Das Wichtigste zum VfL.<\/p>\n<p>              Mit meiner Anmeldung zum Newsletter stimme ich der<br \/>\n              <a href=\"https:\/\/www.waz.de\/service\/newsletter-adconsent\" class=\"text-copy-accent underline decoration-solid underline-offset-1 hover:text-primary-700\" rel=\"nofollow noopener\" target=\"_blank\">Werbevereinbarung<\/a><br \/>\n              zu.<\/p>\n<p class=\"expressive-copy-lg-body\">Doch es gab eine Plan\u00e4nderung: Oermann ist schon jetzt zur\u00fcck in Leverkusen. Am letzten Tag der Winter-Transferperiode (2. Februar) vermeldete Bayer, dass die Leihe vorzeitig beendet wurde. Und das aus Sicht von Verein und Spieler erfreulichen Gr\u00fcnden: Oermann performte in Graz so stark, dass sein Stammklub schon kurzfristig auf ihn setzen m\u00f6chte. \u201eTim Oermann\u00a0hat sich bei Sturm Graz in k\u00fcrzester Zeit zu einem absoluten Leistungstr\u00e4ger entwickelt und dabei auch international in der Europa League wertvolle Erfahrungen gesammelt\u201c, sagte Gesch\u00e4ftsf\u00fchrer Simon Rolfes. \u201eMit der vorzeitigen Beendigung der\u00a0Leihe\u00a0tragen wir dem Rechnung: Angesichts seiner gro\u00dfen Fortschritte in den vergangenen Monaten kann Tim schon in dieser Saison zu einem wertvollen Spieler f\u00fcr Bayer 04 werden.\u201c<\/p>\n<p>  VfL Bochum: Leverkusen holt Ex-Spieler Tim Oermann vorzeitig zur\u00fcck<\/p>\n<p class=\"expressive-copy-lg-body\">Wie gl\u00fccklich man im Rheinland mit Oermanns Entwicklung ist, zeigt auch, dass die Leverkusener offenbar sogar das Portemonnaie\u00a0z\u00fcckten f\u00fcr die vorzeitige R\u00fcckkehr. Zumindest erkl\u00e4rte der Grazer Sport-Gesch\u00e4ftsf\u00fchrer: \u201eTim Oermann war in den vergangenen Monaten ein wichtiger Teil unserer Mannschaft \u2013 eine vorzeitige Beendigung der Leihe zur Winterpause war urspr\u00fcnglich nicht vorgesehen. Letztlich erreichte das Angebot Leverkusens jedoch eine wirtschaftliche Dimension, die wir nicht unber\u00fccksichtigt lassen konnten.\u201c<\/p>\n<p>\n      Empfohlener externer Inhalt<\/p>\n<p>\n          An dieser Stelle befindet sich ein externer Inhalt von Instagram, der von unserer Redaktion empfohlen wird. Er erg\u00e4nzt den Artikel und kann mit einem Klick angezeigt und<br \/>\n          wieder ausgeblendet werden.\n        <\/p>\n<blockquote class=\"instagram-media\" data-instgrm-captioned=\"\" data-instgrm-permalink=\"https:\/\/www.instagram.com\/p\/DUQ8p2ziM9i\/?utm_source=ig_embed&amp;utm_campaign=loading\" data-instgrm-version=\"14\" style=\" background:#FFF; border:0; border-radius:3px; box-shadow:0 0 1px 0 rgba(0,0,0,0.5),0 1px 10px 0 rgba(0,0,0,0.15); margin: 1px; max-width:540px; min-width:326px; padding:0; width:99.375%; width:-webkit-calc(100% - 2px); width:calc(100% - 2px);\"\/><p><\/p>\n<p>              Ich bin damit einverstanden, dass mir dieser externe Inhalt angezeigt wird. Es k\u00f6nnen dabei personenbezogene Daten an den Anbieter des Inhalts und Drittdienste<br \/>\n              \u00fcbermittelt werden. Mehr dazu in unserer<\/p>\n<p>            <a class=\"underline\" href=\"https:\/\/www.waz.de\/datenschutz\" data-track-v2-eventname=\"pageElement\" data-track-v2-action=\"Click\" data-track-v2-parentposition=\"Content\" data-track-v2-parent=\"Embed Box\" data-track-v2-parentlabel=\"Embed Box Instagram\" data-track-v2-elementstyle=\"Text\" data-track-v2-label=\"Datenschutzerkl\u00e4rung\" data-track-v2-link=\"https:\/\/www.waz.de\/datenschutz\" data-track-v2-track-view=\"\" rel=\"nofollow noopener\" target=\"_blank\">Datenschutzerkl\u00e4rung<\/a>.<\/p>\n<p class=\"expressive-copy-lg-body\">Sein Deb\u00fct f\u00fcr Bayer k\u00f6nnte Oermann bereits an diesem Wochenende feiern. Er geh\u00f6rt zum Kader, wenn Leverkusen am Samstag im Bundesliga-Topspiel bei Borussia M\u00f6nchengladbach gastiert (18.30 Uhr, Sky). \u201eWir haben nat\u00fcrlich viele Videos von ihm gesehen und konnten uns so einen Eindruck machen. Seine ersten Einheiten hier waren sehr gut, es war ein guter Start. Er ist physisch stark und sehr schnell und wird uns in den n\u00e4chsten Monaten verst\u00e4rken\u201c, lobt Trainer Kasper Hjulmand. Oermann soll dem Deutschen Meister von 2024 dabei helfen, den Einzug in die Champions League zu schaffen. Als Tabellensechster liegt Leverkusen derzeit vier Punkte und zwei Pl\u00e4tze hinter Rang vier. <\/p>\n<p>            Mehr News und Infos zum VfL Bochum<\/p>\n<p class=\"expressive-copy-lg-body\">In Graz hatte Oermann sich schnell als Leistungstr\u00e4ger etabliert. Da der Klub in der Europa League vertreten war, gew\u00f6hnte er sich zudem an die h\u00f6he Schlagzahl im Spielkalender, absolvierte viele englische Wochen. Zuletzt stand der geb\u00fcrtige Bochumer vor einer Woche in der Europa League gegen Brann Bergen auf dem Rasen. Es war sein letztes Pflichtspiel f\u00fcr Sturm Graz. <\/p>\n<p class=\"expressive-copy-lg-body\">Oermann <a href=\"https:\/\/www.waz.de\/sport\/vfl-bochum\/article409087924\/vfl-bochum-interesse-an-berkan-taz-tim-oermann-fast-weg.html\" data-category-full-path=\"https:\/\/www.waz.de\/sport\/vfl-bochum\/\" data-paid-status=\"premium\" data-article-publish-date=\"1748178838\" rel=\"nofollow noopener\" target=\"_blank\">war im Sommer f\u00fcr knapp zwei Millionen Euro aus Bochum nach Leverkusen gewechselt<\/a>. Er hatte die Nachwuchsteams des VfL durchlaufen und im Herbst 2022 sein Deb\u00fct f\u00fcr die Profis gefeiert. Insgesamt bestritt er 51 Partien f\u00fcr den Revierklub, <a href=\"https:\/\/www.waz.de\/sport\/vfl-bochum\/article411127270\/live-vfl-bochum-heute-bei-preussen-muenster-haelt-der-aufwaertstrend-der-ticker-zum-zweitliga-duell.html\" data-category-full-path=\"https:\/\/www.waz.de\/sport\/vfl-bochum\/\" data-paid-status=\"free\" data-article-publish-date=\"1770401940\" rel=\"nofollow noopener\" target=\"_blank\">f\u00fcr den am Freitagabend das Zweitliga-Spiel bei Preu\u00dfen M\u00fcnster ansteht<\/a>. Vielleicht schaut ja auch Tim Oermann zu, bevor er am Samstag im Bundesliga-Topspiel f\u00fcr Leverkusen deb\u00fctieren k\u00f6nnte. ea<\/p>\n<p>    <script async src=\"\/\/www.instagram.com\/embed.js\"><\/script><\/p>\n","protected":false},"excerpt":{"rendered":"Nach seinem Abgang vom VfL Bochum im Sommer ist Tim Oermann zun\u00e4chst von der Bildfl\u00e4che verschwunden. Der junge&hellip;\n","protected":false},"author":2,"featured_media":777097,"comment_status":"","ping_status":"","sticky":false,"template":"","format":"standard","meta":{"footnotes":"","_share_on_mastodon":"0"},"categories":[1839],"tags":[7507,3364,29,30,1209],"class_list":["post-777096","post","type-post","status-publish","format-standard","has-post-thumbnail","category-bochum","tag-bochum","tag-de","tag-deutschland","tag-germany","tag-nordrhein-westfalen"],"share_on_mastodon":{"url":"https:\/\/pubeurope.com\/@de\/116025124788941997","error":""},"_links":{"self":[{"href":"https:\/\/www.europesays.com\/de\/wp-json\/wp\/v2\/posts\/777096","targetHints":{"allow":["GET"]}}],"collection":[{"href":"https:\/\/www.europesays.com\/de\/wp-json\/wp\/v2\/posts"}],"about":[{"href":"https:\/\/www.europesays.com\/de\/wp-json\/wp\/v2\/types\/post"}],"author":[{"embeddable":true,"href":"https:\/\/www.europesays.com\/de\/wp-json\/wp\/v2\/users\/2"}],"replies":[{"embeddable":true,"href":"https:\/\/www.europesays.com\/de\/wp-json\/wp\/v2\/comments?post=777096"}],"version-history":[{"count":0,"href":"https:\/\/www.europesays.com\/de\/wp-json\/wp\/v2\/posts\/777096\/revisions"}],"wp:featuredmedia":[{"embeddable":true,"href":"https:\/\/www.europesays.com\/de\/wp-json\/wp\/v2\/media\/777097"}],"wp:attachment":[{"href":"https:\/\/www.europesays.com\/de\/wp-json\/wp\/v2\/media?parent=777096"}],"wp:term":[{"taxonomy":"category","embeddable":true,"href":"https:\/\/www.europesays.com\/de\/wp-json\/wp\/v2\/categories?post=777096"},{"taxonomy":"post_tag","embeddable":true,"href":"https:\/\/www.europesays.com\/de\/wp-json\/wp\/v2\/tags?post=777096"}],"curies":[{"name":"wp","href":"https:\/\/api.w.org\/{rel}","templated":true}]}}