{"id":777178,"date":"2026-02-06T19:17:16","date_gmt":"2026-02-06T19:17:16","guid":{"rendered":"https:\/\/www.europesays.com\/de\/777178\/"},"modified":"2026-02-06T19:17:16","modified_gmt":"2026-02-06T19:17:16","slug":"tour-de-france-chef-haelt-start-in-berlin-2029-ein-starkes-signal","status":"publish","type":"post","link":"https:\/\/www.europesays.com\/de\/777178\/","title":{"rendered":"Tour de France-Chef h\u00e4lt Start in Berlin 2029 ein \u201estarkes Signal\u201c"},"content":{"rendered":"<p class=\"tspCCnp tspCCnq\">Eine <a href=\"https:\/\/www.tagesspiegel.de\/sport\/start-der-tour-de-france-2030-in-ostdeutschland-man-kann-eine-deutsche-bewerbung-nicht-einfach-vom-tisch-wischen-14342213.html?icid=in-text-link_15227813\" class=\"link link--internal\" data-gtm-class=\"article-text-link\" data-gtm-val=\"internal\" rel=\"nofollow noopener\" target=\"_blank\">deutsche Bewerbung f\u00fcr den Tour de France-Start<\/a> 2029 oder 2030 in Ostdeutschland wird immer konkreter. Wie die Deutsche Presse-Agentur aus dem Verein \u201eGrand D\u00e9part\u201c erfuhr, geh\u00f6rt nun auch die Bundeshauptstadt Berlin offiziell neben den Bundesl\u00e4ndern Sachsen, Sachsen-Anhalt und Th\u00fcringen sowie der Bundesrepublik zum Team. Ein entsprechendes Schreiben liegt dem Verein von <a>Berlins Regierendem B\u00fcrgermeister Kai Wegner<\/a> vor.<\/p>\n<p class=\"tspCCnp\">Mit der Einbindung Berlins folgen die Organisatoren einer Empfehlung von Tour-Chef Christian Prudhomme. Dieser hatte zuletzt darauf hingewiesen, dass die Bewerbung auch mit dem politischen Signal der Wiedervereinigung verbunden sei. \u201eF\u00fcr mich als Franzosen und f\u00fcr viele andere Europ\u00e4er h\u00e4ngt dieses Ereignis vor allem mit dem Fall der Mauer im November 1989 zusammen. Das w\u00e4re f\u00fcr mich ein sehr starkes Signal: Berlin 2029 und der Fall der Mauer 1989\u201c, sagte Prudhomme in einem \u201eSportschau\u201c-Interview.<\/p>\n<p class=\"tspCCnp\">Die deutschen Organisatoren hatten bislang das Jahr 2030 bevorzugt, da es mit Tschechien und Slowenien bereits starke Bewerber f\u00fcr 2029 gibt. \u201eWir priorisieren aber kein Jahr mehr. Es gibt Pl\u00e4ne, die f\u00fcr 2029 genauso funktionieren wie f\u00fcr 2030\u201c, sagte Andreas Prokop, stellvertretender Vorsitzender des Vereins.<\/p>\n<p>Mehr zum Thema:<a href=\"https:\/\/checkpoint.tagesspiegel.de\/langmeldung\/3wq0bYk3LvPoYlOlgD7kOL?icid=topic-list_15227813___\" data-gtm-class=\"article-mzt-link\" data-hydrate-fingerprint=\"09740a54944caac75fd2c0c63fd5c5df\" data-hydrate-props=\"{&amp;escapedquot;element&amp;escapedquot;:{&amp;escapedquot;type&amp;escapedquot;:&amp;escapedquot;relatedContent&amp;escapedquot;,&amp;escapedquot;fieldMap&amp;escapedquot;:{},&amp;escapedquot;relation&amp;escapedquot;:{&amp;escapedquot;fields&amp;escapedquot;:{&amp;escapedquot;url&amp;escapedquot;:&amp;escapedquot;https:\/\/checkpoint.tagesspiegel.de\/langmeldung\/3wq0bYk3LvPoYlOlgD7kOL&amp;escapedquot;,&amp;escapedquot;isPaid&amp;escapedquot;:true},&amp;escapedquot;href&amp;escapedquot;:&amp;escapedquot;\/berlin\/article15225311.ece&amp;escapedquot;,&amp;escapedquot;teaserTitle&amp;escapedquot;:{&amp;escapedquot;kicker&amp;escapedquot;:&amp;escapedquot;54 Millionen Euro f\u00fcr Sportanlagen&amp;escapedquot;,&amp;escapedquot;headline&amp;escapedquot;:&amp;escapedquot;Berlins Wunschliste f\u00fcr die \u201eSportmilliarde\u201c des Bundes&amp;escapedquot;},&amp;escapedquot;id&amp;escapedquot;:&amp;escapedquot;15225311&amp;escapedquot;,&amp;escapedquot;type&amp;escapedquot;:&amp;escapedquot;externalTeaser&amp;escapedquot;},&amp;escapedquot;isPartOfList&amp;escapedquot;:true,&amp;escapedquot;topicListType&amp;escapedquot;:&amp;escapedquot;topic-list&amp;escapedquot;},&amp;escapedquot;showArrow&amp;escapedquot;:true}\" data-hydrate-slots=\"{&#039;default&#039;:[]}\" class=\"tspC3qb tspC2p9\" rel=\"nofollow noopener\" target=\"_blank\">54 Millionen Euro f\u00fcr Sportanlagen Berlins Wunschliste f\u00fcr die \u201eSportmilliarde\u201c des Bundes <\/a><a href=\"https:\/\/www.tagesspiegel.de\/sport\/dramatische-unfalle-bei-der-tour-de-france-wie-radprofis-mit-sturzen-umgehen--und-was-man-davon-lernen-kann-13982087.html?icid=topic-list_15227813___\" data-gtm-class=\"article-mzt-link\" data-hydrate-fingerprint=\"09740a54944caac75fd2c0c63fd5c5df\" data-hydrate-props=\"{&amp;escapedquot;element&amp;escapedquot;:{&amp;escapedquot;type&amp;escapedquot;:&amp;escapedquot;relatedContent&amp;escapedquot;,&amp;escapedquot;fieldMap&amp;escapedquot;:{},&amp;escapedquot;relation&amp;escapedquot;:{&amp;escapedquot;fields&amp;escapedquot;:{&amp;escapedquot;isPaid&amp;escapedquot;:true},&amp;escapedquot;href&amp;escapedquot;:&amp;escapedquot;\/sport\/dramatische-unfalle-bei-der-tour-de-france-wie-radprofis-mit-sturzen-umgehen--und-was-man-davon-lernen-kann-13982087.html&amp;escapedquot;,&amp;escapedquot;teaserTitle&amp;escapedquot;:{&amp;escapedquot;kicker&amp;escapedquot;:&amp;escapedquot;Dramatische Unf\u00e4lle bei der Tour de France&amp;escapedquot;,&amp;escapedquot;headline&amp;escapedquot;:&amp;escapedquot;Wie Radprofis mit St\u00fcrzen umgehen \u2013 und was man davon lernen kann&amp;escapedquot;},&amp;escapedquot;id&amp;escapedquot;:&amp;escapedquot;13982087&amp;escapedquot;,&amp;escapedquot;type&amp;escapedquot;:&amp;escapedquot;story&amp;escapedquot;},&amp;escapedquot;isPartOfList&amp;escapedquot;:true,&amp;escapedquot;topicListType&amp;escapedquot;:&amp;escapedquot;topic-list&amp;escapedquot;},&amp;escapedquot;showArrow&amp;escapedquot;:true}\" data-hydrate-slots=\"{&#039;default&#039;:[]}\" class=\"tspC3qb tspC2p9\" rel=\"nofollow noopener\" target=\"_blank\">Dramatische Unf\u00e4lle bei der Tour de France Wie Radprofis mit St\u00fcrzen umgehen \u2013 und was man davon lernen kann <\/a><a href=\"https:\/\/www.tagesspiegel.de\/sport\/dfb-kapitanin-giulia-gwinn-im-interview-mir-ist-es-wichtig-fur-meine-meinung-einzustehen--damit-habe-ich-mich-selbst-uberrascht-15209953.html?icid=topic-list_15227813___\" data-gtm-class=\"article-mzt-link\" data-hydrate-fingerprint=\"09740a54944caac75fd2c0c63fd5c5df\" data-hydrate-props=\"{&amp;escapedquot;element&amp;escapedquot;:{&amp;escapedquot;type&amp;escapedquot;:&amp;escapedquot;relatedContent&amp;escapedquot;,&amp;escapedquot;fieldMap&amp;escapedquot;:{},&amp;escapedquot;relation&amp;escapedquot;:{&amp;escapedquot;fields&amp;escapedquot;:{&amp;escapedquot;isPaid&amp;escapedquot;:true},&amp;escapedquot;href&amp;escapedquot;:&amp;escapedquot;\/sport\/dfb-kapitanin-giulia-gwinn-im-interview-mir-ist-es-wichtig-fur-meine-meinung-einzustehen--damit-habe-ich-mich-selbst-uberrascht-15209953.html&amp;escapedquot;,&amp;escapedquot;teaserTitle&amp;escapedquot;:{&amp;escapedquot;kicker&amp;escapedquot;:&amp;escapedquot;DFB-Kapit\u00e4nin Giulia Gwinn im Interview&amp;escapedquot;,&amp;escapedquot;headline&amp;escapedquot;:&amp;escapedquot;\u201eMir ist es wichtig, f\u00fcr meine Meinung einzustehen \u2013 damit habe ich mich selbst \u00fcberrascht\u201c&amp;escapedquot;},&amp;escapedquot;id&amp;escapedquot;:&amp;escapedquot;15209953&amp;escapedquot;,&amp;escapedquot;type&amp;escapedquot;:&amp;escapedquot;story&amp;escapedquot;},&amp;escapedquot;isPartOfList&amp;escapedquot;:true,&amp;escapedquot;topicListType&amp;escapedquot;:&amp;escapedquot;topic-list&amp;escapedquot;},&amp;escapedquot;showArrow&amp;escapedquot;:true}\" data-hydrate-slots=\"{&#039;default&#039;:[]}\" class=\"tspC3qb tspC2p9\" rel=\"nofollow noopener\" target=\"_blank\">DFB-Kapit\u00e4nin Giulia Gwinn im Interview \u201eMir ist es wichtig, f\u00fcr meine Meinung einzustehen \u2013 damit habe ich mich selbst \u00fcberrascht\u201c <\/a><\/p>\n<p class=\"tspCCnp\">Am Montag reisen Mitglieder des Vereins nach Paris, wo es nun konkretere Gespr\u00e4che mit Prudhomme und weiteren Vertretern des Tour de France-Ausrichters ASO geben wird, ehe die Bewerbung dann offiziell verk\u00fcndet werden soll. (dpa)<\/p>\n","protected":false},"excerpt":{"rendered":"Eine deutsche Bewerbung f\u00fcr den Tour de France-Start 2029 oder 2030 in Ostdeutschland wird immer konkreter. Wie die&hellip;\n","protected":false},"author":2,"featured_media":777179,"comment_status":"","ping_status":"","sticky":false,"template":"","format":"standard","meta":{"footnotes":"","_share_on_mastodon":"0"},"categories":[1825],"tags":[296,29,30,2384,860,6609,52207,861,34902],"class_list":["post-777178","post","type-post","status-publish","format-standard","has-post-thumbnail","category-berlin","tag-berlin","tag-deutschland","tag-germany","tag-kai-wegner","tag-sachsen-anhalt","tag-sportpolitik","tag-sportverband","tag-thueringen","tag-tour-de-france"],"share_on_mastodon":{"url":"https:\/\/pubeurope.com\/@de\/116025297770800667","error":""},"_links":{"self":[{"href":"https:\/\/www.europesays.com\/de\/wp-json\/wp\/v2\/posts\/777178","targetHints":{"allow":["GET"]}}],"collection":[{"href":"https:\/\/www.europesays.com\/de\/wp-json\/wp\/v2\/posts"}],"about":[{"href":"https:\/\/www.europesays.com\/de\/wp-json\/wp\/v2\/types\/post"}],"author":[{"embeddable":true,"href":"https:\/\/www.europesays.com\/de\/wp-json\/wp\/v2\/users\/2"}],"replies":[{"embeddable":true,"href":"https:\/\/www.europesays.com\/de\/wp-json\/wp\/v2\/comments?post=777178"}],"version-history":[{"count":0,"href":"https:\/\/www.europesays.com\/de\/wp-json\/wp\/v2\/posts\/777178\/revisions"}],"wp:featuredmedia":[{"embeddable":true,"href":"https:\/\/www.europesays.com\/de\/wp-json\/wp\/v2\/media\/777179"}],"wp:attachment":[{"href":"https:\/\/www.europesays.com\/de\/wp-json\/wp\/v2\/media?parent=777178"}],"wp:term":[{"taxonomy":"category","embeddable":true,"href":"https:\/\/www.europesays.com\/de\/wp-json\/wp\/v2\/categories?post=777178"},{"taxonomy":"post_tag","embeddable":true,"href":"https:\/\/www.europesays.com\/de\/wp-json\/wp\/v2\/tags?post=777178"}],"curies":[{"name":"wp","href":"https:\/\/api.w.org\/{rel}","templated":true}]}}