{"id":77721,"date":"2025-05-02T05:42:09","date_gmt":"2025-05-02T05:42:09","guid":{"rendered":"https:\/\/www.europesays.com\/de\/77721\/"},"modified":"2025-05-02T05:42:09","modified_gmt":"2025-05-02T05:42:09","slug":"borussia-dortmund-letzte-chance-fuer-den-groessten-problem-profi-sport","status":"publish","type":"post","link":"https:\/\/www.europesays.com\/de\/77721\/","title":{"rendered":"Borussia Dortmund: Letzte Chance f\u00fcr den gr\u00f6\u00dften Problem-Profi | Sport"},"content":{"rendered":"<p><b>Wer darf bleiben und wer wird rasiert?<\/b><\/p>\n<p>Bei Borussia Dortmund l\u00e4uft ab sofort die finale Phase des Kader-Castings f\u00fcr die kommende Saison. Im Liga-Endspurt werden die Bosse nun noch genauer hinschauen, auf welche Stars sie sich auch in Zukunft wirklich verlassen k\u00f6nnen und auf wen nicht. Bei der anschlie\u00dfenden General-Abrechnung wird dann entschieden, welche Profis man zum Wechsel dr\u00e4ngt.<\/p>\n<p>Bei einigen Entt\u00e4uschungen wie Vize-Kapit\u00e4n Julian Brandt (28) oder Giovanni Reyna (22) stehen die Zeichen bereits klar auf Abschied. Auch ein weiterer Profi steht kurz vor der Aussortierung \u2013 sofern er jetzt nicht pl\u00f6tzlich doch noch punktet\u2026<\/p>\n<p><b>Letzte Chance f\u00fcr Dortmunds gr\u00f6\u00dften Problem-Profi!<\/b><\/p>\n","protected":false},"excerpt":{"rendered":"Wer darf bleiben und wer wird rasiert? Bei Borussia Dortmund l\u00e4uft ab sofort die finale Phase des Kader-Castings&hellip;\n","protected":false},"author":2,"featured_media":77722,"comment_status":"","ping_status":"","sticky":false,"template":"","format":"standard","meta":{"footnotes":""},"categories":[1833],"tags":[1263,888,3364,29,217,538,30,5133,21015,1209,803,819,1576,33302,45,1261],"class_list":{"0":"post-77721","1":"post","2":"type-post","3":"status-publish","4":"format-standard","5":"has-post-thumbnail","7":"category-dortmund","8":"tag-aufmacher-bereich","9":"tag-borussia-dortmund","10":"tag-de","11":"tag-deutschland","12":"tag-dortmund","13":"tag-erste-bundesliga","14":"tag-germany","15":"tag-hueber-yannick","16":"tag-kolsberger-sebastian","17":"tag-nordrhein-westfalen","18":"tag-spielertransfer","19":"tag-sport-leuchtturm-essen","20":"tag-super-a-teaser","21":"tag-terzic-edin","22":"tag-texttospeech","23":"tag-toralarm-top-news"},"share_on_mastodon":{"url":"https:\/\/pubeurope.com\/@de\/114436646056069284","error":""},"_links":{"self":[{"href":"https:\/\/www.europesays.com\/de\/wp-json\/wp\/v2\/posts\/77721","targetHints":{"allow":["GET"]}}],"collection":[{"href":"https:\/\/www.europesays.com\/de\/wp-json\/wp\/v2\/posts"}],"about":[{"href":"https:\/\/www.europesays.com\/de\/wp-json\/wp\/v2\/types\/post"}],"author":[{"embeddable":true,"href":"https:\/\/www.europesays.com\/de\/wp-json\/wp\/v2\/users\/2"}],"replies":[{"embeddable":true,"href":"https:\/\/www.europesays.com\/de\/wp-json\/wp\/v2\/comments?post=77721"}],"version-history":[{"count":0,"href":"https:\/\/www.europesays.com\/de\/wp-json\/wp\/v2\/posts\/77721\/revisions"}],"wp:featuredmedia":[{"embeddable":true,"href":"https:\/\/www.europesays.com\/de\/wp-json\/wp\/v2\/media\/77722"}],"wp:attachment":[{"href":"https:\/\/www.europesays.com\/de\/wp-json\/wp\/v2\/media?parent=77721"}],"wp:term":[{"taxonomy":"category","embeddable":true,"href":"https:\/\/www.europesays.com\/de\/wp-json\/wp\/v2\/categories?post=77721"},{"taxonomy":"post_tag","embeddable":true,"href":"https:\/\/www.europesays.com\/de\/wp-json\/wp\/v2\/tags?post=77721"}],"curies":[{"name":"wp","href":"https:\/\/api.w.org\/{rel}","templated":true}]}}