{"id":777218,"date":"2026-02-06T19:39:11","date_gmt":"2026-02-06T19:39:11","guid":{"rendered":"https:\/\/www.europesays.com\/de\/777218\/"},"modified":"2026-02-06T19:39:11","modified_gmt":"2026-02-06T19:39:11","slug":"shalom-chor-singt-gegen-antisemitismus","status":"publish","type":"post","link":"https:\/\/www.europesays.com\/de\/777218\/","title":{"rendered":"Shalom Chor singt gegen Antisemitismus"},"content":{"rendered":"<p class=\"text_ohne_einzug richtext text-em-55 !leading-serif mx-6 desktop:mx-0\">Summend zogen die S\u00e4ngerinnen und S\u00e4nger des Shalom Chors durch die G\u00e4nge der Citykirche, w\u00e4hrend Horst Couson  voranging und Klarinette spielte. Vorne am Altar warteten die Mitglieder des Ensembles \u201eShpil, Klezmer, shpil\u201c mit Deli Kaumanns (Violine), Johannes Goedeke (Gitarre), Stefan Wershofen (Bass) und Johannes Bahners (Percussion).<\/p>\n","protected":false},"excerpt":{"rendered":"Summend zogen die S\u00e4ngerinnen und S\u00e4nger des Shalom Chors durch die G\u00e4nge der Citykirche, w\u00e4hrend Horst Couson voranging&hellip;\n","protected":false},"author":2,"featured_media":777219,"comment_status":"","ping_status":"","sticky":false,"template":"","format":"standard","meta":{"footnotes":"","_share_on_mastodon":"0"},"categories":[1849],"tags":[3274,19701,45333,176053,3364,29,548,663,3934,30,13,17389,176054,27900,5929,4455,14,15,1209,12,156699,176055,176052,176056,176057],"class_list":["post-777218","post","type-post","status-publish","format-standard","has-post-thumbnail","category-moenchengladbach","tag-kirche","tag-chor","tag-citykirche","tag-couson","tag-de","tag-deutschland","tag-eu","tag-europa","tag-europe","tag-germany","tag-headlines","tag-johannes","tag-klezmer","tag-lied","tag-mitglieder","tag-moenchengladbach","tag-nachrichten","tag-news","tag-nordrhein-westfalen","tag-schlagzeilen","tag-shalom","tag-shalomchores","tag-shpil","tag-tanzlieder","tag-volkslieder"],"share_on_mastodon":{"url":"https:\/\/pubeurope.com\/@de\/116025384236854744","error":""},"_links":{"self":[{"href":"https:\/\/www.europesays.com\/de\/wp-json\/wp\/v2\/posts\/777218","targetHints":{"allow":["GET"]}}],"collection":[{"href":"https:\/\/www.europesays.com\/de\/wp-json\/wp\/v2\/posts"}],"about":[{"href":"https:\/\/www.europesays.com\/de\/wp-json\/wp\/v2\/types\/post"}],"author":[{"embeddable":true,"href":"https:\/\/www.europesays.com\/de\/wp-json\/wp\/v2\/users\/2"}],"replies":[{"embeddable":true,"href":"https:\/\/www.europesays.com\/de\/wp-json\/wp\/v2\/comments?post=777218"}],"version-history":[{"count":0,"href":"https:\/\/www.europesays.com\/de\/wp-json\/wp\/v2\/posts\/777218\/revisions"}],"wp:featuredmedia":[{"embeddable":true,"href":"https:\/\/www.europesays.com\/de\/wp-json\/wp\/v2\/media\/777219"}],"wp:attachment":[{"href":"https:\/\/www.europesays.com\/de\/wp-json\/wp\/v2\/media?parent=777218"}],"wp:term":[{"taxonomy":"category","embeddable":true,"href":"https:\/\/www.europesays.com\/de\/wp-json\/wp\/v2\/categories?post=777218"},{"taxonomy":"post_tag","embeddable":true,"href":"https:\/\/www.europesays.com\/de\/wp-json\/wp\/v2\/tags?post=777218"}],"curies":[{"name":"wp","href":"https:\/\/api.w.org\/{rel}","templated":true}]}}