{"id":777723,"date":"2026-02-07T00:24:12","date_gmt":"2026-02-07T00:24:12","guid":{"rendered":"https:\/\/www.europesays.com\/de\/777723\/"},"modified":"2026-02-07T00:24:12","modified_gmt":"2026-02-07T00:24:12","slug":"timo-werner-warum-der-stuermer-bei-rb-leipzig-schrittweise-scheiterte","status":"publish","type":"post","link":"https:\/\/www.europesays.com\/de\/777723\/","title":{"rendered":"Timo Werner: Warum der St\u00fcrmer bei RB Leipzig schrittweise scheiterte"},"content":{"rendered":"<p>Er galt lange als das gro\u00dfe Versprechen im deutschen Angriff. Doch nach seinem Aufstieg zum europ\u00e4ischen St\u00fcrmer-Star fiel Timo Werner tief. Bei RB Leipzig, wo einst alles begann, erhielt er nicht mehr die gewohnte R\u00fcckendeckung. Und war nicht bereit, sich anzupassen.<\/p>\n<p class=\"is-first-paragraph\" data-external=\"Article.FirstParagraph\">Noch einmal wird Timo Werner  in Leipzig gefeiert. Wenn RB am 15. Februar gegen Wolfsburg spielt, soll der immer noch geliebte St\u00fcrmer vor der Fankurve seinen Abschied nehmen. Dann wird es so laut, wie es am ersten Tag seiner R\u00fcckkehr nach Leipzig 2022 war \u2013 und seitdem nie wieder. <\/p>\n<p>Der 29 Jahre alte Werner war mit 95 Toren in 159 Pflichtspielen der erste gro\u00dfe RB-Held in der Bundesliga, ging 2020 zu Chelsea und kam nach zwei Jahren zur\u00fcck. Doch es war wie bei vielen Filmen: Die Fortsetzung hielt das Versprechen nicht, war verkorkst und sogar unw\u00fcrdig. Und so geht Werner nun als abgest\u00fcrzter Star zu den San Jose Earthquakes in die USA.<\/p>\n<p>Dass RB-Boss Oliver Mintzlaff die Werner-R\u00fcckkehr damals zur Chefsache machte und bei der Emotionalit\u00e4t und dem Schn\u00e4ppchen-Preis (20 Millionen Euro Abl\u00f6se) nicht widerstehen konnte, geh\u00f6rt genauso zur Wahrheit wie die mahnenden Worte des damaligen Leipzig-Trainers Domenico Tedesco. Eigentlich ein Fan von Werner, sprach er sich intern gegen den Transfer aus, weil Werner schlichtweg nicht mehr zum Fu\u00dfball passte, den RB zu dem Zeitpunkt spielte. \u201eRB hat sich weiterentwickelt\u201c, hatte Werner bei seiner Ankunft gesagt \u2013 und damit ungewollt das Hauptargument geliefert, warum er keine Verst\u00e4rkung war.<\/p>\n<p>Nach der R\u00fcckkehr von Chelsea fingen die Probleme an<\/p>\n<p>Tedesco litt ebenso unter dem Druck, Werner in einer nicht auf ihn zugeschnittenen Mannschaft spielen lassen zu m\u00fcssen, wie dessen Nachfolger Marco Rose. Leipzigs Fu\u00dfball war nach dem Aufstieg ein \u00fcberfallartiger Konterfu\u00dfball, in dem Werner sein Tempo ausspielen konnte. Nun aber setzten die Coaches auf mehr Ballbesitz, schnellere, aber k\u00fcrzere P\u00e4sse. Daf\u00fcr gab es nicht mehr die richtige Position f\u00fcr Werner. Weder als Mittelst\u00fcrmer noch bei den Versuchen, ihn \u00fcber au\u00dfen zu bringen, kam der Nationalspieler an seine Top-Leistung heran.<\/p>\n<p>Werner war nicht mehr der unumstrittene Offensiv-Star bei RB. Christopher Nkunku und sp\u00e4ter Lo\u00efs Openda oder Benjamin Sesko liefen ihm den Rang ab. Das Problem dabei: Werner passte sich der neuen Situation kaum an. In der Kabine erz\u00e4hlte er fortlaufend von seiner Zeit bei Chelsea, wo er zwar die Champions League gewann, aber auch das Haifischbecken Fu\u00dfball mit vielen Ich-AGs und wechselnden Trainern erlebte. Dass es f\u00fcr ihn auch bei der Heimkehr in die Wohlf\u00fchl-Oase Leipzig nicht von selbst klappt, war ihm in jener Zeit kaum anzumerken.<\/p>\n<p>Ein Umstand, den alle in Leipzig beobachtet haben. Werner lie\u00df sich zwar nie h\u00e4ngen, war aber auch kein Trainingsweltmeister. Dass er Extra-Schichten an die Einheiten h\u00e4ngte, wurde ebenso selten gesehen wie Video-Analysen auf eigene Nachfrage.<\/p>\n<p>Nach Katar war Werner nicht mehr derselbe<\/p>\n<p>Doch in diesem Herbst 2022 h\u00e4tte Werner noch die Kurve bekommen k\u00f6nnen. Dann schlug das Schicksal zu. F\u00fcr den WM-Kader quasi gesetzt, riss er sich die Syndesmose (Band zwischen Schien- und Wadenbein). Er verpasste das Turnier in Katar. Und viele in Leipzig sagen: Danach war Werner nicht mehr derselbe.<\/p>\n<p>Ein Bruch. Sportlich und mental. Ein Jahr schleppte er sich durch: zwischen Startelf-Eins\u00e4tzen mit immer weniger Torszenen und den immer h\u00e4ufiger werdenden Joker-Rollen. Als Tottenham im Winter 2024 anklopfte und Werner in seine Lieblingsstadt London lockte, brach das Verh\u00e4ltnis mit RB. Der nur ausgeliehene Werner gab ein Fernseh-Interview, in dem er nachtrat. \u201eEs gab relativ wenig Austausch. Im Verlauf der Hinrunde war klar, wie der Trainer (Rose \u2013 d. Red.) \u00fcber mich gedacht und mit mir geplant hat\u201c, sagte Werner. Und: \u201eDas hat mir nicht mehr die Freude bereitet, die ich lange versp\u00fcrt habe. In Leipzig hat es am Ende nicht mehr gepasst.\u201c<\/p>\n<p>In dem Moment glaubten in Leipzig viele: Werner, dessen Vertrag bis Sommer 2026 lief, wird nie wieder f\u00fcr RB spielen.<\/p>\n<p><b>Abonnieren Sie WELTMeister bei <\/b><a class=\"is-link c-block-items__link is-external c-link--rich-text-renderer\" href=\"https:\/\/open.spotify.com\/show\/7CX3rSNRL11YEnW7IzkWIS?si=82f337b82c6b4e32&amp;nd=1&amp;dlsi=56417d9ce6fc406c\" target=\"_blank\" title=\"(Link wird in einem neuen Tab ge\u00f6ffnet)\" rel=\"nofollow noopener\" data-internal-tracking-enabled=\"true\" data-internal-tracking=\"{&quot;action&quot;:&quot;click&quot;,&quot;label&quot;:&quot;link&quot;,&quot;name&quot;:&quot;Inline Element&quot;,&quot;data&quot;:{&quot;source&quot;:&quot;&quot;,&quot;target&quot;:&quot;https:\/\/open.spotify.com\/show\/7CX3rSNRL11YEnW7IzkWIS?si=82f337b82c6b4e32&amp;nd=1&amp;dlsi=56417d9ce6fc406c&quot;,&quot;trackingName&quot;:&quot;&quot;,&quot;trackingLabel&quot;:&quot;&quot;}}\"><b>Spotify<\/b><\/a><b>, <\/b><a class=\"is-link c-block-items__link is-external c-link--rich-text-renderer\" href=\"https:\/\/podcasts.apple.com\/de\/podcast\/weltmeister\/id1852960967\" target=\"_blank\" title=\"(Link wird in einem neuen Tab ge\u00f6ffnet)\" rel=\"nofollow noopener\" data-internal-tracking-enabled=\"true\" data-internal-tracking=\"{&quot;action&quot;:&quot;click&quot;,&quot;label&quot;:&quot;link&quot;,&quot;name&quot;:&quot;Inline Element&quot;,&quot;data&quot;:{&quot;source&quot;:&quot;&quot;,&quot;target&quot;:&quot;https:\/\/podcasts.apple.com\/de\/podcast\/weltmeister\/id1852960967&quot;,&quot;trackingName&quot;:&quot;&quot;,&quot;trackingLabel&quot;:&quot;&quot;}}\"><b>Apple Podcasts<\/b><\/a><b> oder direkt per <\/b><a class=\"is-link c-block-items__link is-external c-link--rich-text-renderer\" href=\"https:\/\/weltmeister.podigee.io\/feed\/mp3\" target=\"_blank\" title=\"(Link wird in einem neuen Tab ge\u00f6ffnet)\" rel=\"nofollow noopener\" data-internal-tracking-enabled=\"true\" data-internal-tracking=\"{&quot;action&quot;:&quot;click&quot;,&quot;label&quot;:&quot;link&quot;,&quot;name&quot;:&quot;Inline Element&quot;,&quot;data&quot;:{&quot;source&quot;:&quot;&quot;,&quot;target&quot;:&quot;https:\/\/weltmeister.podigee.io\/feed\/mp3&quot;,&quot;trackingName&quot;:&quot;&quot;,&quot;trackingLabel&quot;:&quot;&quot;}}\"><b>RSS-Feed<\/b><\/a><b>.<\/b><\/p>\n<p>Tats\u00e4chlich sammelte er lediglich weitere 14 Spielminuten \u2013 in dieser Saison, in der er trotz solider Trainingsleistungen keine echte Chance bekam. Aus Sicht des Vereins allerdings auch begr\u00fcndet. Zum einen stach Werner im Training nicht so heraus, dass Coach Ole Werner mit ihm eine klare Verbesserung erreicht h\u00e4tte. Zum anderen waren die Bosse um Manager Marcel Sch\u00e4fer angehalten, das Gehaltsbudget zu k\u00fcrzen. Der kaum spielende Werner \u2013 mit rund zehn Millionen  Euro Gehalt Top-Verdiener \u2013 war da ganz oben auf der Streichliste.<\/p>\n<p>Dass Werner seine Selbstwahrnehmung des einst gr\u00f6\u00dften Talents im deutschen Fu\u00dfball, des Nationalst\u00fcrmers und umjubelten Tor-Helden, auf den Mannschaften zugeschnitten werden, auch zuletzt nicht an ver\u00e4nderte Situationen anpasste, zeigt sein Statement bei San Jos\u00e9, wo er als \u201eTurbo-Timo\u201c angek\u00fcndigt wird: \u201eIch hatte in den letzten sechs Monaten eine harte Zeit. Wenn man nicht viel spielt, aber vorher immer gewohnt war zu spielen und zu gewinnen, dann war das hart. Das zu schlucken war nicht immer einfach.\u201c<\/p>\n","protected":false},"excerpt":{"rendered":"Er galt lange als das gro\u00dfe Versprechen im deutschen Angriff. Doch nach seinem Aufstieg zum europ\u00e4ischen St\u00fcrmer-Star fiel&hellip;\n","protected":false},"author":2,"featured_media":777724,"comment_status":"","ping_status":"","sticky":false,"template":"","format":"standard","meta":{"footnotes":"","_share_on_mastodon":"0"},"categories":[1832],"tags":[84248,3364,29,84246,30,71,1655,859,39725,22080],"class_list":["post-777723","post","type-post","status-publish","format-standard","has-post-thumbnail","category-leipzig","tag-chelsea-london","tag-de","tag-deutschland","tag-erste-bundesliga-geo-d-ks","tag-germany","tag-leipzig","tag-rb-leipzig","tag-sachsen","tag-timo","tag-werner"],"share_on_mastodon":{"url":"https:\/\/pubeurope.com\/@de\/116026504953132824","error":""},"_links":{"self":[{"href":"https:\/\/www.europesays.com\/de\/wp-json\/wp\/v2\/posts\/777723","targetHints":{"allow":["GET"]}}],"collection":[{"href":"https:\/\/www.europesays.com\/de\/wp-json\/wp\/v2\/posts"}],"about":[{"href":"https:\/\/www.europesays.com\/de\/wp-json\/wp\/v2\/types\/post"}],"author":[{"embeddable":true,"href":"https:\/\/www.europesays.com\/de\/wp-json\/wp\/v2\/users\/2"}],"replies":[{"embeddable":true,"href":"https:\/\/www.europesays.com\/de\/wp-json\/wp\/v2\/comments?post=777723"}],"version-history":[{"count":0,"href":"https:\/\/www.europesays.com\/de\/wp-json\/wp\/v2\/posts\/777723\/revisions"}],"wp:featuredmedia":[{"embeddable":true,"href":"https:\/\/www.europesays.com\/de\/wp-json\/wp\/v2\/media\/777724"}],"wp:attachment":[{"href":"https:\/\/www.europesays.com\/de\/wp-json\/wp\/v2\/media?parent=777723"}],"wp:term":[{"taxonomy":"category","embeddable":true,"href":"https:\/\/www.europesays.com\/de\/wp-json\/wp\/v2\/categories?post=777723"},{"taxonomy":"post_tag","embeddable":true,"href":"https:\/\/www.europesays.com\/de\/wp-json\/wp\/v2\/tags?post=777723"}],"curies":[{"name":"wp","href":"https:\/\/api.w.org\/{rel}","templated":true}]}}