{"id":777729,"date":"2026-02-07T00:27:29","date_gmt":"2026-02-07T00:27:29","guid":{"rendered":"https:\/\/www.europesays.com\/de\/777729\/"},"modified":"2026-02-07T00:27:29","modified_gmt":"2026-02-07T00:27:29","slug":"valentinstag-in-stuttgart-ob-kino-im-bett-schatzsuche-oder-badefass-der-valentinstag-wird-besonders","status":"publish","type":"post","link":"https:\/\/www.europesays.com\/de\/777729\/","title":{"rendered":"Valentinstag in Stuttgart: Ob Kino im Bett, Schatzsuche oder Badefass: Der Valentinstag wird besonders"},"content":{"rendered":"<p>\t\t\t\t\t\t\t\t\t\t\t\t\t\t\t\t\t\t\t\t\t\t\t\t\t\t\t\t      \t\t            \t\t             \t\t\t\t   \t\t\t\t\t   <img decoding=\"async\" id=\"article-image\" fetchpriority=\"high\" alt=\"Valentinstag in Stuttgart: Ob Kino im Bett, Schatzsuche oder Badefass: Der Valentinstag wird besonders\" title=\"Valentinstag in Stuttgart: Ob Kino im Bett, Schatzsuche oder Badefass: Der Valentinstag wird besonders\" src=\"https:\/\/www.europesays.com\/de\/wp-content\/uploads\/2026\/02\/media.media.97d64eac-be65-409c-bf9b-ed4636c96fa1.16x9_700.jpg\" data-linkto=\"https:\/\/www.stuttgarter-nachrichten.de\/javascript:void(0);\"\/>\t\t\t\t\t\t\t\t\t\t\t\t\t\t\t\t\t\t\t\t\t\t\t\tDer Tag der Liebenden naht.\u00a0Foto: IMAGO\/Bihlmayerfotografie\t\t\t<\/p>\n<p>Warum nicht mal anders feiern? Entdecken Sie au\u00dfergew\u00f6hnliche Valentinstags-Ideen: Von filmischer Romantik im Doppelbett bis zum Kuss mit kostenlosem Eintritt.<\/p>\n<p>Ein Strau\u00df roter Rosen, eine Schachtel k\u00f6stlicher Pralinen oder ein paar liebevolle Zeilen: Der <a href=\"https:\/\/www.stuttgarter-nachrichten.de\/inhalt.video-social-fun-valentin-von-terni-wer-wirklich-hinter-dem-valentinstag-steckt.c734881b-bea3-425f-896b-02c4aa9ae4c2.html\" target=\"_blank\" rel=\"nofollow noopener\">Valentinstag<\/a> r\u00fcckt n\u00e4her. Am Samstag, 14. Februar, ist der Tag der Romantiker. Was mit einem Gedenktag an den christlichen M\u00e4rtyrer Valentin von Terni begann, der im 3. Jahrhundert als Priester Liebespaare heimlich traute, obwohl dies vom r\u00f6mischen Kaiser verboten war, hat sich zu einem Fest entwickelt, an dem Menschen ihre Liebsten beschenken.<\/p>\n<p>Der<a href=\"https:\/\/www.stuttgarter-nachrichten.de\/inhalt.umfrage-zum-valentinstag-wollen-weniger-menschen-geschenke-kaufen.e6e39cd0-1793-4bed-b065-c65612580be1.html\" target=\"_blank\" rel=\"nofollow noopener\"> Handelsverband Deutschland (HDE)<\/a> rechnet in diesem Jahr rund um den Tag der Verliebten mit zus\u00e4tzlichen Ums\u00e4tzen in H\u00f6he von etwa 1,18 Milliarden Euro. Das ist etwas weniger als im Vorjahr (1,3 Milliarden). Wie eine im Auftrag des HDE durchgef\u00fchrte Umfrage zeigt, plant ein F\u00fcnftel der 500 Teilnehmer, zum <a href=\"https:\/\/www.stuttgarter-nachrichten.de\/thema\/Valentinstag\" title=\"Valentinstag\" class=\"art_thema\" rel=\"nofollow noopener\" target=\"_blank\">Valentinstag<\/a> etwas zu kaufen. \u201eDer Valentinstag ist f\u00fcr viele Verbraucherinnen und Verbraucher eine Herzensangelegenheit. Mit anlassbezogenen Sortimenten sorgt der Handel daf\u00fcr, dass alle kleine Aufmerksamkeiten f\u00fcr ihre Liebsten finden k\u00f6nnen\u201c, sagt HDE-Hauptgesch\u00e4ftsf\u00fchrer Stefan Genth. Beliebt seien vor allem Blumen und Pflanzen sowie auch Lebensmittel. Zudem w\u00fcrden Geschenkgutscheine, Dekoartikel und Kosmetikartikel sowie Uhren und Schmuck h\u00e4ufig gekauft.<\/p>\n<p>Zu langweilig? Nicht kreativ genug? Wir haben ein paar Vorschl\u00e4ge f\u00fcr Sie gesammelt: Wer es gerne kuschlig mag, kann zum Beispiel zwei Karten (insgesamt 34 Euro) f\u00fcr ein Bett im Traumpalast in Leonberg kaufen. Anstatt mit herk\u00f6mmlichen Kinosesseln ist der Saal mit 20 Doppelbetten ausgestattet, um in einer exklusiven Liegeposition einen Blockbuster auf gro\u00dfer Leinwand anzuschauen. <\/p>\n<p>  <img decoding=\"async\" loading=\"lazy\" src=\"https:\/\/www.europesays.com\/de\/wp-content\/uploads\/2026\/02\/media.media.92ee396c-e47d-4956-a1fd-367b003265ae.original1024.media.jpeg\"\/>     Kuschlig und gem\u00fctlich im Traumpalast unterwegs    Foto: Simon Granville    <\/p>\n<p>Romantisch wird es auch in den Maritim Hotels. Ein neues Valentins-Special beinhaltet eine \u00dcbernachtung mit Vier-Gang-Candlelight-Dinner, Nutzung des Schwimmbads und Sekt-Fr\u00fchst\u00fccksbuffet \u2013 online buchbar von Donnerstag, 12. Februar, bis Sonntag, 15. Februar, und mit 20 Prozent Nachlass auf die tagesaktuelle Rate. Preis: ab 265 Euro.<\/p>\n<p>  <img decoding=\"async\" loading=\"lazy\" src=\"https:\/\/www.europesays.com\/de\/wp-content\/uploads\/2026\/02\/media.media.16f845c5-ec9b-4ab2-9a8f-bd3bf669c9a5.original1024.media.jpeg\"\/>     Speisen im Kerzenschein    Foto: imago images\/Roman M\u00f6bius    <\/p>\n<p>Wer auf den richtigen Moment f\u00fcr einen Heiratsantrag gewartet hat, k\u00f6nnte am Valentinstag N\u00e4gel mit K\u00f6pfen machen \u2013 beispielsweise an einem der zahlreichen <a href=\"https:\/\/www.stuttgarter-nachrichten.de\/inhalt.valentinstag-in-baden-wuerttemberg-ein-kuss-genuegt-in-diesen-schloessern-gibt-es-freien-eintritt.86a6abfb-c59a-472a-a77f-9a23fa9974b3.html\" target=\"_blank\" rel=\"nofollow noopener\">Schl\u00f6sser, G\u00e4rten und Kleinode in Baden-W\u00fcrttemberg<\/a> wie der Grabkapelle. Wer sich dort am Samstag, 14. Februar, zwischen 11 und 16 Uhr an der Kasse k\u00fcsst, erh\u00e4lt kostenlosen Eintritt. <\/p>\n<p>  <img decoding=\"async\" loading=\"lazy\" src=\"https:\/\/www.europesays.com\/de\/wp-content\/uploads\/2026\/02\/media.media.40192bcd-2674-4c14-9d01-4ccb3519bccf.original1024.media.jpeg\"\/>     Die Grabkapelle auf dem W\u00fcrttemberg    Foto: Jan-Philipp Strobel\/dpa    <\/p>\n<p>Und wer nun das Ja-Wort seines Liebsten oder seiner Liebsten am Valentinstag eingeholt hat, kann sich gleich den Hochzeitstermin 26. Juni 2026 in den Kalender eintragen. An diesem Tag kann man in der Evangelischen Kirchengemeinde M\u00f6hringen (www.moehringen-evangelisch.de) und in der Evangelischen Sarahkirchengemeinde <a href=\"https:\/\/www.stuttgarter-nachrichten.de\/thema\/Stuttgart\" title=\"Stuttgart\" class=\"art_thema\" rel=\"nofollow noopener\" target=\"_blank\">Stuttgart<\/a> (www.sarahgemeinde.de) einfach heiraten, ohne Termin- und Planungsstress. Die Aktion gilt nicht nur f\u00fcr heiratswillige Paare, die schon standesamtlich verheiratet sind, sondern auch f\u00fcr Paare, die gerne einen Segen empfangen w\u00fcrden \u2013 f\u00fcr ihre queere Liebe, f\u00fcr ihr Hochzeitsjubil\u00e4um oder f\u00fcr den weiteren gemeinsamen Lebensweg. <\/p>\n<p>  <img decoding=\"async\" loading=\"lazy\" src=\"https:\/\/www.europesays.com\/de\/wp-content\/uploads\/2026\/02\/media.media.8d47f59f-5e06-4bc2-9fc7-505dcca7b5df.original1024.media.jpeg\"\/>     Wer am Valentinstag einen Antrag macht, k\u00f6nnte unproblematisch am 26. Juni kirchlich heiraten.    Foto: dpa    <\/p>\n<p>Wer als Paar gerne gemeinsam r\u00e4tselt, kann in der Stuttgarter Altstadt auch auf Schatzsuche gehen. Die Reise von Urban Escape Games f\u00fchrt die Teilnehmer als Abenteurer zu den romantischsten und \u00fcberraschendsten Ecken der Stadt. Kosten: 20 Euro pro Ticket. <\/p>\n<p>   <img decoding=\"async\" loading=\"lazy\" src=\"https:\/\/www.europesays.com\/de\/wp-content\/uploads\/2026\/02\/media.media.02b02e50-b1b3-4ecd-9f60-524f262ba756.original1024.media.jpeg\"\/>     Wie der Schatz bei Urban Escape Games am Ende aussieht, wird nicht verraten.    Foto: picture alliance\/dpa    <\/p>\n<p> Alternativ zu den doch meist teuren Privat-Spa-Angeboten kann man auch im River House, Austra\u00dfe 370, 45 Minuten im Badefass entspannen \u2013 im Hydro-Whirlpool, direkt zwischen Neckar und Weinreben mit einem erfrischenden Mango-Maracuja-Spritz in der Hand. Der Preis bei www.gokonfetti.com: ab 35 Euro pro Person. Direkt beim River House kann man die Riverlodge mit Sauna und Whirpool auch f\u00fcr vier Stunden buchen \u2013 allerdings m\u00fcssen zwischen vier und zw\u00f6lf Personen dabei sein. Kosten: ab 59 Euro pro Person. <\/p>\n<p>   <img decoding=\"async\" loading=\"lazy\" src=\"https:\/\/www.europesays.com\/de\/wp-content\/uploads\/2026\/02\/media.media.a5e68f3f-61ee-41b1-aad3-9a591201617a.original1024.media.jpeg\"\/>     Das Badefass steht bereit.    Foto: River House\/z    <\/p>\n<p>Aber auch Singles sollen sich am Valentinstag nicht zuhause einschlie\u00dfen m\u00fcssen. Der schwedische M\u00f6belhaus-Riese Ikea l\u00e4dt beispielsweise f\u00fcr den 13. und 14. Februar zum Single-Shopping nach Ludwigsburg ein. \u201eNimm dir einfach einen Button im Eingangsbereich und halte Ausschau bei deinem Einkauf\u201c, r\u00e4t man bei Ikea. <\/p>\n<p>   <img decoding=\"async\" loading=\"lazy\" src=\"https:\/\/www.europesays.com\/de\/wp-content\/uploads\/2026\/02\/media.media.15a03c96-1bdd-488d-b567-08840a57e146.original1024.media.jpeg\"\/>     Ikea l\u00e4dt zur Flirt-Offensive.    Foto: stz    <\/p>\n<p>Und auch beim VfB Stuttgart ist man im Valentinstagsfieber. Mit dem Rabattcode LOVE20 spart man 20 Prozent auf rote Trikots und weitere ausgew\u00e4hlte rote Artikel \u2013 Spielerflock inklusive. <\/p>\n<p>   <img decoding=\"async\" loading=\"lazy\" src=\"https:\/\/www.europesays.com\/de\/wp-content\/uploads\/2026\/02\/media.media.62d941ca-df4c-4dcf-a36b-ac7caa544679.original1024.media.jpeg\"\/>     Maxi Mittelst\u00e4dt (l.) und Deniz Undav in rot    Foto: VfB     <\/p>\n<p>Der Kreativit\u00e4t sind keine Grenzen gesetzt. Unsere Redaktion w\u00fcnscht frohen Valentinstag! <\/p>\n","protected":false},"excerpt":{"rendered":"Der Tag der Liebenden naht.\u00a0Foto: IMAGO\/Bihlmayerfotografie Warum nicht mal anders feiern? Entdecken Sie au\u00dfergew\u00f6hnliche Valentinstags-Ideen: Von filmischer Romantik&hellip;\n","protected":false},"author":2,"featured_media":777730,"comment_status":"","ping_status":"","sticky":false,"template":"","format":"standard","meta":{"footnotes":"","_share_on_mastodon":"0"},"categories":[1830],"tags":[50579,1634,3364,29,1072,30,13327,12084,1441,8320],"class_list":["post-777729","post","type-post","status-publish","format-standard","has-post-thumbnail","category-stuttgart","tag-aktivitaeten","tag-baden-wuerttemberg","tag-de","tag-deutschland","tag-einzelhandel","tag-germany","tag-geschenke","tag-glomex-video","tag-stuttgart","tag-valentinstag"],"share_on_mastodon":{"url":"https:\/\/pubeurope.com\/@de\/116026517220552121","error":""},"_links":{"self":[{"href":"https:\/\/www.europesays.com\/de\/wp-json\/wp\/v2\/posts\/777729","targetHints":{"allow":["GET"]}}],"collection":[{"href":"https:\/\/www.europesays.com\/de\/wp-json\/wp\/v2\/posts"}],"about":[{"href":"https:\/\/www.europesays.com\/de\/wp-json\/wp\/v2\/types\/post"}],"author":[{"embeddable":true,"href":"https:\/\/www.europesays.com\/de\/wp-json\/wp\/v2\/users\/2"}],"replies":[{"embeddable":true,"href":"https:\/\/www.europesays.com\/de\/wp-json\/wp\/v2\/comments?post=777729"}],"version-history":[{"count":0,"href":"https:\/\/www.europesays.com\/de\/wp-json\/wp\/v2\/posts\/777729\/revisions"}],"wp:featuredmedia":[{"embeddable":true,"href":"https:\/\/www.europesays.com\/de\/wp-json\/wp\/v2\/media\/777730"}],"wp:attachment":[{"href":"https:\/\/www.europesays.com\/de\/wp-json\/wp\/v2\/media?parent=777729"}],"wp:term":[{"taxonomy":"category","embeddable":true,"href":"https:\/\/www.europesays.com\/de\/wp-json\/wp\/v2\/categories?post=777729"},{"taxonomy":"post_tag","embeddable":true,"href":"https:\/\/www.europesays.com\/de\/wp-json\/wp\/v2\/tags?post=777729"}],"curies":[{"name":"wp","href":"https:\/\/api.w.org\/{rel}","templated":true}]}}