{"id":77788,"date":"2025-05-02T06:18:12","date_gmt":"2025-05-02T06:18:12","guid":{"rendered":"https:\/\/www.europesays.com\/de\/77788\/"},"modified":"2025-05-02T06:18:12","modified_gmt":"2025-05-02T06:18:12","slug":"totalsperrung-auf-strecke-von-aachen-nach-koeln","status":"publish","type":"post","link":"https:\/\/www.europesays.com\/de\/77788\/","title":{"rendered":"Totalsperrung auf Strecke von Aachen nach K\u00f6ln"},"content":{"rendered":"<p>F\u00fcr 16 Tage <\/p>\n<p>Teilstrecke zwischen Aachen und K\u00f6ln wird voll gesperrt<\/p>\n<p>02.05.2025 &#8211; 08:12 UhrLesedauer: 1 Min.<\/p>\n<p><a href=\"#focus-0\" class=\"transition-colors duration-200 focus-within:text-magenta block text-current relative\" data-sctrack=\"FocusGalleryImage.Reference\"><img fetchpriority=\"high\" data-testid=\"Opener.Image\" style=\"--lqipURL:url('https:\/\/images.t-online.de\/2025\/05\/vADPW6DUmbGN\/0x209:4000x2250\/fit-in\/150x0\/filters:blur(25)\/image.jpg')\"   loading=\"eager\" src=\"https:\/\/www.europesays.com\/de\/wp-content\/uploads\/2025\/05\/1746166691_138_image.jpg\" alt=\"imago images 0779517067\" title=\"imago images 0779517067\" width=\"4000\" height=\"2250\" class=\"bg-[url:var(--lqipURL)] bg-cover bg-center flex w-full max-w-full h-full\" decoding=\"async\"\/><img style=\"--width:32;--height:32\" loading=\"lazy\" src=\"https:\/\/www.europesays.com\/de\/wp-content\/uploads\/2025\/03\/zoom-in.f7dae02f.svg.svg+xml\" alt=\"Vergr\u00f6\u00dfern des Bildes\" title=\"Vergr\u00f6\u00dfern des Bildes\" class=\"&#10;        block&#10;        h-[calc(var(--height)_\/_16_*_1rem)]&#10;        w-[calc(var(--width)_\/_16_*_1rem)]&#10;        max-w-none&#10;        absolute bottom-8 right-8 rounded-4 bg-snow p-8\" decoding=\"async\"\/><\/a><\/p>\n<p>Passagier steigen in den Rhein-Ruhr-Express (Symbolbild): Eine Gleis-Sperrung betrifft ab Freitag die Linien RE1, RE9 und S19. (Quelle: IMAGO\/Jochen Tack)<\/p>\n<p class=\"font-bold text-18 leading-17\">Auf der Strecke zwischen Aachen und K\u00f6ln kommt es ab Freitagabend zu einer kompletten Sperrung. Bis zum 19. Mai \u00fcbernehmen Busse den Ersatzverkehr, nachdem Z\u00fcge in Horrem enden.<\/p>\n<p class=\"text-18 leading-17\">Die <a class=\"transition-colors duration-200 cursor-pointer text-inherit no-underline text-salemsfur md:hover:text-magenta md:hover:border-magenta md:focus:text-magenta border-current border-b border-solid break-words\" href=\"https:\/\/www.t-online.de\/themen\/deutsche-bahn\/\" data-sctrack=\"BodyAnchor\" rel=\"nofollow noopener\" target=\"_blank\">Deutsche Bahn<\/a> sperrt ab Freitagabend die Strecke zwischen Horrem und <a class=\"transition-colors duration-200 cursor-pointer text-inherit no-underline text-salemsfur md:hover:text-magenta md:hover:border-magenta md:focus:text-magenta border-current border-b border-solid break-words\" href=\"https:\/\/www.t-online.de\/region\/koeln\/\" data-sctrack=\"BodyAnchor\" rel=\"nofollow noopener\" target=\"_blank\">K\u00f6ln<\/a> vollst\u00e4ndig. Der Abschnitt bleibt f\u00fcr 16 Tage unpassierbar \u2013 bis zum Morgen des 19. Mai. Das teilte das Unternehmen am Freitag mit.<\/p>\n<p class=\"text-18 leading-17\">Die Sperrung betrifft insbesondere Reisende auf der Strecke zwischen <a class=\"transition-colors duration-200 cursor-pointer text-inherit no-underline text-salemsfur md:hover:text-magenta md:hover:border-magenta md:focus:text-magenta border-current border-b border-solid break-words\" href=\"https:\/\/www.t-online.de\/themen\/aachen\/\" data-sctrack=\"BodyAnchor\" rel=\"nofollow noopener\" target=\"_blank\">Aachen<\/a> und K\u00f6ln. Die Linien RE1, RE9 und S19 enden w\u00e4hrend der Bauarbeiten vorzeitig in Horrem. Von dort pendeln Schnellbusse als Ersatz bis zum Bahnhof K\u00f6ln-Deutz.<\/p>\n<p class=\"text-18 leading-17\">Laut Bahn sind die Ma\u00dfnahmen notwendig, um zwei neue elektronische Stellwerke in Betrieb zu nehmen. Diese sollen langfristig f\u00fcr einen stabileren und sichereren Bahnverkehr sorgen. W\u00e4hrend der Sperrung sind keine Zugverbindungen zwischen Horrem und K\u00f6ln m\u00f6glich.<\/p>\n<p class=\"text-18 leading-17\">Die Bahn empfiehlt Fahrg\u00e4sten, vor der Abfahrt ihre Verbindungen zu pr\u00fcfen und mehr Zeit einzuplanen. Informationen zum Ersatzverkehr sind \u00fcber die \u00fcblichen Kan\u00e4le der Bahn abrufbar.<\/p>\n","protected":false},"excerpt":{"rendered":"F\u00fcr 16 Tage Teilstrecke zwischen Aachen und K\u00f6ln wird voll gesperrt 02.05.2025 &#8211; 08:12 UhrLesedauer: 1 Min. Passagier&hellip;\n","protected":false},"author":2,"featured_media":77789,"comment_status":"","ping_status":"","sticky":false,"template":"","format":"standard","meta":{"footnotes":""},"categories":[1853],"tags":[1424,3364,2030,29,13808,548,663,3934,30,13,9057,1420,14,15,1209,13186,12,2224,33307],"class_list":{"0":"post-77788","1":"post","2":"type-post","3":"status-publish","4":"format-standard","5":"has-post-thumbnail","7":"category-aachen","8":"tag-aachen","9":"tag-de","10":"tag-deutsche-bahn","11":"tag-deutschland","12":"tag-ersatzverkehr","13":"tag-eu","14":"tag-europa","15":"tag-europe","16":"tag-germany","17":"tag-headlines","18":"tag-horrem","19":"tag-koeln","20":"tag-nachrichten","21":"tag-news","22":"tag-nordrhein-westfalen","23":"tag-rrx","24":"tag-schlagzeilen","25":"tag-sperrung","26":"tag-teilstrecke"},"share_on_mastodon":{"url":"https:\/\/pubeurope.com\/@de\/114436787589499309","error":""},"_links":{"self":[{"href":"https:\/\/www.europesays.com\/de\/wp-json\/wp\/v2\/posts\/77788","targetHints":{"allow":["GET"]}}],"collection":[{"href":"https:\/\/www.europesays.com\/de\/wp-json\/wp\/v2\/posts"}],"about":[{"href":"https:\/\/www.europesays.com\/de\/wp-json\/wp\/v2\/types\/post"}],"author":[{"embeddable":true,"href":"https:\/\/www.europesays.com\/de\/wp-json\/wp\/v2\/users\/2"}],"replies":[{"embeddable":true,"href":"https:\/\/www.europesays.com\/de\/wp-json\/wp\/v2\/comments?post=77788"}],"version-history":[{"count":0,"href":"https:\/\/www.europesays.com\/de\/wp-json\/wp\/v2\/posts\/77788\/revisions"}],"wp:featuredmedia":[{"embeddable":true,"href":"https:\/\/www.europesays.com\/de\/wp-json\/wp\/v2\/media\/77789"}],"wp:attachment":[{"href":"https:\/\/www.europesays.com\/de\/wp-json\/wp\/v2\/media?parent=77788"}],"wp:term":[{"taxonomy":"category","embeddable":true,"href":"https:\/\/www.europesays.com\/de\/wp-json\/wp\/v2\/categories?post=77788"},{"taxonomy":"post_tag","embeddable":true,"href":"https:\/\/www.europesays.com\/de\/wp-json\/wp\/v2\/tags?post=77788"}],"curies":[{"name":"wp","href":"https:\/\/api.w.org\/{rel}","templated":true}]}}