{"id":777964,"date":"2026-02-07T02:41:10","date_gmt":"2026-02-07T02:41:10","guid":{"rendered":"https:\/\/www.europesays.com\/de\/777964\/"},"modified":"2026-02-07T02:41:10","modified_gmt":"2026-02-07T02:41:10","slug":"usa-und-iran-donald-trump-spricht-von-guten-verhandlungen-mit-dem-iran","status":"publish","type":"post","link":"https:\/\/www.europesays.com\/de\/777964\/","title":{"rendered":"USA und Iran: Donald Trump spricht von guten Verhandlungen mit dem Iran"},"content":{"rendered":"<p class=\"paragraph article__item\">Die indirekten <a href=\"https:\/\/www.zeit.de\/politik\/ausland\/2026-02\/iran-usa-atom-gespraeche-oman\" class=\"\" target=\"_blank\" rel=\"nofollow noopener\">Verhandlungen zwischen den USA und dem Iran<\/a><br \/>\nim <a class=\"rtr-entity\" href=\"https:\/\/www.zeit.de\/thema\/oman\" rel=\"nofollow noopener\" target=\"_blank\">Oman<\/a> sind laut US-Pr\u00e4sident <a href=\"https:\/\/www.zeit.de\/thema\/donald-trump\" class=\"\" target=\"_blank\" rel=\"nofollow noopener\">Donald Trump<\/a> positiv verlaufen. &#8222;Der Iran<br \/>\nscheint sehr daran interessiert zu sein, ein Abkommen zu schlie\u00dfen&#8220;, sagte<br \/>\nTrump vor Journalisten auf dem Flug zu seinem Privatanwesen Mar-a-Lago im<br \/>\nUS-Bundesstaat Florida. Die Gespr\u00e4che seien &#8222;sehr gut&#8220; gewesen. Die n\u00e4chste Verhandlungsrunde<br \/>\nwerde Anfang der kommenden Woche stattfinden.\n<\/p>\n<p class=\"paragraph article__item\">Auch der iranische Au\u00dfenminister Abbas Araghtschi hatte die<br \/>\nAtmosph\u00e4re bei den Verhandlungen in der omanischen Hauptstadt Maskat als<br \/>\n&#8222;sehr positiv&#8220; bezeichnet. Laut Araghtschi konzentrierten sich die<br \/>\nGespr\u00e4che ausschlie\u00dflich auf <a class=\"rtr-entity\" href=\"https:\/\/www.zeit.de\/thema\/iran\" rel=\"nofollow noopener\" target=\"_blank\">Irans<\/a> Atomprogramm.\n<\/p>\n<p class=\"paragraph article__item\">F\u00fcr den Fall, dass es nicht zu einem Abkommen kommen sollte,<br \/>\ndrohte Trump erneut mit Konsequenzen. Er unterzeichnete ein Dekret, das die<br \/>\nErhebung von Strafz\u00f6llen von bis zu 25 Prozent gegen L\u00e4nder, die \u00d6l aus dem<br \/>\nIran beziehen, erm\u00f6glicht. Konkrete L\u00e4nder nannte Trump nicht. In Kraft gesetzt<br \/>\nwurden die Z\u00f6lle bisher nicht. Der US-Pr\u00e4sident hatte die Ma\u00dfnahme bereits <a href=\"https:\/\/www.zeit.de\/politik\/ausland\/2026-01\/protest-iran-zoelle-trump-handelspartner\" class=\"\" target=\"_blank\" rel=\"nofollow noopener\">im<br \/>\nJanuar angek\u00fcndigt<\/a>. Im September waren wegen des iranischen <a class=\"rtr-entity\" href=\"https:\/\/www.zeit.de\/thema\/atomprogramm\" rel=\"nofollow noopener\" target=\"_blank\">Atomprogramms<\/a> umfassende <a href=\"https:\/\/www.zeit.de\/politik\/ausland\/2025-11\/sanktionen-iran-lisa-neal-wirtschaftliche-auswirkungen-profiteure\" class=\"\" target=\"_blank\" rel=\"nofollow noopener\">UN-Sanktionen gegen das Land reaktiviert worden<\/a>.\u00a0\n<\/p>\n<p>            Dekrete des US-Pr\u00e4sidenten<\/p>\n<p class=\"paragraph article__item\">In den USA haben Pr\u00e4sidenten die M\u00f6glichkeit, per Dekret verbindliche Anordnungen f\u00fcr Beh\u00f6rden zu erlassen und bestehende Gesetze zu pr\u00e4zisieren oder weiterzuentwickeln. Auch den nationalen Notstand kann der Pr\u00e4sident durch eine sogenannte Executive Order verh\u00e4ngen.\n<\/p>\n<p class=\"paragraph article__item\">Vielen\u00a0US-Pr\u00e4sidenten wurde vorgeworfen, per Dekret zu regieren.\u00a0Da die sogenannten Executive Orders nicht den Gesetzgebungsprozess durchlaufen, hat der Pr\u00e4sident die M\u00f6glichkeit, durch den R\u00fcckgriff auf Dekrete den Kongress zu umgehen.\u00a0Zwar kann der Kongress Entscheidungen des Pr\u00e4sidenten durch neue Gesetze ersetzen oder Geld zur\u00fcckhalten, um die Umsetzung eines pr\u00e4sidentiellen\u00a0Dekrets zu verhindern. Dagegen kann jedoch wiederum der Pr\u00e4sident sein Veto einlegen. Dieses kann nur durch eine Zweidrittelmehrheit des Kongresses \u00fcberstimmt werden.\n<\/p>\n<p class=\"paragraph article__item\">Dekrete bleiben so lange in Kraft, bis der Pr\u00e4sident selbst oder sein Nachfolger sie aufhebt. Auch Gerichte k\u00f6nnen Dekrete f\u00fcr nichtig erkl\u00e4ren, wenn sie sie als Versto\u00df gegen die Verfassung einstufen. Donald Trumps Dekret zur Abschaffung des Rechts auf Staatsb\u00fcrgerschaft durch Geburt in den USA etwa wurde bereits von mehreren Gerichten gestoppt.\u00a0\n<\/p>\n<p class=\"paragraph article__item\">Bereits in seiner ersten Amtszeit hatten Gerichte mehrere von Trumps Dekreten au\u00dfer Kraft gesetzt. So hoben Richter wesentliche Bestimmungen des sogenannten Muslim Ban auf, mit dem Trump wenige Tage nach seinem\u00a0Amtsantritt 2017 Einreiseverbote f\u00fcr Menschen aus mehrheitlich muslimischen L\u00e4ndern erlassen hatte. Trump hob das Dekret schlie\u00dflich auf und ersetzte es durch ein neues, das ebenfalls Einreiseverbote enthielt. Dieses Dekret hob sein\u00a0Nachfolger Joe Biden am Tag seiner Amtseinf\u00fchrung 2021 auf.\n<\/p>\n<p>        Spannungen zwischen USA und Iran versch\u00e4rften sich        <\/p>\n<p class=\"paragraph article__item\">Die Sorge vor einer milit\u00e4rischen Eskalation in der<br \/>\nGolfregion hat zuletzt wieder zugenommen. Hintergrund sind wiederholte<br \/>\nDrohungen von Trump mit Milit\u00e4rschl\u00e4gen gegen den <a href=\"https:\/\/www.zeit.de\/thema\/iran\" class=\"\" target=\"_blank\" rel=\"nofollow noopener\">Iran<\/a>. Anlass waren unter<br \/>\nanderem die gewaltsame Niederschlagung regierungskritischer Proteste, bei denen<br \/>\nBerichten zufolge Tausende Menschen get\u00f6tet worden sein sollen. Seit Anfang<br \/>\nJanuar hat das US-Milit\u00e4r seine Pr\u00e4senz in der Region deutlich verst\u00e4rkt \u2013<br \/>\nunter anderem durch die Entsendung des Flugzeugtr\u00e4gers USS Abraham Lincoln.\n<\/p>\n<p>                            \u00a9\u00a0Lea Dohle<\/p>\n<p>\n                                        Newsletter<br \/>\n                                        Was jetzt? \u2013 Der t\u00e4gliche Morgen\u00fcberblick<\/p>\n<p class=\"newsletter-signup__text\">Starten Sie mit unserem kurzen Nachrichten-Newsletter in den Tag. Erhalten Sie zudem freitags das digitale Magazin ZEIT am Wochenende. W\u00e4hrend der Olympischen Winterspiele erhalten Sie au\u00dferdem t\u00e4glich den Sondernewsletter Schnee von heute.<\/p>\n<p class=\"newsletter-signup__datapolicy\" hidden=\"\">\n            Mit Ihrer Registrierung nehmen Sie die <a href=\"https:\/\/datenschutz.zeit.de\/zon#Newsletter\" target=\"_blank\" rel=\"nofollow noopener\">Datenschutzerkl\u00e4rung<\/a> zur Kenntnis.\n        <\/p>\n<p>    Vielen Dank! Wir haben Ihnen eine E-Mail geschickt.<\/p>\n<p>Pr\u00fcfen Sie Ihr Postfach und best\u00e4tigen Sie das Newsletter-Abonnement.<\/p>\n<p class=\"paragraph article__item\">Die US-Regierung sieht bei den Gespr\u00e4chen auch die<br \/>\nReichweite iranischer Raketen, die iranische Unterst\u00fctzung militanter Gruppen wie der<br \/>\nHisbollah oder der Huthi-Miliz sowie die innenpolitische Lage im Iran als<br \/>\nwichtige Themen. \u00a0\n<\/p>\n<p class=\"paragraph article__item\">Bereits im Vorjahr hatten beide Staaten \u00fcber das <a href=\"https:\/\/www.zeit.de\/thema\/atomprogramm\" class=\"\" target=\"_blank\" rel=\"nofollow noopener\">iranische<br \/>\nAtomprogramm<\/a>\u00a0verhandelt. Die Gespr\u00e4che waren jedoch an zentralen Streitpunkten<br \/>\nins Stocken geraten. Die <a class=\"rtr-entity\" href=\"https:\/\/www.zeit.de\/thema\/usa\" rel=\"nofollow noopener\" target=\"_blank\">USA<\/a> fordern unter anderem ein vollst\u00e4ndiges Ende der<br \/>\nUrananreicherung durch den Iran.\n<\/p>\n<p>Mehr zum Thema<\/p>\n<p>            Iran        <\/p>\n<p>                <a href=\"https:\/\/www.zeit.de\/politik\/ausland\/2026-02\/us-verhandlungen-iran-oman-atomprogramm-faq\" data-ct-label=\"US-Verhandlungen mit dem Iran: Die roten Linien des Regimes\" data-uuid=\"19e44f38-cb68-4cbc-b002-56ac0417dfeb\" rel=\"nofollow noopener\" target=\"_blank\"><\/p>\n<p>                        US-Verhandlungen mit dem Iran:<br \/>\n                        Die roten Linien des Regimes<\/p>\n<p>                <\/a><\/p>\n<p>                <a href=\"https:\/\/www.zeit.de\/kultur\/2026-02\/iran-gewalt-berichterstattung-regime-menschenrechte\" data-ct-label=\"Gewalt im Iran: Manche m\u00fcssen f\u00fcr die Kugeln zahlen, die ihre Lieben get\u00f6tet haben\" data-uuid=\"6eaefe3a-4be2-4be1-9f81-5fc5321c541e\" rel=\"nofollow noopener\" target=\"_blank\"><\/p>\n<p>        Z+ (abopflichtiger Inhalt);<\/p>\n<p>    Gewalt im Iran:<br \/>\n                        Manche m\u00fcssen f\u00fcr die Kugeln zahlen, die ihre Lieben get\u00f6tet haben<\/p>\n<p>                <\/a><\/p>\n<p>                <a href=\"https:\/\/www.zeit.de\/2026\/06\/proteste-iran-massaker-getoetete-vermisste-usa\" data-ct-label=\"Proteste im Iran: Jetzt zeigt sich das Ausma\u00df des Grauens\" data-uuid=\"70f6fc9f-f21d-4a2f-ad4c-a5533d93231e\" rel=\"nofollow noopener\" target=\"_blank\"><\/p>\n<p>        Z+ (abopflichtiger Inhalt);<\/p>\n<p>    Proteste im Iran:<br \/>\n                        Jetzt zeigt sich das Ausma\u00df des Grauens<\/p>\n<p>                <\/a><\/p>\n","protected":false},"excerpt":{"rendered":"Die indirekten Verhandlungen zwischen den USA und dem Iran im Oman sind laut US-Pr\u00e4sident Donald Trump positiv verlaufen.&hellip;\n","protected":false},"author":2,"featured_media":777965,"comment_status":"","ping_status":"","sticky":false,"template":"","format":"standard","meta":{"footnotes":"","_share_on_mastodon":"0"},"categories":[3977],"tags":[9977,331,332,27004,346,106,6784,13,345,14,15,15643,16,12,943,4017,4018,4016,64,176148,4019,4020,2066],"class_list":["post-777964","post","type-post","status-publish","format-standard","has-post-thumbnail","category-usa","tag-abbas-araghtschi","tag-aktuelle-nachrichten","tag-aktuelle-news","tag-atomgespraech","tag-atomprogramm","tag-donald-trump","tag-florida","tag-headlines","tag-iran","tag-nachrichten","tag-news","tag-oman","tag-politik","tag-schlagzeilen","tag-strafzoll","tag-united-states","tag-united-states-of-america","tag-us","tag-usa","tag-usa-und-iran","tag-vereinigte-staaten","tag-vereinigte-staaten-von-amerika","tag-verhandlung"],"share_on_mastodon":{"url":"https:\/\/pubeurope.com\/@de\/116027043494895051","error":""},"_links":{"self":[{"href":"https:\/\/www.europesays.com\/de\/wp-json\/wp\/v2\/posts\/777964","targetHints":{"allow":["GET"]}}],"collection":[{"href":"https:\/\/www.europesays.com\/de\/wp-json\/wp\/v2\/posts"}],"about":[{"href":"https:\/\/www.europesays.com\/de\/wp-json\/wp\/v2\/types\/post"}],"author":[{"embeddable":true,"href":"https:\/\/www.europesays.com\/de\/wp-json\/wp\/v2\/users\/2"}],"replies":[{"embeddable":true,"href":"https:\/\/www.europesays.com\/de\/wp-json\/wp\/v2\/comments?post=777964"}],"version-history":[{"count":0,"href":"https:\/\/www.europesays.com\/de\/wp-json\/wp\/v2\/posts\/777964\/revisions"}],"wp:featuredmedia":[{"embeddable":true,"href":"https:\/\/www.europesays.com\/de\/wp-json\/wp\/v2\/media\/777965"}],"wp:attachment":[{"href":"https:\/\/www.europesays.com\/de\/wp-json\/wp\/v2\/media?parent=777964"}],"wp:term":[{"taxonomy":"category","embeddable":true,"href":"https:\/\/www.europesays.com\/de\/wp-json\/wp\/v2\/categories?post=777964"},{"taxonomy":"post_tag","embeddable":true,"href":"https:\/\/www.europesays.com\/de\/wp-json\/wp\/v2\/tags?post=777964"}],"curies":[{"name":"wp","href":"https:\/\/api.w.org\/{rel}","templated":true}]}}