{"id":778081,"date":"2026-02-07T03:53:11","date_gmt":"2026-02-07T03:53:11","guid":{"rendered":"https:\/\/www.europesays.com\/de\/778081\/"},"modified":"2026-02-07T03:53:11","modified_gmt":"2026-02-07T03:53:11","slug":"mannheim-leiter-des-benz-werks-andreas-moch-geht-wirtschaft-regional","status":"publish","type":"post","link":"https:\/\/www.europesays.com\/de\/778081\/","title":{"rendered":"Mannheim: Leiter des Benz-Werks Andreas Moch geht &#8211; Wirtschaft Regional"},"content":{"rendered":"<p>Mannheim. (RNZ) \u00dcberraschende Personalie bei Daimler Truck: Andreas Moch, seit 13\u2005Jahren Standortleiter des Mercedes-Benz-Werks in Mannheim, verl\u00e4sst das Unternehmen Ende Juli. Das teilte der Konzern am Freitag in Leinfelden-Echterdingen mit. Seine Nachfolger tritt demnach zum 1. Juli Gerald Tropper an. <\/p>\n<p>Andreas Moch, 58 Jahre alt und seit 33 Jahren bei Daimler Truck, gehe auf eigenen Wunsch, hei\u00dft es in der Mitteilung. Er habe die Ausrichtung und die Kultur des Standorts ma\u00dfgeblich gepr\u00e4gt und die Zukunftsf\u00e4higkeit der Motorenproduktion in Mannheim gest\u00e4rkt, sagte Yaris P\u00fcrs\u00fcn, Leiter des globalen Produktionsnetzwerkes f\u00fcr Antriebskomponenten bei Daimler Truck, demnach. &#8222;Des Weiteren hat er den Standort zum leistungsstarken Kompetenzzentrum f\u00fcr Batterie- und Hochvoltsysteme weiterentwickelt.&#8220; <\/p>\n<p>Nachfolger Gerald Tropper (49) ist derzeit Leiter Corporate Audit bei Daimler Truck. Er begann 1993 mit einer Ausbildung zum Automobilmechaniker in der Mercedes-Benz Niederlassung M\u00fcnchen. Nach dem Wirtschaftsingenieursstudium kehrte er 2003 zur Daimler AG zur\u00fcck. <\/p>\n<p>Wechsel gibt es auch in anderen Werken des Nutzfahrzeugbauers: Thomas Twork (53), derzeit Standortverantwortlicher in Gaggenau, \u00fcbernimmt zum 1.\u2005April die Leitung in W\u00f6rth und die Leitung Produktion Mercedes-Benz Trucks. <\/p>\n<p>Er folgt auf Andreas Bachhofer (56), der laut Mitteilung ab 1. April eine neue, \u00fcbergreifende F\u00fchrungsaufgabe erh\u00e4lt. Im Mercedes-Benz Werk Gaggenau folgt, ebenfalls zum 1. April, J\u00fcrgen Betz (55) auf Thomas Twork. Betz ist bisher Leiter der globalen Produktionsplanung f\u00fcr Antriebskomponenten.<\/p>\n","protected":false},"excerpt":{"rendered":"Mannheim. (RNZ) \u00dcberraschende Personalie bei Daimler Truck: Andreas Moch, seit 13\u2005Jahren Standortleiter des Mercedes-Benz-Werks in Mannheim, verl\u00e4sst das&hellip;\n","protected":false},"author":2,"featured_media":778082,"comment_status":"","ping_status":"","sticky":false,"template":"","format":"standard","meta":{"footnotes":"","_share_on_mastodon":"0"},"categories":[1845],"tags":[1634,3364,29,548,663,3934,30,13,2096,14,15,12,20418],"class_list":["post-778081","post","type-post","status-publish","format-standard","has-post-thumbnail","category-mannheim","tag-baden-wuerttemberg","tag-de","tag-deutschland","tag-eu","tag-europa","tag-europe","tag-germany","tag-headlines","tag-mannheim","tag-nachrichten","tag-news","tag-schlagzeilen","tag-wirtschaft-regional-sap-basf-hdcement-heideldruck-snp-mlp-suedzucker-ihk"],"share_on_mastodon":{"url":"https:\/\/pubeurope.com\/@de\/116027326754794320","error":""},"_links":{"self":[{"href":"https:\/\/www.europesays.com\/de\/wp-json\/wp\/v2\/posts\/778081","targetHints":{"allow":["GET"]}}],"collection":[{"href":"https:\/\/www.europesays.com\/de\/wp-json\/wp\/v2\/posts"}],"about":[{"href":"https:\/\/www.europesays.com\/de\/wp-json\/wp\/v2\/types\/post"}],"author":[{"embeddable":true,"href":"https:\/\/www.europesays.com\/de\/wp-json\/wp\/v2\/users\/2"}],"replies":[{"embeddable":true,"href":"https:\/\/www.europesays.com\/de\/wp-json\/wp\/v2\/comments?post=778081"}],"version-history":[{"count":0,"href":"https:\/\/www.europesays.com\/de\/wp-json\/wp\/v2\/posts\/778081\/revisions"}],"wp:featuredmedia":[{"embeddable":true,"href":"https:\/\/www.europesays.com\/de\/wp-json\/wp\/v2\/media\/778082"}],"wp:attachment":[{"href":"https:\/\/www.europesays.com\/de\/wp-json\/wp\/v2\/media?parent=778081"}],"wp:term":[{"taxonomy":"category","embeddable":true,"href":"https:\/\/www.europesays.com\/de\/wp-json\/wp\/v2\/categories?post=778081"},{"taxonomy":"post_tag","embeddable":true,"href":"https:\/\/www.europesays.com\/de\/wp-json\/wp\/v2\/tags?post=778081"}],"curies":[{"name":"wp","href":"https:\/\/api.w.org\/{rel}","templated":true}]}}