{"id":778222,"date":"2026-02-07T05:14:12","date_gmt":"2026-02-07T05:14:12","guid":{"rendered":"https:\/\/www.europesays.com\/de\/778222\/"},"modified":"2026-02-07T05:14:12","modified_gmt":"2026-02-07T05:14:12","slug":"29-mannheimer-vesperkirche-so-viele-besucher-wie-noch-nie","status":"publish","type":"post","link":"https:\/\/www.europesays.com\/de\/778222\/","title":{"rendered":"29. Mannheimer Vesperkirche: So viele Besucher wie noch nie"},"content":{"rendered":"<p>Am Sonntag geht die 29. Mannheimer Vesperkirche in der CityKirche Konkordien zu Ende. F\u00fcr die Organisatoren war es eine gro\u00dfe Herausforderung, denn in diesem Jahr wurden so viele Menschen mit einem warmen Mittagessen versorgt, wie noch nie. Die Ehrenamtlichen hatten seit dem 11. Januar alle H\u00e4nde voll zu tun und servierten durchschnittlich mehr als 700 Essen am Tag. Im Vergleich zum Vorjahr ein Plus von rund 15 Prozent, informierten die Organisatoren der Evangelischen Kirche am Freitag. <\/p>\n<p><img src=\"https:\/\/www.europesays.com\/de\/wp-content\/uploads\/2026\/02\/1770440899083,vesperkirche-mannheim-2026-102~_v-16x9@2dS_-6be50a9c75559ca1aaf1d0b25bae287afdcd877a.j.jpeg\"   class=\"\" data-copyright=\"Foto: Till Kretner\" alt=\"Vesperkirche Mannheim\" title=\"Vesperkirche Mannheim (Foto: Till Kretner)\" width=\"320\" height=\"180\" decoding=\"async\" loading=\"lazy\"\/><\/p>\n<p>Unter den 800 Ehrenamtlichen waren auch Familien, Sch\u00fcler-, Konfirmanden- und Firmengruppen.<\/p>\n<p><a rel=\"external nofollow\" class=\"link\" tabindex=\"-1\" itemprop=\"url\"><br \/>\nTill Kretner<br \/>\n<\/a><\/p>\n<p>Viele Besucher in finanzieller Not<\/p>\n<p>Es ist ein neuer Negativrekord, f\u00fcr den das diesj\u00e4hrige Vesperkirchen-Motto &#8222;Am Limit&#8220; bezeichnend ist. Immer mehr Menschen bef\u00e4nden sich in finanziellen und gesundheitlichen Notlagen, hei\u00dft es seitens der Kirche, viele seien mit den Krisen der Zeit \u00fcberfordert.       <\/p>\n<blockquote class=\"quote-blockquote\">\n<p>Die soziale Schieflage in unserer Gesellschaft macht sich immer deutlicher bemerkbar. <\/p>\n<\/blockquote>\n<p>Nicht nur Wohnungslose unter den G\u00e4sten<\/p>\n<p>Unter den G\u00e4sten waren viele Obdachlose, Menschen mit Drogenproblemen, Arbeitslose, Alleinerziehende und Zuwanderer aus den unterschiedlichsten L\u00e4ndern. Aber auch zahlreiche \u00e4ltere Besucherinnen und Besucher h\u00e4tten von dem vierw\u00f6chigen Angebot Gebrauch gemacht, bilanzierte die Mannheimer Vesperkirchen-Leitung. Viele Seniorinnen und Senioren bez\u00f6gen eine so schmale Rente, dass es zum Leben kaum reichen w\u00fcrde, erkl\u00e4rte Pfarrerin Ilka Sobottke. <\/p>\n<p>Besonders bitter sei es, wenn die Betroffenen ihr Leben lang gearbeitet h\u00e4tten und dennoch jeden Cent umdrehen m\u00fcssten. Tief ber\u00fchrt hat die Pfarrerin der Fall einer Ergotherapeutin, mit der sie w\u00e4hrend der Vesperkirche gesprochen hat.  <\/p>\n<blockquote class=\"quote-blockquote\">\n<p>Sie hat vierzig Jahre gearbeitet und hat unter 1.000 Euro Rente. Bei 600 Euro Miete bleibt ihr zum Leben kaum was \u00fcbrig. <\/p>\n<\/blockquote>\n<p>Gemeinschaft ist den Besuchern wichtig<\/p>\n<p>Andere G\u00e4ste seien regelm\u00e4\u00dfig gekommen, weil sie sich einsam f\u00fchlten. Sie habe nicht nur das warme Essen, sondern vor allem die Gemeinschaft am Tisch gelockt. 70 Ehrenamtliche waren bei der diesj\u00e4hrigen Vesperkirche t\u00e4glich im Einsatz, nicht nur, um den Bed\u00fcrftigen Essen zu servieren, sondern auch um Vesperbeutel zu packen, Einkaufs- und Lieferfahrten zu \u00fcbernehmen. <\/p>\n<p><img src=\"https:\/\/www.europesays.com\/de\/wp-content\/uploads\/2026\/02\/1770440899424,vesperkirche-mannheim-2026-100~_v-16x9@2dS_-6be50a9c75559ca1aaf1d0b25bae287afdcd877a.j.jpeg\"   class=\"\" data-copyright=\"Foto: Alexander K\u00e4stel\" alt=\"Vesperkirche Mannheim\" title=\"Vesperkirche Mannheim (Foto: Alexander K\u00e4stel)\" width=\"320\" height=\"180\" decoding=\"async\" loading=\"lazy\"\/><\/p>\n<p>F\u00fcr viele Besucher war auch die Gemeinschaft sehr wichtig.<\/p>\n<p><a rel=\"external nofollow\" class=\"link\" tabindex=\"-1\" itemprop=\"url\"><br \/>\nAlexander K\u00e4stel<br \/>\n<\/a><\/p>\n<p>Auch das begleitende Hilfs- und Beratungsangebot wurde nach Angaben der Evangelischen Kirche w\u00e4hrend der Vesperkirche rege genutzt. Menschen ohne Krankenversicherung konnten sich behandeln lassen, andere fanden Unterst\u00fctzung bei der Wohnungssuche. F\u00fcr von Armut betroffene Menschen sei die Digitalisierung auf dem Wohnungsmarkt oft ein gro\u00dfes Hindernis, erkl\u00e4rte Marie-Louise Uhrig vom Haus Bethanien, einer kirchlichen Einrichtung f\u00fcr Wohnsitzlose.<\/p>\n<blockquote class=\"quote-blockquote\">\n<p>Ohne modernes Smart-Phone oder einen E-Mail-Account ist es heutzutage schwierig, eine Wohnung zu finden.  <\/p>\n<\/blockquote>\n<p>Wohnungslotsen helfen Menschen ohne Bleibe<\/p>\n<p>Erstmals in diesem Jahr standen Betroffenen deshalb w\u00e4hrend der Vesperkirche sogenannte Wohnungslotsen zur Seite, die bei der Suche nach einer Unterkunft halfen.     <\/p>\n<p>Am Sonntag endet die Vesperkirche mit einem feierlichen Abschlussgottesdienst um 14:15 Uhr unter der Leitung des evangelischen Mannheimer Schuldekans Andreas Weisbrod. Mit dem Ende der Vesperkirche bleibt der DiakoniePunkt Konkordien als &#8222;kleine Vesperkirche&#8220; weiterhin ge\u00f6ffnet \u2013 montags bis freitags mit Mittagessen, Kaffee, Kuchen und Kleiderausgabe. <\/p>\n","protected":false},"excerpt":{"rendered":"Am Sonntag geht die 29. Mannheimer Vesperkirche in der CityKirche Konkordien zu Ende. F\u00fcr die Organisatoren war es&hellip;\n","protected":false},"author":2,"featured_media":778223,"comment_status":"","ping_status":"","sticky":false,"template":"","format":"standard","meta":{"footnotes":"","_share_on_mastodon":"0"},"categories":[1845],"tags":[1634,3364,29,548,663,3934,30,13,2096,14,15,12],"class_list":["post-778222","post","type-post","status-publish","format-standard","has-post-thumbnail","category-mannheim","tag-baden-wuerttemberg","tag-de","tag-deutschland","tag-eu","tag-europa","tag-europe","tag-germany","tag-headlines","tag-mannheim","tag-nachrichten","tag-news","tag-schlagzeilen"],"share_on_mastodon":{"url":"https:\/\/pubeurope.com\/@de\/116027645361177458","error":""},"_links":{"self":[{"href":"https:\/\/www.europesays.com\/de\/wp-json\/wp\/v2\/posts\/778222","targetHints":{"allow":["GET"]}}],"collection":[{"href":"https:\/\/www.europesays.com\/de\/wp-json\/wp\/v2\/posts"}],"about":[{"href":"https:\/\/www.europesays.com\/de\/wp-json\/wp\/v2\/types\/post"}],"author":[{"embeddable":true,"href":"https:\/\/www.europesays.com\/de\/wp-json\/wp\/v2\/users\/2"}],"replies":[{"embeddable":true,"href":"https:\/\/www.europesays.com\/de\/wp-json\/wp\/v2\/comments?post=778222"}],"version-history":[{"count":0,"href":"https:\/\/www.europesays.com\/de\/wp-json\/wp\/v2\/posts\/778222\/revisions"}],"wp:featuredmedia":[{"embeddable":true,"href":"https:\/\/www.europesays.com\/de\/wp-json\/wp\/v2\/media\/778223"}],"wp:attachment":[{"href":"https:\/\/www.europesays.com\/de\/wp-json\/wp\/v2\/media?parent=778222"}],"wp:term":[{"taxonomy":"category","embeddable":true,"href":"https:\/\/www.europesays.com\/de\/wp-json\/wp\/v2\/categories?post=778222"},{"taxonomy":"post_tag","embeddable":true,"href":"https:\/\/www.europesays.com\/de\/wp-json\/wp\/v2\/tags?post=778222"}],"curies":[{"name":"wp","href":"https:\/\/api.w.org\/{rel}","templated":true}]}}