{"id":778320,"date":"2026-02-07T06:11:10","date_gmt":"2026-02-07T06:11:10","guid":{"rendered":"https:\/\/www.europesays.com\/de\/778320\/"},"modified":"2026-02-07T06:11:10","modified_gmt":"2026-02-07T06:11:10","slug":"gil-ofarim-er-bricht-sein-schweigen-zum-davidstern-skandal","status":"publish","type":"post","link":"https:\/\/www.europesays.com\/de\/778320\/","title":{"rendered":"Gil Ofarim: Er bricht sein Schweigen zum Davidstern-Skandal"},"content":{"rendered":"<p>Gil Ofarim im Dschungelcamp \u00fcber Davidstern-Skandal\u00a0<\/p>\n<p>Gil Ofarim (43) bricht \u00fcberraschend doch noch sein Schweigen: Knapp zwei Tage vor dem Finale \u00e4u\u00dferte sich der S\u00e4nger im Gespr\u00e4ch mit Simone Ballack (49) am Lagerfeuer kurzerhand <strong>doch noch zu dem Davidstern-Skandal,<\/strong> nachdem die ihm zuvor er\u00f6ffnet hatte, noch das ein oder andere Thema mit ihm offen zu haben und ihn dann ganz direkt mit seiner L\u00fcge konfrontierte. Daraufhin erkl\u00e4rte der 43-J\u00e4hrige, der mittlerweile sogar <a href=\"https:\/\/www.ok-magazin.de\/tv-streaming\/dschungelcamp-umfrage-weit-vorn-gil-ofarim-holt-sich-laut-fans-die-dschungelkrone-112143.html\" data-entity-type=\"node\" data-entity-uuid=\"4d1fa49a-8556-466b-b685-d943ad68a8a8\" data-entity-substitution=\"canonical\" rel=\"nofollow noopener\" target=\"_blank\">als Favorit f\u00fcr den Dschungelthron gilt<\/a>, unerwartet:\u00a0<\/p>\n<blockquote>\n<p>Es wurde nachgewiesen, dass das Band, nicht das Originalband ist. Es wurde nachgewiesen, dass von allen Kameraaufnahmen mehrere Sekunden gefehlt haben. Es gab einen Zeugen, der in der Schlange stand, den ich nicht kennt, der mehrfach ausgesagt hat, er hat den Davidstern gesehen.<\/p>\n<\/blockquote>\n<p>Und weiter: &#8222;Das Video, das ist Umlauf ist, ist nicht das Original. Das Video, das der Digitalforensiker hatte, ist nicht das Original.&#8220;\u00a0<\/p>\n<p>Zur Verschwiegenheit verpflichtet: Bekommt der S\u00e4nger nun Probleme?<\/p>\n<p>Zur Erinnerung: Nachdem Ofarim einen Leipziger Hotelmitarbeiter 2021 beschuldigt hatte, ihn wegen seiner Davidsternkette antisemitisch beleidigt zu haben, kamen schnell Zweifel an den Schilderungen auf. Vor allem Aufnahmen der \u00dcberwachungskameras schienen zu zeigen, dass der S\u00e4nger <strong>die besagte Kette m\u00f6glicherweise gar nicht getragen haben k\u00f6nnte<\/strong>. Vor Gericht gab er dann Ende 2023 zu, gelogen zu haben und entschuldigte sich bei dem Hotelmitarbeiter.<\/p>\n<p>Dass er aber nun im Dschungelcamp doch noch auf das Thema zu sprechen kommt, ist \u00fcberraschend, denn der 43-J\u00e4hrige hatte immer wieder betont, sich aufgrund <a href=\"https:\/\/www.ok-magazin.de\/people\/gil-ofarim-anwalt-enthuellt-maulkorb-von-seinen-anwaelten-bekommen-112106.html\" data-entity-type=\"node\" data-entity-uuid=\"99b1a227-9869-4701-9ee1-08cba7158442\" data-entity-substitution=\"canonical\" rel=\"nofollow noopener\" target=\"_blank\">einer Verschwiegenheitserkl\u00e4rung<\/a> nicht zu all dem \u00e4u\u00dfern zu d\u00fcrfen. Und auch sein Anwalt Dr. Alexander Stevens hatte betont, dass Gil von ihm und einem weiteren Kollegen<strong> eine Art &#8222;Maulkorb&#8220; verpasst bekommen hatte<\/strong>, was das Thema angeht. Was der nun zu Gils neuesten Enth\u00fcllungen sagt, bleibt abzuwarten.<\/p>\n","protected":false},"excerpt":{"rendered":"Gil Ofarim im Dschungelcamp \u00fcber Davidstern-Skandal\u00a0 Gil Ofarim (43) bricht \u00fcberraschend doch noch sein Schweigen: Knapp zwei Tage&hellip;\n","protected":false},"author":2,"featured_media":778321,"comment_status":"","ping_status":"","sticky":false,"template":"","format":"standard","meta":{"footnotes":"","_share_on_mastodon":"0"},"categories":[1776],"tags":[1801,106064,29,933,214,30,21125,1802,640,129721,215],"class_list":["post-778320","post","type-post","status-publish","format-standard","has-post-thumbnail","category-prominente","tag-celebrities","tag-deutsche-stars","tag-deutschland","tag-dschungelcamp","tag-entertainment","tag-germany","tag-gil-ofarim","tag-prominente","tag-rtl","tag-simone-ballack","tag-unterhaltung"],"share_on_mastodon":{"url":"https:\/\/pubeurope.com\/@de\/116027869296514308","error":""},"_links":{"self":[{"href":"https:\/\/www.europesays.com\/de\/wp-json\/wp\/v2\/posts\/778320","targetHints":{"allow":["GET"]}}],"collection":[{"href":"https:\/\/www.europesays.com\/de\/wp-json\/wp\/v2\/posts"}],"about":[{"href":"https:\/\/www.europesays.com\/de\/wp-json\/wp\/v2\/types\/post"}],"author":[{"embeddable":true,"href":"https:\/\/www.europesays.com\/de\/wp-json\/wp\/v2\/users\/2"}],"replies":[{"embeddable":true,"href":"https:\/\/www.europesays.com\/de\/wp-json\/wp\/v2\/comments?post=778320"}],"version-history":[{"count":0,"href":"https:\/\/www.europesays.com\/de\/wp-json\/wp\/v2\/posts\/778320\/revisions"}],"wp:featuredmedia":[{"embeddable":true,"href":"https:\/\/www.europesays.com\/de\/wp-json\/wp\/v2\/media\/778321"}],"wp:attachment":[{"href":"https:\/\/www.europesays.com\/de\/wp-json\/wp\/v2\/media?parent=778320"}],"wp:term":[{"taxonomy":"category","embeddable":true,"href":"https:\/\/www.europesays.com\/de\/wp-json\/wp\/v2\/categories?post=778320"},{"taxonomy":"post_tag","embeddable":true,"href":"https:\/\/www.europesays.com\/de\/wp-json\/wp\/v2\/tags?post=778320"}],"curies":[{"name":"wp","href":"https:\/\/api.w.org\/{rel}","templated":true}]}}