{"id":778357,"date":"2026-02-07T06:34:12","date_gmt":"2026-02-07T06:34:12","guid":{"rendered":"https:\/\/www.europesays.com\/de\/778357\/"},"modified":"2026-02-07T06:34:12","modified_gmt":"2026-02-07T06:34:12","slug":"3-liga-frauen-bundesliga-ulm-verliert-bei-seegerts-rueckkehr","status":"publish","type":"post","link":"https:\/\/www.europesays.com\/de\/778357\/","title":{"rendered":"3. Liga &#038; Frauen-Bundesliga: Ulm verliert bei Seegerts R\u00fcckkehr"},"content":{"rendered":"<p>Mannheim. Zum Auftakt des 23. Spieltags der 3. Liga gewinnt der SV Waldhof Mannheim mit 2:1 gegen den SSV Ulm 1846. Die Partie zwischen Mannheim und Ulm stand unter besonderen Vorzeichen, unter anderem wegen der emotionalen R\u00fcckkehr von Marcel Seegert in seine alte Heimat. Die 3 liga mannheim ulm Begegnung bot viel Spannung und Spielpraxis im Abstiegskampf.<\/p>\n<p>Spannender Liga-Start<\/p>\n<p>Der SV Waldhof Mannheim setzte sich im Heimspiel gegen den SSV Ulm mit 2:1 durch und konnte damit den zweiten Sieg in Folge nach zwei Niederlagen zum Start der R\u00fcckrunde feiern. Bereits vor der Pause sorgten Felix Lohkemper und Kushtrim Asallari mit ihren Treffern f\u00fcr eine komfortable 2:0-F\u00fchrung. F\u00fcr Ulm gelang lediglich Max Brandt der Anschlusstreffer.<\/p>\n<p>Emotionale R\u00fcckkehr von Marcel Seegert<\/p>\n<p>Ein besonderes Highlight war die R\u00fcckkehr von Marcel Seegert, der nach neun Jahren und 315 Spielen f\u00fcr Mannheim nun in Reihen der Ulmer spielte. Vor Anpfiff wurde er von seinem ehemaligen Verein offiziell verabschiedet. Seegert kommentierte die Partie als \u201ebrutal intensiv, emotional\u201c und bedankte sich f\u00fcr die \u201ewirklich nette Geste\u201c des SV Waldhof.<\/p>\n<blockquote class=\"wp-block-quote is-layout-flow wp-block-quote-is-layout-flow\">\n<p>\u201eDer ganze Tag ist etwas ganz, ganz anderes als jedes andere Pflichtspiel\u201c, sagte der Abwehrspieler.<\/p>\n<\/blockquote>\n<p>Trotz einer starken Leistung seines Teams musste er mit Ulm die Niederlage hinnehmen. Ulm zeigte sich k\u00e4mpferisch, verzeichnete in der zweiten Halbzeit sogar eine \u00dcberzahl durch die Rote Karte f\u00fcr Niklas Hoffmann, konnte daraus aber kein Kapital schlagen.<\/p>\n<p>Mannschaftsleistung und Trainerkommentare<\/p>\n<p>Mannheims Trainer Luc Holtz betonte die Bedeutung des Sieges f\u00fcr den Klassenerhalt: \u201eDer Sieg heute war nach unten extrem wichtig. Wir schielen immer nach unten und wollen damit nichts zu tun haben.\u201c Felix Lohkemper zeigte sich zufrieden mit dem Auftreten seiner Mannschaft, mahnte aber zugleich zur Bodenst\u00e4ndigkeit. Er beschrieb die Partie als \u201eabgekl\u00e4rt\u201c und lobte insbesondere die Umschaltmomente seines Teams.<\/p>\n<blockquote class=\"wp-block-quote is-layout-flow wp-block-quote-is-layout-flow\">\n<p>\u201eWir m\u00fcssen mit beiden F\u00fc\u00dfen auf dem Boden bleiben, weiter hart arbeiten und von Spiel zu Spiel schauen\u201c, sagte Holtz.<\/p>\n<\/blockquote>\n<p>Ulm-Trainer Pavel Dotchev sah ein Spiel auf Augenh\u00f6he, kritisierte jedoch zwei Stellungsfehler, die zu Gegentoren f\u00fchrten: \u201eDas Ergebnis ist zwar schlecht. Aber die Leistung war top!\u201c<\/p>\n<p>Fu\u00dfball live bei MagentaSport und Ausblick<\/p>\n<p>Das Programm der 3. Liga und der Frauen-Bundesliga bei MagentaSport bietet nach diesem spannenden Spieltag weitere Begegnungen, wie den Abstiegsgipfel zwischen Erzgebirge Aue und dem 1. FC Saarbr\u00fccken am Samstag. Fu\u00dfballfans aus der Region k\u00f6nnen so weiterhin ihre Teams verfolgen und die Entwicklungen in den Ligen beobachten.<\/p>\n<p>Welche Bedeutung das f\u00fcr die Region hat, zeigt der folgende Abschnitt.<\/p>\n<p>Regionale Bedeutung und Ausblick<\/p>\n<p>Der Sieg von Mannheim ist ein wichtiger Schritt im Kampf um den Klassenerhalt und gibt der Mannschaft neuen Auftrieb nach durchwachsenen Wochen. F\u00fcr die Region bedeutet dies eine weiterhin hohe Pr\u00e4senz des SV Waldhof Mannheim in der 3. Liga, was das Interesse an lokalen Fu\u00dfballereignissen st\u00e4rkt. F\u00fcr Ulm bleibt die Lage angespannt, da die Mannschaft dringend Punkte im Abstiegskampf ben\u00f6tigt.<\/p>\n<p>Fans profitieren von umfangreichen Live-\u00dcbertragungen bei <a href=\"https:\/\/www.magentasport.de\" rel=\"nofollow noopener\" target=\"_blank\">MagentaSport<\/a>, die alle Spiele der 3. Liga und Frauen-Bundesliga zeigen. Weitere Informationen zur 3. Liga erhalten Interessierte auf <a href=\"https:\/\/regionalupdate.de\" rel=\"nofollow noopener\" target=\"_blank\">regionalupdate.de<\/a> sowie auf der offiziellen Website des <a href=\"https:\/\/www.dfb.de\" rel=\"nofollow noopener\" target=\"_blank\">Deutschen Fu\u00dfball-Bundes (DFB)<\/a>.<\/p>\n<p>Zudem gehen die Planungen f\u00fcr die kommenden Spiele und die Ausbildung junger Talente in den Vereinen weiter, um langfristig erfolgreich zu bleiben und die lokale Fu\u00dfballkultur zu f\u00f6rdern.<\/p>\n","protected":false},"excerpt":{"rendered":"Mannheim. Zum Auftakt des 23. Spieltags der 3. Liga gewinnt der SV Waldhof Mannheim mit 2:1 gegen den&hellip;\n","protected":false},"author":2,"featured_media":551557,"comment_status":"","ping_status":"","sticky":false,"template":"","format":"standard","meta":{"footnotes":"","_share_on_mastodon":"0"},"categories":[1845],"tags":[1634,3364,29,548,663,3934,30,13,2096,14,15,12],"class_list":["post-778357","post","type-post","status-publish","format-standard","has-post-thumbnail","category-mannheim","tag-baden-wuerttemberg","tag-de","tag-deutschland","tag-eu","tag-europa","tag-europe","tag-germany","tag-headlines","tag-mannheim","tag-nachrichten","tag-news","tag-schlagzeilen"],"share_on_mastodon":{"url":"https:\/\/pubeurope.com\/@de\/116027959851150718","error":""},"_links":{"self":[{"href":"https:\/\/www.europesays.com\/de\/wp-json\/wp\/v2\/posts\/778357","targetHints":{"allow":["GET"]}}],"collection":[{"href":"https:\/\/www.europesays.com\/de\/wp-json\/wp\/v2\/posts"}],"about":[{"href":"https:\/\/www.europesays.com\/de\/wp-json\/wp\/v2\/types\/post"}],"author":[{"embeddable":true,"href":"https:\/\/www.europesays.com\/de\/wp-json\/wp\/v2\/users\/2"}],"replies":[{"embeddable":true,"href":"https:\/\/www.europesays.com\/de\/wp-json\/wp\/v2\/comments?post=778357"}],"version-history":[{"count":0,"href":"https:\/\/www.europesays.com\/de\/wp-json\/wp\/v2\/posts\/778357\/revisions"}],"wp:featuredmedia":[{"embeddable":true,"href":"https:\/\/www.europesays.com\/de\/wp-json\/wp\/v2\/media\/551557"}],"wp:attachment":[{"href":"https:\/\/www.europesays.com\/de\/wp-json\/wp\/v2\/media?parent=778357"}],"wp:term":[{"taxonomy":"category","embeddable":true,"href":"https:\/\/www.europesays.com\/de\/wp-json\/wp\/v2\/categories?post=778357"},{"taxonomy":"post_tag","embeddable":true,"href":"https:\/\/www.europesays.com\/de\/wp-json\/wp\/v2\/tags?post=778357"}],"curies":[{"name":"wp","href":"https:\/\/api.w.org\/{rel}","templated":true}]}}