{"id":778502,"date":"2026-02-07T07:58:09","date_gmt":"2026-02-07T07:58:09","guid":{"rendered":"https:\/\/www.europesays.com\/de\/778502\/"},"modified":"2026-02-07T07:58:09","modified_gmt":"2026-02-07T07:58:09","slug":"streckensperrung-die-planungen-der-bahn-sind-eine-zumutung-meinung","status":"publish","type":"post","link":"https:\/\/www.europesays.com\/de\/778502\/","title":{"rendered":"Streckensperrung: Die Planungen der Bahn sind eine Zumutung &#8211; Meinung"},"content":{"rendered":"<p class=\"rhp-dpa-teaser\"><b>2029 will die Bahn die Strecke zwischen Saarbr\u00fccken und Ludwigshafen f\u00fcr sechs Monate sperren. F\u00fcr die Sanierung ist das von Vorteil, f\u00fcr die Fahrg\u00e4ste eine Katastrophe.<\/b><\/p>\n<p>Kennen Sie den schon? <b><a class=\"rtr-entity\" data-rtr-entity=\"Deutsche Bahn\" data-rtr-id=\"2c8485399ba5853abb187a70d476d39491b77207\" data-rtr-score=\"14.907935116177116\" data-rtr-etype=\"organisation\" data-rtr-index=\"7\" href=\"https:\/\/www.rheinpfalz.de\/themen\/deutsche-bahn?utm_source=rheinpfalz.de&amp;utm_medium=tms&amp;utm_campaign=intext\" rel=\"nofollow noopener\" target=\"_blank\">Deutsche Bahn<\/a> ist, wenn man um 12 Uhr losgeht und noch den Zug erwischt, der  um 11.34 Uhr fahren sollte.<\/b><\/p>\n<p> Witze \u00fcber die P\u00fcnktlichkeit der Bahn gibt es wohl mehr als p\u00fcnktliche Z\u00fcge. Und das kommt nicht von ungef\u00e4hr:  2025 lag die P\u00fcnktlichkeit im Fernverkehr<\/p>\n<p class=\"rhp-teaser\"><b>2029 will die Bahn die Strecke zwischen Saarbr\u00fccken und Ludwigshafen f\u00fcr sechs Monate sperren. F\u00fcr die Sanierung ist das von Vorteil, f\u00fcr die Fahrg\u00e4ste eine Katastrophe.<\/b><\/p>\n","protected":false},"excerpt":{"rendered":"2029 will die Bahn die Strecke zwischen Saarbr\u00fccken und Ludwigshafen f\u00fcr sechs Monate sperren. F\u00fcr die Sanierung ist&hellip;\n","protected":false},"author":2,"featured_media":778503,"comment_status":"","ping_status":"","sticky":false,"template":"","format":"standard","meta":{"footnotes":"","_share_on_mastodon":"0"},"categories":[1845],"tags":[1634,3364,2030,29,548,663,3934,30,13,15352,4060,25476,2096,176227,14,15,4180,12,35798],"class_list":["post-778502","post","type-post","status-publish","format-standard","has-post-thumbnail","category-mannheim","tag-baden-wuerttemberg","tag-de","tag-deutsche-bahn","tag-deutschland","tag-eu","tag-europa","tag-europe","tag-germany","tag-headlines","tag-kaiserslautern","tag-lokal","tag-ludwigshafen","tag-mannheim","tag-michael-heilmann","tag-nachrichten","tag-news","tag-saarbruecken","tag-schlagzeilen","tag-streckensperrung"],"share_on_mastodon":{"url":"https:\/\/pubeurope.com\/@de\/116028290181809533","error":""},"_links":{"self":[{"href":"https:\/\/www.europesays.com\/de\/wp-json\/wp\/v2\/posts\/778502","targetHints":{"allow":["GET"]}}],"collection":[{"href":"https:\/\/www.europesays.com\/de\/wp-json\/wp\/v2\/posts"}],"about":[{"href":"https:\/\/www.europesays.com\/de\/wp-json\/wp\/v2\/types\/post"}],"author":[{"embeddable":true,"href":"https:\/\/www.europesays.com\/de\/wp-json\/wp\/v2\/users\/2"}],"replies":[{"embeddable":true,"href":"https:\/\/www.europesays.com\/de\/wp-json\/wp\/v2\/comments?post=778502"}],"version-history":[{"count":0,"href":"https:\/\/www.europesays.com\/de\/wp-json\/wp\/v2\/posts\/778502\/revisions"}],"wp:featuredmedia":[{"embeddable":true,"href":"https:\/\/www.europesays.com\/de\/wp-json\/wp\/v2\/media\/778503"}],"wp:attachment":[{"href":"https:\/\/www.europesays.com\/de\/wp-json\/wp\/v2\/media?parent=778502"}],"wp:term":[{"taxonomy":"category","embeddable":true,"href":"https:\/\/www.europesays.com\/de\/wp-json\/wp\/v2\/categories?post=778502"},{"taxonomy":"post_tag","embeddable":true,"href":"https:\/\/www.europesays.com\/de\/wp-json\/wp\/v2\/tags?post=778502"}],"curies":[{"name":"wp","href":"https:\/\/api.w.org\/{rel}","templated":true}]}}