{"id":778646,"date":"2026-02-07T09:19:09","date_gmt":"2026-02-07T09:19:09","guid":{"rendered":"https:\/\/www.europesays.com\/de\/778646\/"},"modified":"2026-02-07T09:19:09","modified_gmt":"2026-02-07T09:19:09","slug":"aktuelle-blaulicht-meldungen-aus-mannheim","status":"publish","type":"post","link":"https:\/\/www.europesays.com\/de\/778646\/","title":{"rendered":"Aktuelle Blaulicht-Meldungen aus Mannheim"},"content":{"rendered":"<ol class=\"id-DonaldBreadcrumb lp_west_breadcrumb id-DonaldBreadcrumb--default\" data-k5a-pos=\"west_breadcrumb\">\n<li class=\"id-Breadcrumb-item\"><a href=\"https:\/\/www.mannheim24.de\/\" class=\"id-Breadcrumb-link\" data-id-ec=\"{\" shn=\"\" textlink=\"\" data-k5a-pos=\"1_mannheim24\" rel=\"nofollow noopener\" target=\"_blank\">Mannheim24<\/a><\/li>\n<li class=\"id-Breadcrumb-item\"><a href=\"https:\/\/www.mannheim24.de\/mannheim\/\" class=\"id-Breadcrumb-link\" data-id-ec=\"{\" shn=\"\" textlink=\"\" data-k5a-pos=\"2_mannheim\" rel=\"nofollow noopener\" target=\"_blank\">Mannheim<\/a><\/li>\n<\/ol>\n<p class=\"id-Story-timestamp id-Story-timestamp--default\">Stand: 07.02.2026, 10:06 Uhr<\/p>\n<p class=\"id-Story-interactionBar id-Story-interactionBar--default\">DruckenTeilen<\/p>\n<p class=\"id-StoryElement-leadText\">Mannheim &#8211; Aktuelle Blaulichtmeldungen aus der Quadratestadt kompakt im \u00dcberblick \u2013 schnell, zuverl\u00e4ssig, immer auf dem neuesten Stand.<\/p>\n<p class=\"id-StoryElement-factBox-paragraph\">In diesem News-Ticker fassen wir aktuelle Blaulichtmeldungen aus <a href=\"https:\/\/www.mannheim24.de\/mannheim\/mannheim-deutschland-quadratestadt-geschichte-sehenswuerdigkeiten-kultur-sport-musik-quadratestadt-13583297.html\" class=\"id-import-Link\" data-id-ec=\"{&quot;sht&quot;:&quot;Container&quot;,&quot;shn&quot;:&quot;Story&quot;,&quot;p&quot;:{&quot;containerType&quot;:&quot;FactBox&quot;,&quot;displayType&quot;:&quot;FactBox InlineLink&quot;,&quot;type&quot;:&quot;INLINE_LINK&quot;,&quot;value&quot;:&quot;Mannheim&quot;,&quot;variant&quot;:&quot;standardLink&quot;,&quot;sponsored&quot;:false,&quot;linkHref&quot;:&quot;https:\/\/www.mannheim24.de\/mannheim\/mannheim-deutschland-quadratestadt-geschichte-sehenswuerdigkeiten-kultur-sport-musik-quadratestadt-13583297.html&quot;,&quot;storyElementPosition&quot;:8,&quot;storyElementCount&quot;:21}}\" rel=\"nofollow noopener\" target=\"_blank\">Mannheim<\/a> zusammen.<\/p>\n<p>+++ Zwei Verletzte bei Unfall in Luzenberg +++<\/p>\n<p class=\"id-StoryElement-paragraph\"><strong>7. Februar, 9 Uh<\/strong>r: <a href=\"https:\/\/www.mannheim24.de\/mannheim\/luzenbergstrasse-unfall-sachschaden-verletzte-polizei-94159180.html\" class=\"id-import-Link\" data-id-ec=\"{&quot;sht&quot;:&quot;Container&quot;,&quot;shn&quot;:&quot;Story&quot;,&quot;p&quot;:{&quot;containerType&quot;:&quot;Paragraph&quot;,&quot;displayType&quot;:&quot;Paragraph InlineLink&quot;,&quot;type&quot;:&quot;INLINE_LINK&quot;,&quot;value&quot;:&quot;Bei einem Unfall in Luzenberg werden am Samstagmorgen zwei Menschen verletzt.&quot;,&quot;variant&quot;:&quot;standardLink&quot;,&quot;sponsored&quot;:false,&quot;linkHref&quot;:&quot;https:\/\/www.mannheim24.de\/mannheim\/luzenbergstrasse-unfall-sachschaden-verletzte-polizei-94159180.html&quot;,&quot;storyElementPosition&quot;:11,&quot;storyElementCount&quot;:21}}\" rel=\"nofollow noopener\" target=\"_blank\">Bei einem Unfall in Luzenberg werden am Samstagmorgen zwei Menschen verletzt.<\/a><\/p>\n<p>+++ Crash zwischen Stra\u00dfenbahn und SUV in Neckarau +++<\/p>\n<p class=\"id-StoryElement-paragraph\"><strong>6. Februar, 13:30 Uhr<\/strong>: <a href=\"https:\/\/www.mannheim24.de\/mannheim\/strassenbahn-suv-unfall-neckarauer-strasse-niederfeld-verletzte-94158182.html\" class=\"id-import-Link\" data-id-ec=\"{&quot;sht&quot;:&quot;Container&quot;,&quot;shn&quot;:&quot;Story&quot;,&quot;p&quot;:{&quot;containerType&quot;:&quot;Paragraph&quot;,&quot;displayType&quot;:&quot;Paragraph InlineLink&quot;,&quot;type&quot;:&quot;INLINE_LINK&quot;,&quot;value&quot;:&quot;Nach dem Zusammensto&#xDF; einer Stra&#xDF;enbahn und einem Mercedes-SUV in Neckarau werden mehrere Verletzte gemeldet.&quot;,&quot;variant&quot;:&quot;standardLink&quot;,&quot;sponsored&quot;:false,&quot;linkHref&quot;:&quot;https:\/\/www.mannheim24.de\/mannheim\/strassenbahn-suv-unfall-neckarauer-strasse-niederfeld-verletzte-94158182.html&quot;,&quot;storyElementPosition&quot;:14,&quot;storyElementCount&quot;:21}}\" rel=\"nofollow noopener\" target=\"_blank\">Nach dem Zusammensto\u00df einer Stra\u00dfenbahn und einem Mercedes-SUV in Neckarau werden mehrere Verletzte gemeldet.<\/a><\/p>\n<p class=\"id-StoryElement-factBox-paragraph\"><strong>Verpasse keine News \u2013 hol\u2018 dir jetzt die MANNHEIM24-App auf dein Handy und bleib\u2018 immer informiert, was in deiner Stadt, deiner Region und in Baden-W\u00fcrttemberg abgeht. Hier geht\u2018s zum kostenlosen Download im <a href=\"https:\/\/play.google.com\/store\/search?q=mannheim24&amp;c=apps&amp;hl=de\" rel=\"nofollow noopener\" target=\"_blank\" class=\"id-import-Link id-pageApi-Link--externalDomain\" data-id-ec=\"{&quot;sht&quot;:&quot;Container&quot;,&quot;shn&quot;:&quot;Story&quot;,&quot;p&quot;:{&quot;containerType&quot;:&quot;FactBox&quot;,&quot;displayType&quot;:&quot;FactBox InlineLink&quot;,&quot;type&quot;:&quot;INLINE_LINK&quot;,&quot;value&quot;:&quot;Play Store&quot;,&quot;variant&quot;:&quot;standardLink&quot;,&quot;sponsored&quot;:false,&quot;linkHref&quot;:&quot;https:\/\/play.google.com\/store\/search?q=mannheim24&amp;c=apps&amp;hl=de&quot;,&quot;storyElementPosition&quot;:15,&quot;storyElementCount&quot;:21}}\">Play Store<\/a> und <a href=\"https:\/\/apps.apple.com\/de\/app\/mannheim24\/id1031861867\" rel=\"nofollow noopener\" target=\"_blank\" class=\"id-import-Link id-pageApi-Link--externalDomain\" data-id-ec=\"{&quot;sht&quot;:&quot;Container&quot;,&quot;shn&quot;:&quot;Story&quot;,&quot;p&quot;:{&quot;containerType&quot;:&quot;FactBox&quot;,&quot;displayType&quot;:&quot;FactBox InlineLink&quot;,&quot;type&quot;:&quot;INLINE_LINK&quot;,&quot;value&quot;:&quot;App Store&quot;,&quot;variant&quot;:&quot;standardLink&quot;,&quot;sponsored&quot;:false,&quot;linkHref&quot;:&quot;https:\/\/apps.apple.com\/de\/app\/mannheim24\/id1031861867&quot;,&quot;storyElementPosition&quot;:15,&quot;storyElementCount&quot;:21}}\">App Store<\/a>.<\/strong><\/p>\n<p>+++ Wohnungseinbruch in der Schwetzingerstadt +++<\/p>\n<p class=\"id-StoryElement-paragraph\"><strong>6. Februar, 11:36 Uhr<\/strong>: Am Donnerstag brachen Unbekannte in ein Wohngeb\u00e4ude im Stadtteil Schwetzingerstadt ein und entwendeten Wertgegenst\u00e4nde. Zwischen 12:30 Uhr und 23:45 Uhr verschafften sie sich Zugang zu einem Apartment in einem Mehrparteienhaus in der Galileistra\u00dfe, indem sie die Wohnungst\u00fcr aufhebelten.<\/p>\n<p class=\"id-StoryElement-paragraph\">Aus der Wohnung nahmen die T\u00e4ter technische Ger\u00e4te, Bargeld und Kleidung mit und fl\u00fcchteten anschlie\u00dfend in unbekannte Richtung. Der entstandene Sach- und Diebstahlschaden wird auf einen mittleren vierstelligen Betrag gesch\u00e4tzt.<\/p>\n<p>+++ Ohne Lappen und auf Drogen \u2013 Raser liefert sich in Mannheim Verfolgungsjagd mit Polizei +++<\/p>\n<p class=\"id-StoryElement-paragraph\"><strong>6. Februar, 11:06 Uhr<\/strong>: <a href=\"https:\/\/www.mannheim24.de\/mannheim\/ludwigshafen-raser-verfolgungsjagd-polizei-unfall-cannabis-fuehrerschein-94157714.html\" class=\"id-import-Link\" data-id-ec=\"{&quot;sht&quot;:&quot;Container&quot;,&quot;shn&quot;:&quot;Story&quot;,&quot;p&quot;:{&quot;containerType&quot;:&quot;Paragraph&quot;,&quot;displayType&quot;:&quot;Paragraph InlineLink&quot;,&quot;type&quot;:&quot;INLINE_LINK&quot;,&quot;value&quot;:&quot;In Mannheim liefert sich am Freitagmorgen ein 18-J&#xE4;hriger eine wilde Verfolgungsjagd mit der Polizei &#x2013; unter Drogen und ohne F&#xFC;hrerschein&quot;,&quot;variant&quot;:&quot;standardLink&quot;,&quot;sponsored&quot;:false,&quot;linkHref&quot;:&quot;https:\/\/www.mannheim24.de\/mannheim\/ludwigshafen-raser-verfolgungsjagd-polizei-unfall-cannabis-fuehrerschein-94157714.html&quot;,&quot;storyElementPosition&quot;:21,&quot;storyElementCount&quot;:21}}\" rel=\"nofollow noopener\" target=\"_blank\">In Mannheim liefert sich am Freitagmorgen ein 18-J\u00e4hriger eine wilde Verfolgungsjagd mit der Polizei \u2013 unter Drogen und ohne F\u00fchrerschein<\/a>.<\/p>\n","protected":false},"excerpt":{"rendered":"Mannheim24 Mannheim Stand: 07.02.2026, 10:06 Uhr DruckenTeilen Mannheim &#8211; Aktuelle Blaulichtmeldungen aus der Quadratestadt kompakt im \u00dcberblick \u2013&hellip;\n","protected":false},"author":2,"featured_media":778647,"comment_status":"","ping_status":"","sticky":false,"template":"","format":"standard","meta":{"footnotes":"","_share_on_mastodon":"0"},"categories":[1845],"tags":[1634,3364,29,548,663,3934,30,13,2096,14,15,12],"class_list":["post-778646","post","type-post","status-publish","format-standard","has-post-thumbnail","category-mannheim","tag-baden-wuerttemberg","tag-de","tag-deutschland","tag-eu","tag-europa","tag-europe","tag-germany","tag-headlines","tag-mannheim","tag-nachrichten","tag-news","tag-schlagzeilen"],"share_on_mastodon":{"url":"https:\/\/pubeurope.com\/@de\/116028608588340946","error":""},"_links":{"self":[{"href":"https:\/\/www.europesays.com\/de\/wp-json\/wp\/v2\/posts\/778646","targetHints":{"allow":["GET"]}}],"collection":[{"href":"https:\/\/www.europesays.com\/de\/wp-json\/wp\/v2\/posts"}],"about":[{"href":"https:\/\/www.europesays.com\/de\/wp-json\/wp\/v2\/types\/post"}],"author":[{"embeddable":true,"href":"https:\/\/www.europesays.com\/de\/wp-json\/wp\/v2\/users\/2"}],"replies":[{"embeddable":true,"href":"https:\/\/www.europesays.com\/de\/wp-json\/wp\/v2\/comments?post=778646"}],"version-history":[{"count":0,"href":"https:\/\/www.europesays.com\/de\/wp-json\/wp\/v2\/posts\/778646\/revisions"}],"wp:featuredmedia":[{"embeddable":true,"href":"https:\/\/www.europesays.com\/de\/wp-json\/wp\/v2\/media\/778647"}],"wp:attachment":[{"href":"https:\/\/www.europesays.com\/de\/wp-json\/wp\/v2\/media?parent=778646"}],"wp:term":[{"taxonomy":"category","embeddable":true,"href":"https:\/\/www.europesays.com\/de\/wp-json\/wp\/v2\/categories?post=778646"},{"taxonomy":"post_tag","embeddable":true,"href":"https:\/\/www.europesays.com\/de\/wp-json\/wp\/v2\/tags?post=778646"}],"curies":[{"name":"wp","href":"https:\/\/api.w.org\/{rel}","templated":true}]}}