{"id":778656,"date":"2026-02-07T09:24:15","date_gmt":"2026-02-07T09:24:15","guid":{"rendered":"https:\/\/www.europesays.com\/de\/778656\/"},"modified":"2026-02-07T09:24:15","modified_gmt":"2026-02-07T09:24:15","slug":"haushaltskrisen-im-altkreis-halle-warum-das-sparen-so-schwerfaellt-haller-kreisblatt","status":"publish","type":"post","link":"https:\/\/www.europesays.com\/de\/778656\/","title":{"rendered":"Haushaltskrisen im Altkreis Halle &#8211; warum das Sparen so schwerf\u00e4llt | Haller Kreisblatt"},"content":{"rendered":"<p id=\"absatz1\" class=\"em_text\">Halle. Der Bau- und Verkehrsausschuss in Halle lieferte jetzt den besten Beleg daf\u00fcr, wie z\u00e4h, schwierig und mitunter entmutigend Sparversuche sein k\u00f6nnen. Haushaltsplanberatungen &#8211; das klingt schon nach einer trockenen Strafarbeit. Dabei ist es in gewissem Sinne die K\u00f6nigsdisziplin f\u00fcr engagierte Lokalpolitiker. Und es k\u00f6nnte auch Spa\u00df machen &#8211; wenn die Lage eine andere w\u00e4re.<\/p>\n<p id=\"absatz2\" class=\"em_text\">Denn grunds\u00e4tzlich machen sich in diesen Wochen die verschiedenen Fraktionen in den kommunalen R\u00e4ten \u00fcber das von der Verwaltung vorgeschlagene Budget f\u00fcr das kommende Jahr her und versuchen, eigene Akzente zu setzen, Projekte zu erg\u00e4nzen, ihre kreative Handschrift zum Wohl der jeweiligen Stadt und Gemeinde einzubringen. Problem nur: Wenn in jedem Haushalt des Altkreises Halle ohnehin schon dicke Defizite drinstehen und mittelfristig die Haushaltssicherung droht, dann bleibt kein Raum mehr f\u00fcr Kreativit\u00e4t &#8211; h\u00f6chstens beim Sparen.<\/p>\n<p id=\"absatz3\" class=\"em_text\">Und so spielte Halles K\u00e4mmerer Bj\u00f6rn H\u00fcllbrock &#8211; also der Finanzchef des Rathauses &#8211; im Bau- und Verkehrsausschuss jetzt die ihm zugedachte Rolle und mahnte zum Verzicht. Die Botschaft: Wer es wage, neue Projekte vorzuschlagen, m\u00fcsse einen Deckungsvorschlag in gleicher H\u00f6he unterbreiten. Und so entspann sich eine gut dreist\u00fcndige Sitzung, die dem Kampf gegen Windm\u00fchlen glich.<\/p>\n<p>Sparwillige Politiker in Halle am Ende ern\u00fcchtert<\/p>\n<p>        <a href=\"https:\/\/www.haller-kreisblatt.de\/_em_daten\/_cache\/image\/1xay90VnNUSm5Jak04MUlHRUU3QWhsVkF1Qy9lQzNVeXZRYk1BcjNORlZlMDMxSUg3WmF2bCs5QzVUU3p3RkxuMWNIWUlHMXlhOWlxMlVMUVlnWFUrVjAxTHlBYmcwYmRnNmx5K1pVZXJRTDQ9\/260206-1145-836440957.jpg\" class=\"nw-article-image\" title=\"Auch das Haller Rathaus kostet in der Unterhaltung j\u00e4hrlich viel Geld.\" data-glightbox=\"type: image; description: Auch das Haller Rathaus kostet in der Unterhaltung j\u00e4hrlich viel Geld.  | \u00a9 Uwe Pollmeier \" rel=\"nofollow noopener\" target=\"_blank\"><br \/>\n            <img decoding=\"async\" src=\"https:\/\/www.europesays.com\/de\/wp-content\/uploads\/2026\/02\/260206-1145-836440957.jpg\" class=\"nw-img-fluid nw-w-full nw-lazy nw-rounded-t-md\" alt=\"Auch das Haller Rathaus kostet in der Unterhaltung j\u00e4hrlich viel Geld. - \u00a9 Uwe Pollmeier\" data-format=\"16:9\"\/><br \/>\n        <\/a><\/p>\n<p>                Auch das Haller Rathaus kostet in der Unterhaltung j\u00e4hrlich viel Geld.<br \/>\n                                    | \u00a9 Uwe Pollmeier<\/p>\n<p id=\"absatz5\" class=\"em_text\">Der seit der Kommunalwahl neu zusammengesetzte Ausschuss ging hoch motiviert ans Werk und sendete mit seiner Arbeit an der Basis zun\u00e4chst einmal ein Zeichen f\u00fcr die Demokratie: sachliche Diskussionen auf hohem Niveau, ein konstruktiver Austausch \u00fcber Parteigrenzen hinweg, das Ganze auch bei unterschiedlichen Positionen immer um das Wohl der Menschen in Halle bem\u00fcht. Das macht in Zeiten des zunehmend schrillen Diskurses zun\u00e4chst einmal Mut.<\/p>\n<p id=\"absatz6\" class=\"em_text\">Doch mit Blick auf die Ergebnisse der Sparbem\u00fchungen d\u00fcrfte bei H\u00fcllbrock am Ende dann doch die erwartete Ern\u00fcchterung eingetreten sein. Es ging stark los. 100.000 Euro wollte die SPD bei \u201ewerterhaltenden Ma\u00dfnahmen\u201c f\u00fcr das Rathaus I streichen: ein zu unkonkreter F\u00fcller, f\u00fcr unterhaltende Ma\u00dfnahmen st\u00fcnde an anderer Stelle schon genug Geld bereit. Wer wei\u00df, dass sich Haushaltsplanberatungen sonst h\u00e4ufig an Betr\u00e4gen unter 10.000 Euro entz\u00fcnden, der staunte angesichts dieses \u201eSpar-Turbos\u201c: eine sechsstellige Summe, alle Achtung.<\/p>\n<p id=\"absatz7\"><b class=\"bold\">Leben wird teurer:<\/b> <a href=\"https:\/\/www.haller-kreisblatt.de\/lokal\/halle\/24223032_Plus-240-Euro-im-Jahr-Haller-Haushalte-zahlen-2026-kraeftig-drauf.html\" rel=\"nofollow noopener\" target=\"_blank\">Plus 240 Euro im Jahr: Haller Haushalte zahlen 2026 kr\u00e4ftig drauf <\/a><\/p>\n<p id=\"absatz8\" class=\"em_text\">Doch steckt der Teufel nun mal im Detail. Aufgeschoben sei nicht aufgehoben, insistierte zun\u00e4chst einmal die Verwaltung: Letztlich sanierten sich Fu\u00dfb\u00f6den nun einmal nicht von allein. Am Ende gab es einen Kompromiss: statt 100.000 Euro sollen es nun nur noch 50.000 Euro im Ansatz sein. Allerdings hatte die Politik kurz zuvor beschlossen, zus\u00e4tzliches Geld f\u00fcr einen Zebrastreifen auf der Neulehenstra\u00dfe locker zu machen &#8211; f\u00fcr 45.000 Euro &#8230; Womit wir wieder bei einer \u00e4u\u00dferst \u00fcberschaubaren Ersparnis von 5.000 Euro w\u00e4ren.<\/p>\n<p>Kein Mut, auf ein Haller Prestigeprojekt zu verzichten<\/p>\n<p id=\"absatz9\" class=\"em_text\">Die CDU hatte deshalb am Prestigeprojekt \u201eWasserspiel auf dem Familie-Isenberg-Platz\u201c ger\u00fcttelt &#8211; angesichts von gut 200.000 Euro Investitionskosten und 10.000 Euro j\u00e4hrlichem Aufwand auch verst\u00e4ndlich. Doch hier machten die anderen Parteien nicht mit: Diese Entscheidung sei ausf\u00fchrlich beraten und damit hart errungen worden.<\/p>\n<p id=\"absatz10\" class=\"em_text\">Fest steht: Steckte Halle in der Haushaltssicherung, g\u00e4be es solche Projekte nicht mehr. Davon ist die Lindenstadt &#8211; in den vergangenen Jahren stets f\u00fcr ihre gro\u00dfe Finanzkraft bekannt &#8211; allerdings noch weit entfernt. Und das Defizit f\u00fcr 2026 mit 1,2 Millionen Euro noch \u00fcberschaubar veranschlagt. Doch die L\u00f6cher werden gr\u00f6\u00dfer und schneller wachsen, wenn nicht doch ein unerwarteter Aufschwung kommt.<\/p>\n<p id=\"absatz11\" class=\"em_text\">In Steinhagen und Versmold ist man da &#8211; zur gro\u00dfen Sorge aller Verantwortlichen &#8211; schon einen Schritt weiter. L\u00e4ngst wird in nackter Not dar\u00fcber diskutiert, welche freiwilligen Leistungen im Sozialen, in der Bildung, beim Sport oder der Kultur man streichen k\u00f6nnte, um in den kommenden Jahren weiter handlungsf\u00e4hig zu bleiben. Viele kleine Streichungen sollen einen gro\u00dfen Effekt ergeben. Damit nicht irgendwann eine Aufsichtsbeh\u00f6rde kommt und in der Haushaltssicherung den Kahlschlag durchf\u00fchrt.<\/p>\n<p id=\"absatz12\"><b class=\"bold\">Teures Nachspiel: <\/b><a href=\"https:\/\/www.haller-kreisblatt.de\/lokal\/halle\/24264744_Teures-Ende-nach-Dauer-Aerger-Halle-will-gefaehrliche-Stelle-entschaerfen.html\" rel=\"nofollow noopener\" target=\"_blank\">Nach Dauer-\u00c4rger will Halle gef\u00e4hrliche Stelle entsch\u00e4rfen<\/a><\/p>\n<p id=\"absatz13\" class=\"em_text\">Es ist ein Hohn, wenn man bedenkt, wie viele Millionen im Budget der Kommunen ohnehin schon durch Pflichtaufgaben und -ausgaben fremdbestimmt sind. Wie die riesigen L\u00f6cher im Haushalt erst aufgerissen werden &#8211; und dann von einer Handvoll engagierter Kommunalpolitiker gestopft werden sollen. Das wird nicht m\u00f6glich sein, und darum geh\u00f6rt das System der kommunalen Finanzierung auch reformiert. Bis dahin wird es aber wohl noch viele Abende geben, in denen motivierte Aussch\u00fcsse gegen Windm\u00fchlen k\u00e4mpfen.<\/p>\n<p id=\"absatz14\"><b class=\"bold\">Aktuelle News bekommen Sie t\u00e4glich \u00fcber den<\/b> <a data-auth=\"NotApplicable\" data-linkindex=\"0\" href=\"https:\/\/whatsapp.com\/channel\/0029VagU0FW1SWsxhmHz2v0q\" rel=\"noreferrer noopener nofollow\" target=\"_blank\" title=\"https:\/\/whatsapp.com\/channel\/0029VagU0FW1SWsxhmHz2v0q\">WhatsApp-Kanal des HK<\/a> <\/p>\n","protected":false},"excerpt":{"rendered":"Halle. Der Bau- und Verkehrsausschuss in Halle lieferte jetzt den besten Beleg daf\u00fcr, wie z\u00e4h, schwierig und mitunter&hellip;\n","protected":false},"author":2,"featured_media":778657,"comment_status":"","ping_status":"","sticky":false,"template":"","format":"standard","meta":{"footnotes":"","_share_on_mastodon":"0"},"categories":[1841],"tags":[38987,21778,1605,31,102818,3364,29,30,176250,4062,50648,10917,9307,732,4280,16402,16383,42500,16403,19081,164252,22596,16405,1209,184,22870],"class_list":["post-778656","post","type-post","status-publish","format-standard","has-post-thumbnail","category-bielefeld","tag-verkehrsausschuss","tag-altkreis","tag-bielefeld","tag-cdu","tag-cnt_aufmacher","tag-de","tag-deutschland","tag-germany","tag-hllbrock","tag-halle","tag-haushaltskrise","tag-kommunalwahl","tag-label_foto","tag-label_frei","tag-label_l-120","tag-label_ordne-fr-mich-ein","tag-label_print-platziert","tag-label_wirtschaft","tag-meta_artikelklasse_kommentar","tag-meta_copyrights_hk","tag-meta_eo_zusammenfassung","tag-meta_themen_politik","tag-meta_userneeds_ordneein","tag-nordrhein-westfalen","tag-spd","tag-wochenkommentar"],"share_on_mastodon":{"url":"","error":"Validation failed: Text character limit of 500 exceeded"},"_links":{"self":[{"href":"https:\/\/www.europesays.com\/de\/wp-json\/wp\/v2\/posts\/778656","targetHints":{"allow":["GET"]}}],"collection":[{"href":"https:\/\/www.europesays.com\/de\/wp-json\/wp\/v2\/posts"}],"about":[{"href":"https:\/\/www.europesays.com\/de\/wp-json\/wp\/v2\/types\/post"}],"author":[{"embeddable":true,"href":"https:\/\/www.europesays.com\/de\/wp-json\/wp\/v2\/users\/2"}],"replies":[{"embeddable":true,"href":"https:\/\/www.europesays.com\/de\/wp-json\/wp\/v2\/comments?post=778656"}],"version-history":[{"count":0,"href":"https:\/\/www.europesays.com\/de\/wp-json\/wp\/v2\/posts\/778656\/revisions"}],"wp:featuredmedia":[{"embeddable":true,"href":"https:\/\/www.europesays.com\/de\/wp-json\/wp\/v2\/media\/778657"}],"wp:attachment":[{"href":"https:\/\/www.europesays.com\/de\/wp-json\/wp\/v2\/media?parent=778656"}],"wp:term":[{"taxonomy":"category","embeddable":true,"href":"https:\/\/www.europesays.com\/de\/wp-json\/wp\/v2\/categories?post=778656"},{"taxonomy":"post_tag","embeddable":true,"href":"https:\/\/www.europesays.com\/de\/wp-json\/wp\/v2\/tags?post=778656"}],"curies":[{"name":"wp","href":"https:\/\/api.w.org\/{rel}","templated":true}]}}