{"id":778740,"date":"2026-02-07T10:12:12","date_gmt":"2026-02-07T10:12:12","guid":{"rendered":"https:\/\/www.europesays.com\/de\/778740\/"},"modified":"2026-02-07T10:12:12","modified_gmt":"2026-02-07T10:12:12","slug":"heisse-phase-fuer-die-luchse-haertetest-bei-fass-berlin","status":"publish","type":"post","link":"https:\/\/www.europesays.com\/de\/778740\/","title":{"rendered":"Hei\u00dfe Phase f\u00fcr die Luchse: H\u00e4rtetest bei FASS Berlin"},"content":{"rendered":"<p>                <a class=\"fancybox\" data-fancybox=\"galerie\" data-caption=\"F\u00fcr die Luchse steht der H\u00e4rtetest bei FASS Berlin an.  - Foto: Martin Hank\" rel=\"on_group nofollow noopener\" title=\"F\u00fcr die Luchse steht der H\u00e4rtetest bei FASS Berlin an.  - Foto: Martin Hank\" href=\"https:\/\/oshessen-news.b-cdn.net\/images\/26\/02\/xl\/11788292-paul-becker.jpg\" target=\"_blank\"><img decoding=\"async\" class=\"img-responsive\" style=\"width: 728px; margin-top: 0; border:0;\" src=\"https:\/\/www.europesays.com\/de\/wp-content\/uploads\/2026\/02\/11788292-paul-becker.jpg\" title=\"F\u00fcr die Luchse steht der H\u00e4rtetest bei FASS Berlin an.\" onerror=\"imgError(this);\"\/><\/p>\n<p>F\u00fcr die Luchse steht der H\u00e4rtetest bei FASS Berlin an. &#8211; Foto: Martin Hank<\/p>\n<p>\n                    <strong>LAUTERBACH<\/strong><br \/>\n                    Einzug in Pre-Playoffs bereits gesichert\n                <\/p>\n<p>07.02.26 &#8211; <strong>Drei Spiele stehen in der Hauptrunde der Regionalliga Ost noch auf dem Programm \u2013 und f\u00fcr die Lauterbacher Luchse geht es in die hei\u00dfe Phase der Saison. Der Einzug in die Pre-Playoffs ist bereits gesichert, dennoch bleibt Spannung: Rein rechnerisch k\u00f6nnten die Chemnitz Crashers den Luchsen noch den dritten Tabellenplatz streitig machen. Daf\u00fcr m\u00fcsste Lauterbach allerdings alle verbleibenden Spiele verlieren und Chemnitz jeweils die volle Punktzahl holen.<\/strong><\/p>\n<p>Richtig eng geht es aktuell im Kampf um Platz 6 zu: Tornado Niesky und die Eisb\u00e4ren Juniors Berlin sind punktgleich, Niesky liegt lediglich mit einem Treffer im Torverh\u00e4ltnis vorne. F\u00fcr die Luchse ist dieses Duell besonders interessant, da der Sechstplatzierte voraussichtlich der Gegner in den Pre-Playoffs sein wird. <br \/>&#13;\n<\/p>\n<p>Schwere Aufgabe in der Landeshauptstadt<br \/>\nBevor der Blick jedoch weiter nach vorne geht, wartet am Samstag erst einmal eine schwere Aufgabe: Ausw\u00e4rts bei FASS Berlin. Die Hauptst\u00e4dter rangieren derzeit auf dem zweiten Tabellenplatz und gehen als Favorit in die Partie. FASS verf\u00fcgt auch in dieser Saison \u00fcber einen breiten und ausgeglichenen Kader, in dem jede Sturmreihe f\u00fcr Torgefahr sorgen kann. F\u00fcr die Luchse wird es daher entscheidend sein, defensiv hochkonzentriert zu agieren, um \u2013 wie bereits im letzten Aufeinandertreffen \u2013 etwas Z\u00e4hlbares mit in den Vogelsberg zu nehmen.<\/p>\n<p>Personell muss Trainer Dieter Reiss am Samstag auf einige Akteure verzichten. Neben Torh\u00fcter Benjamin Dirksen werden voraussichtlich auch Emanuel Grund, Mika Junker und Philipp Maier fehlen. Positive Nachrichten gibt es aber ebenfalls: Knut Apel kehrt zur\u00fcck in den Kader, ebenso Paul Becker, der nach seiner Sperre wieder einsatzbereit ist.<\/p>\n<p><strong>Die Vorbereitung verlief in dieser Woche wetterbedingt nicht optimal. Besonders das Training am Dienstag konnte aufgrund starken Schneefalls von den Spielern aus Kassel und Frankfurt nicht erreicht werden. Dennoch ist die Marschroute klar: Die Luchse wollen an die Leistungen der vergangenen Spiele ankn\u00fcpfen und am Samstag in Berlin alles investieren, um erneut zu punkten. <\/strong>(pm\/nk)+++<\/p>\n<p><\/p>\n","protected":false},"excerpt":{"rendered":"F\u00fcr die Luchse steht der H\u00e4rtetest bei FASS Berlin an. &#8211; Foto: Martin Hank LAUTERBACH Einzug in Pre-Playoffs&hellip;\n","protected":false},"author":2,"featured_media":778741,"comment_status":"","ping_status":"","sticky":false,"template":"","format":"standard","meta":{"footnotes":"","_share_on_mastodon":"0"},"categories":[1825],"tags":[1941,1939,6193,6195,296,1937,29,6197,6192,30,2052,1381,14,1940,6196,15,1938,6194],"class_list":["post-778740","post","type-post","status-publish","format-standard","has-post-thumbnail","category-berlin","tag-aktuelle-nachrichten-aus-berlin","tag-aktuelle-news-aus-berlin","tag-alsfeld","tag-bad-hersfeld","tag-berlin","tag-berlin-news","tag-deutschland","tag-flieden","tag-fulda","tag-germany","tag-hessen","tag-lauterbach","tag-nachrichten","tag-nachrichten-aus-berlin","tag-neuhof","tag-news","tag-news-aus-berlin","tag-osthessen"],"share_on_mastodon":{"url":"https:\/\/pubeurope.com\/@de\/116028817142797403","error":""},"_links":{"self":[{"href":"https:\/\/www.europesays.com\/de\/wp-json\/wp\/v2\/posts\/778740","targetHints":{"allow":["GET"]}}],"collection":[{"href":"https:\/\/www.europesays.com\/de\/wp-json\/wp\/v2\/posts"}],"about":[{"href":"https:\/\/www.europesays.com\/de\/wp-json\/wp\/v2\/types\/post"}],"author":[{"embeddable":true,"href":"https:\/\/www.europesays.com\/de\/wp-json\/wp\/v2\/users\/2"}],"replies":[{"embeddable":true,"href":"https:\/\/www.europesays.com\/de\/wp-json\/wp\/v2\/comments?post=778740"}],"version-history":[{"count":0,"href":"https:\/\/www.europesays.com\/de\/wp-json\/wp\/v2\/posts\/778740\/revisions"}],"wp:featuredmedia":[{"embeddable":true,"href":"https:\/\/www.europesays.com\/de\/wp-json\/wp\/v2\/media\/778741"}],"wp:attachment":[{"href":"https:\/\/www.europesays.com\/de\/wp-json\/wp\/v2\/media?parent=778740"}],"wp:term":[{"taxonomy":"category","embeddable":true,"href":"https:\/\/www.europesays.com\/de\/wp-json\/wp\/v2\/categories?post=778740"},{"taxonomy":"post_tag","embeddable":true,"href":"https:\/\/www.europesays.com\/de\/wp-json\/wp\/v2\/tags?post=778740"}],"curies":[{"name":"wp","href":"https:\/\/api.w.org\/{rel}","templated":true}]}}