{"id":778742,"date":"2026-02-07T10:13:16","date_gmt":"2026-02-07T10:13:16","guid":{"rendered":"https:\/\/www.europesays.com\/de\/778742\/"},"modified":"2026-02-07T10:13:16","modified_gmt":"2026-02-07T10:13:16","slug":"dobrindt-meldet-vielzahl-von-hinweisen-zum-brandanschlag-in-berlin","status":"publish","type":"post","link":"https:\/\/www.europesays.com\/de\/778742\/","title":{"rendered":"Dobrindt meldet Vielzahl von Hinweisen zum Brandanschlag in Berlin"},"content":{"rendered":"<p class=\"tspCCnp tspCCnq\">Nach Angaben von Bundesinnenminister Alexander Dobrindt (CSU) sind nach der Auslobung einer Belohnung eine <strong>Vielzahl von Hinweisen zum mutma\u00dflich linksextremistischen Brandanschlag<\/strong> auf das Berliner Stromnetz eingegangen. \u201eDenen geht das BKA nun nach, deswegen kann man auch jetzt noch nicht sagen, ob eine Spur dabei ist\u201c, sagte Dobrindt dem Redaktionsnetzwerk Deutschland (RND).\u00a0<\/p>\n<p class=\"tspCCnp\">Wer der Polizei bis zum 24. Februar entscheidende Informationen f\u00fcr die Aufkl\u00e4rung des Brandanschlags von Anfang Januar liefert,<strong> <a href=\"https:\/\/www.tagesspiegel.de\/berlin\/das-ist-ein-einmaliger-vorgang-eine-million-euro-fur-hinweise-zum-berliner-stromanschlag-ausgelobt-15183783.html?icid=in-text-link_15228211\" class=\"link link--internal\" data-gtm-class=\"article-text-link\" data-gtm-val=\"internal\" rel=\"nofollow noopener\" target=\"_blank\">kann mit einer Belohnung von bis zu einer Million Euro rechnen<\/a><\/strong>. Der Bundesinnenminister betonte im Interview: \u201eKlar ist aber, dass es die Belohnung nur f\u00fcr valide, also erfolgreiche Hinweise gibt, die also zur Ergreifung des oder der T\u00e4ter f\u00fchren.\u201c<\/p>\n<p class=\"tspCCnp\"><strong>Dobrindt sieht daf\u00fcr Chancen:<\/strong> \u201eWir glauben, dass es innerhalb der linksextremistischen Szene sehr unterschiedliche Einsch\u00e4tzungen \u00fcber den Erfolg des Anschlags gibt, in dessen Folge tausende Berliner tagelang bei Minusgraden ohne Strom und Heizung auskommen mussten. Darum kann ich mir gut vorstellen, dass aus dieser Szene Hinweise auf die T\u00e4ter kommen k\u00f6nnten.\u201c<\/p>\n<p> Zeugenaufruf l\u00e4uft bis zum 24. Februar <\/p>\n<p class=\"tspCCnp\"><strong>Nach Angaben des Ministers sind Belohnungen grunds\u00e4tzlich befristet. <\/strong>Es solle klar sein, dass die Aufkl\u00e4rung von Kriminaldelikten \u201enicht auf die lange Bank geschoben wird und etwaige Mitwisser keine 12 Monate Zeit haben, um zu \u00fcberlegen, ob sie auf der richtigen Seite stehen wollen\u201c.\u00a0<\/p>\n<p>Mehr auf Tagesspiegel.de<a href=\"https:\/\/www.tagesspiegel.de\/berlin\/berliner-wirtschaft\/nach-stromausfall-im-berliner-sudwesten-anspruche-auf-mietminderung-liegen-mindestens-im-sechsstelligen-bereich-15196758.html?icid=topic-list_15228211___\" data-gtm-class=\"article-mzt-link\" data-hydrate-fingerprint=\"09740a54944caac75fd2c0c63fd5c5df\" data-hydrate-props=\"{&amp;escapedquot;element&amp;escapedquot;:{&amp;escapedquot;type&amp;escapedquot;:&amp;escapedquot;relatedContent&amp;escapedquot;,&amp;escapedquot;fieldMap&amp;escapedquot;:{},&amp;escapedquot;relation&amp;escapedquot;:{&amp;escapedquot;fields&amp;escapedquot;:{&amp;escapedquot;isPaid&amp;escapedquot;:true},&amp;escapedquot;href&amp;escapedquot;:&amp;escapedquot;\/berlin\/berliner-wirtschaft\/nach-stromausfall-im-berliner-sudwesten-anspruche-auf-mietminderung-liegen-mindestens-im-sechsstelligen-bereich-15196758.html&amp;escapedquot;,&amp;escapedquot;teaserTitle&amp;escapedquot;:{&amp;escapedquot;kicker&amp;escapedquot;:&amp;escapedquot;Nach Stromausfall im Berliner S\u00fcdwesten &amp;escapedquot;,&amp;escapedquot;headline&amp;escapedquot;:&amp;escapedquot;Anspr\u00fcche auf Mietminderung liegen im sechsstelligen Bereich&amp;escapedquot;},&amp;escapedquot;id&amp;escapedquot;:&amp;escapedquot;15196758&amp;escapedquot;,&amp;escapedquot;type&amp;escapedquot;:&amp;escapedquot;story&amp;escapedquot;},&amp;escapedquot;isPartOfList&amp;escapedquot;:true,&amp;escapedquot;topicListType&amp;escapedquot;:&amp;escapedquot;topic-list&amp;escapedquot;},&amp;escapedquot;showArrow&amp;escapedquot;:true}\" data-hydrate-slots=\"{&#039;default&#039;:[]}\" class=\"tspC3qb tspC2p9\" rel=\"nofollow noopener\" target=\"_blank\">Nach Stromausfall im Berliner S\u00fcdwesten  Anspr\u00fcche auf Mietminderung liegen im sechsstelligen Bereich <\/a><a href=\"https:\/\/www.tagesspiegel.de\/berlin\/das-ist-ein-einmaliger-vorgang-eine-million-euro-fur-hinweise-zum-berliner-stromanschlag-ausgelobt-15183783.html?icid=topic-list_15228211___\" data-gtm-class=\"article-mzt-link\" data-hydrate-fingerprint=\"09740a54944caac75fd2c0c63fd5c5df\" data-hydrate-props=\"{&amp;escapedquot;element&amp;escapedquot;:{&amp;escapedquot;type&amp;escapedquot;:&amp;escapedquot;relatedContent&amp;escapedquot;,&amp;escapedquot;fieldMap&amp;escapedquot;:{},&amp;escapedquot;relation&amp;escapedquot;:{&amp;escapedquot;fields&amp;escapedquot;:{&amp;escapedquot;isPaid&amp;escapedquot;:null},&amp;escapedquot;href&amp;escapedquot;:&amp;escapedquot;\/berlin\/das-ist-ein-einmaliger-vorgang-eine-million-euro-fur-hinweise-zum-berliner-stromanschlag-ausgelobt-15183783.html&amp;escapedquot;,&amp;escapedquot;teaserTitle&amp;escapedquot;:{&amp;escapedquot;kicker&amp;escapedquot;:&amp;escapedquot;\u201eDas ist ein einmaliger Vorgang\u201c&amp;escapedquot;,&amp;escapedquot;headline&amp;escapedquot;:&amp;escapedquot;Eine Million Euro f\u00fcr Hinweise zum Berliner Stromanschlag ausgelobt&amp;escapedquot;},&amp;escapedquot;id&amp;escapedquot;:&amp;escapedquot;15183783&amp;escapedquot;,&amp;escapedquot;type&amp;escapedquot;:&amp;escapedquot;story&amp;escapedquot;},&amp;escapedquot;isPartOfList&amp;escapedquot;:true,&amp;escapedquot;topicListType&amp;escapedquot;:&amp;escapedquot;topic-list&amp;escapedquot;},&amp;escapedquot;showArrow&amp;escapedquot;:true}\" data-hydrate-slots=\"{&#039;default&#039;:[]}\" class=\"tspC3qb tspC2p9\" rel=\"nofollow noopener\" target=\"_blank\">\u201eDas ist ein einmaliger Vorgang\u201c Eine Million Euro f\u00fcr Hinweise zum Berliner Stromanschlag ausgelobt <\/a><a href=\"https:\/\/www.tagesspiegel.de\/berlin\/anschlag-auf-stromnetz-ist-der-berliner-verfassungsschutz-ausreichend-gerustet-gegen-linksextremismus-15134579.html?icid=topic-list_15228211___\" data-gtm-class=\"article-mzt-link\" data-hydrate-fingerprint=\"09740a54944caac75fd2c0c63fd5c5df\" data-hydrate-props=\"{&amp;escapedquot;element&amp;escapedquot;:{&amp;escapedquot;type&amp;escapedquot;:&amp;escapedquot;relatedContent&amp;escapedquot;,&amp;escapedquot;fieldMap&amp;escapedquot;:{},&amp;escapedquot;relation&amp;escapedquot;:{&amp;escapedquot;fields&amp;escapedquot;:{&amp;escapedquot;isPaid&amp;escapedquot;:true},&amp;escapedquot;href&amp;escapedquot;:&amp;escapedquot;\/berlin\/anschlag-auf-stromnetz-ist-der-berliner-verfassungsschutz-ausreichend-gerustet-gegen-linksextremismus-15134579.html&amp;escapedquot;,&amp;escapedquot;teaserTitle&amp;escapedquot;:{&amp;escapedquot;kicker&amp;escapedquot;:&amp;escapedquot;Anschlag auf Stromnetz&amp;escapedquot;,&amp;escapedquot;headline&amp;escapedquot;:&amp;escapedquot;Ist der Berliner Verfassungsschutz ausreichend ger\u00fcstet gegen Linksextremismus?&amp;escapedquot;},&amp;escapedquot;id&amp;escapedquot;:&amp;escapedquot;15134579&amp;escapedquot;,&amp;escapedquot;type&amp;escapedquot;:&amp;escapedquot;story&amp;escapedquot;},&amp;escapedquot;isPartOfList&amp;escapedquot;:true,&amp;escapedquot;topicListType&amp;escapedquot;:&amp;escapedquot;topic-list&amp;escapedquot;},&amp;escapedquot;showArrow&amp;escapedquot;:true}\" data-hydrate-slots=\"{&#039;default&#039;:[]}\" class=\"tspC3qb tspC2p9\" rel=\"nofollow noopener\" target=\"_blank\">Anschlag auf Stromnetz Ist der Berliner Verfassungsschutz ausreichend ger\u00fcstet gegen Linksextremismus? <\/a><\/p>\n<p class=\"tspCCnp\">In einer Mitteilung des Bundeskriminalamts (BKA) bitten das BKA und der Generalbundesanwalt die Bev\u00f6lkerung um Hinweise auf den oder die T\u00e4terinnen und T\u00e4ter, die am 3. Januar durch einen Brandanschlag mehrere Starkstromkabel in Berlin besch\u00e4digt hatten. Durch <a href=\"https:\/\/www.tagesspiegel.de\/berlin\/tatortfotos-zeigen-brennende-kabel-linksextreme-vulkangruppe-bekennt-sich-zu-anschlag-auf-stromversorgung-in-berlin-15100260.html?icid=in-text-link_15228211\" class=\"link link--internal\" data-gtm-class=\"article-text-link\" data-gtm-val=\"internal\" rel=\"nofollow noopener\" target=\"_blank\">den mutma\u00dflich linksextremistisch motivierten Anschlag <\/a>war die Stromversorgung von 45.000 Haushalten im S\u00fcdwesten der Hauptstadt tagelang ausgefallen. (dpa)<\/p>\n","protected":false},"excerpt":{"rendered":"Nach Angaben von Bundesinnenminister Alexander Dobrindt (CSU) sind nach der Auslobung einer Belohnung eine Vielzahl von Hinweisen zum&hellip;\n","protected":false},"author":2,"featured_media":777608,"comment_status":"","ping_status":"","sticky":false,"template":"","format":"standard","meta":{"footnotes":"","_share_on_mastodon":"0"},"categories":[1825],"tags":[20,296,774,29,30],"class_list":["post-778742","post","type-post","status-publish","format-standard","has-post-thumbnail","category-berlin","tag-alexander-dobrindt","tag-berlin","tag-csu","tag-deutschland","tag-germany"],"share_on_mastodon":{"url":"https:\/\/pubeurope.com\/@de\/116028820990236045","error":""},"_links":{"self":[{"href":"https:\/\/www.europesays.com\/de\/wp-json\/wp\/v2\/posts\/778742","targetHints":{"allow":["GET"]}}],"collection":[{"href":"https:\/\/www.europesays.com\/de\/wp-json\/wp\/v2\/posts"}],"about":[{"href":"https:\/\/www.europesays.com\/de\/wp-json\/wp\/v2\/types\/post"}],"author":[{"embeddable":true,"href":"https:\/\/www.europesays.com\/de\/wp-json\/wp\/v2\/users\/2"}],"replies":[{"embeddable":true,"href":"https:\/\/www.europesays.com\/de\/wp-json\/wp\/v2\/comments?post=778742"}],"version-history":[{"count":0,"href":"https:\/\/www.europesays.com\/de\/wp-json\/wp\/v2\/posts\/778742\/revisions"}],"wp:featuredmedia":[{"embeddable":true,"href":"https:\/\/www.europesays.com\/de\/wp-json\/wp\/v2\/media\/777608"}],"wp:attachment":[{"href":"https:\/\/www.europesays.com\/de\/wp-json\/wp\/v2\/media?parent=778742"}],"wp:term":[{"taxonomy":"category","embeddable":true,"href":"https:\/\/www.europesays.com\/de\/wp-json\/wp\/v2\/categories?post=778742"},{"taxonomy":"post_tag","embeddable":true,"href":"https:\/\/www.europesays.com\/de\/wp-json\/wp\/v2\/tags?post=778742"}],"curies":[{"name":"wp","href":"https:\/\/api.w.org\/{rel}","templated":true}]}}