{"id":778745,"date":"2026-02-07T10:15:11","date_gmt":"2026-02-07T10:15:11","guid":{"rendered":"https:\/\/www.europesays.com\/de\/778745\/"},"modified":"2026-02-07T10:15:11","modified_gmt":"2026-02-07T10:15:11","slug":"glatteis-bremst-verkehr-was-reisende-jetzt-beachten-muessen","status":"publish","type":"post","link":"https:\/\/www.europesays.com\/de\/778745\/","title":{"rendered":"Glatteis bremst Verkehr \u2013 was Reisende jetzt beachten m\u00fcssen"},"content":{"rendered":"<p class=\"article_paragraph__hXYKJ\">Berlin und Brandenburg steht ein ungem\u00fctliches Winterwochenende bevor. Dichte Wolken, Regen und etwas Schnee sorgen f\u00fcr rutschige Stra\u00dfen und schr\u00e4nken die Sicht ein. Besonders in den Abend- und Nachtstunden ist mit Glatteis zu rechnen.<\/p>\n<p class=\"article_paragraph__hXYKJ\">Der Samstag beginnt grau und neblig. Mancherorts sinkt die Sicht auf unter 150 Meter. Im Laufe des Tages regnet oder nieselt es immer wieder, so der Deutsche Wetterdienst (DWD). In der <a href=\"https:\/\/www.berliner-zeitung.de\/topics\/uckermark\" rel=\"nofollow noopener\" target=\"_blank\">Uckermark<\/a> besteht schon am Morgen Glatteisgefahr, da der Regen stellenweise gefrieren kann.<\/p>\n<p>Leichter Schneefall in der Nacht auf Sonntag<\/p>\n<p class=\"article_paragraph__hXYKJ\">Am sp\u00e4ten Nachmittag und Abend wird es wieder k\u00e4lter. Der Regen soll laut dem <a target=\"_blank\" href=\"https:\/\/www.berliner-zeitung.de\/topics\/dwd\" rel=\"nofollow noopener\">DWD<\/a> in leichten Schneefall oder Schneegriesel \u00fcbergehen und bis zum Sonntagmorgen kann sich stellenweise eine d\u00fcnne Schneeschicht von etwa einem Zentimeter bilden. F\u00fcr gro\u00dfe Winterbilder reicht das zwar nicht, daf\u00fcr sind rutschige Stra\u00dfen und Gehwege zu erwarten. Die Temperaturen erreichen im Norden Brandenburgs nur rund ein Grad, in der <a href=\"https:\/\/www.berliner-zeitung.de\/topics\/niederlausitz\" rel=\"nofollow noopener\" target=\"_blank\">Niederlausitz<\/a> sind bis zu f\u00fcnf Grad m\u00f6glich. Der Wind bleibt schwach und weht aus nord\u00f6stlicher Richtung.<\/p>\n<p class=\"article_paragraph__hXYKJ\">Auch der Sonntag zeigt sich dicht bew\u00f6lkt. Laut Einsch\u00e4tzung des DWD sind Schneeregen, Spr\u00fchregen oder Schneegriesel zu erwarten. Die H\u00f6chstwerte liegen dann nur noch bei rund einem Grad. In der Nacht zu Montag sinken die Temperaturen schlie\u00dflich auf minus ein bis minus drei Grad. Nasse Stra\u00dfen und Wege k\u00f6nnen dann erneut gefrieren.<\/p>\n<p>Einschr\u00e4nkungen am BER nach Eisregen<\/p>\n<p class=\"article_paragraph__hXYKJ\">Die winterlichen Bedingungen machen sich auch im Verkehr bemerkbar. Glatte Stra\u00dfen k\u00f6nnen besonders am fr\u00fchen Morgen und in den sp\u00e4ten Abendstunden problematisch werden. Autofahrer sollten vorsichtig fahren und mehr Zeit einplanen.<\/p>\n<p class=\"article_paragraph__hXYKJ\"><a href=\"https:\/\/www.berliner-zeitung.de\/mensch-metropole\/flughafen-ber-geschlossen-urlauber-schaffen-es-nach-den-winterferien-nicht-zurueck-nach-berlin-li.10017775\" rel=\"nofollow noopener\" target=\"_blank\">Am Flughafen Berlin Brandenburg (BER) kam es zuletzt wegen gefrierenden Regens und Eisgl\u00e4tte zu erheblichen Einschr\u00e4nkungen.<\/a> Starts und Landungen mussten zeitweise ausgesetzt werden, da Roll- und Startbahnen vereist waren. Inzwischen l\u00e4uft der Betrieb wieder, allerdings noch nicht ganz st\u00f6rungsfrei. Auf der Website des <a href=\"https:\/\/www.berliner-zeitung.de\/topics\/ber\" rel=\"nofollow noopener\" target=\"_blank\">BER<\/a> hei\u00dft es aktuell, dass Reisende weiterhin mit Versp\u00e4tungen und einzelnen Flugausf\u00e4llen rechnen m\u00fcssen. Ursache sind unter anderem aufwendige Enteisungen der Flugzeuge sowie Verz\u00f6gerungen im gesamten Flugplan.<\/p>\n<p>Was Reisende jetzt beachten sollten<\/p>\n<p class=\"article_paragraph__hXYKJ\">Auch der Regional- und Nahverkehr ist von der winterlichen Wetterlage betroffen. Nach aktuellen Angaben von Bahn und Verkehrsunternehmen kann es im Regionalverkehr in Berlin und Brandenburg weiterhin zu Versp\u00e4tungen, einelnen Ausf\u00e4llen und kurzfristigen Fahrplan\u00e4nderungen kommen. Ursache sind unter anderem vereiste Oberleitungen und die anhaltende Gl\u00e4tte.<\/p>\n<p class=\"article_paragraph__hXYKJ\">Die <a href=\"https:\/\/www.berliner-zeitung.de\/topics\/s-bahn-berlin\" rel=\"nofollow noopener\" target=\"_blank\">S-Bahn<\/a>\u00a0f\u00e4hrt grunds\u00e4tzlich, jedoch sind auch hier Verz\u00f6gerungen m\u00f6glich. Im Berliner Nahverkehr mit Bussen, U-Bahnen und Stra\u00dfenbahnen l\u00e4uft der Betrieb \u00fcberwiegend, vereinzelt kann es aber auch hier zu Einschr\u00e4nkungen kommen. Wer plant, mit Bus oder Bahn zu fahren, sollte vorher die aktuellen Verbindungen pr\u00fcfen und mehr Zeit einplanen.<\/p>\n<p class=\"article_paragraph__hXYKJ article_paragraph_end-of-article-icon__tzjPO\">Zu Wochenbeginn wird sich wenig \u00e4ndern. Die H\u00f6chstwerte liegen dann zwischen ein und vier Grad. Gr\u00f6\u00dfere Schneemengen sind nach aktuellem Stand nicht zu erwarten, stattdessen bleibt es bei einer anhaltend kalten und grauen Wetterlage.<\/p>\n","protected":false},"excerpt":{"rendered":"Berlin und Brandenburg steht ein ungem\u00fctliches Winterwochenende bevor. Dichte Wolken, Regen und etwas Schnee sorgen f\u00fcr rutschige Stra\u00dfen&hellip;\n","protected":false},"author":2,"featured_media":778746,"comment_status":"","ping_status":"","sticky":false,"template":"","format":"standard","meta":{"footnotes":"","_share_on_mastodon":"0"},"categories":[1825],"tags":[296,29,30],"class_list":["post-778745","post","type-post","status-publish","format-standard","has-post-thumbnail","category-berlin","tag-berlin","tag-deutschland","tag-germany"],"share_on_mastodon":{"url":"https:\/\/pubeurope.com\/@de\/116028828836312239","error":""},"_links":{"self":[{"href":"https:\/\/www.europesays.com\/de\/wp-json\/wp\/v2\/posts\/778745","targetHints":{"allow":["GET"]}}],"collection":[{"href":"https:\/\/www.europesays.com\/de\/wp-json\/wp\/v2\/posts"}],"about":[{"href":"https:\/\/www.europesays.com\/de\/wp-json\/wp\/v2\/types\/post"}],"author":[{"embeddable":true,"href":"https:\/\/www.europesays.com\/de\/wp-json\/wp\/v2\/users\/2"}],"replies":[{"embeddable":true,"href":"https:\/\/www.europesays.com\/de\/wp-json\/wp\/v2\/comments?post=778745"}],"version-history":[{"count":0,"href":"https:\/\/www.europesays.com\/de\/wp-json\/wp\/v2\/posts\/778745\/revisions"}],"wp:featuredmedia":[{"embeddable":true,"href":"https:\/\/www.europesays.com\/de\/wp-json\/wp\/v2\/media\/778746"}],"wp:attachment":[{"href":"https:\/\/www.europesays.com\/de\/wp-json\/wp\/v2\/media?parent=778745"}],"wp:term":[{"taxonomy":"category","embeddable":true,"href":"https:\/\/www.europesays.com\/de\/wp-json\/wp\/v2\/categories?post=778745"},{"taxonomy":"post_tag","embeddable":true,"href":"https:\/\/www.europesays.com\/de\/wp-json\/wp\/v2\/tags?post=778745"}],"curies":[{"name":"wp","href":"https:\/\/api.w.org\/{rel}","templated":true}]}}