{"id":778747,"date":"2026-02-07T10:16:12","date_gmt":"2026-02-07T10:16:12","guid":{"rendered":"https:\/\/www.europesays.com\/de\/778747\/"},"modified":"2026-02-07T10:16:12","modified_gmt":"2026-02-07T10:16:12","slug":"afd-jugend-will-landesverbaende-gruenden-protest-angekuendigt","status":"publish","type":"post","link":"https:\/\/www.europesays.com\/de\/778747\/","title":{"rendered":"AfD-Jugend will Landesverb\u00e4nde gr\u00fcnden &#8211; Protest angek\u00fcndigt"},"content":{"rendered":"<p>Die Jusos Brandenburg und die Gr\u00fcne Jugend Brandenburg haben zum Protest gegen die Gr\u00fcndung der Landesverb\u00e4nde der AfD-Jugendorganisation aufgerufen. Brandenburg d\u00fcrfe nicht zum Experimentierfeld f\u00fcr die n\u00e4chste Tarn-Organisation der extremen Rechten werden, sagte der Landeschef der SPD-Jugend Jusos, Leonel Richy Andicene. Nach Angaben der Gr\u00fcnen Jugend richtet sich die Gegendemonstration gegen Hass, Ausgrenzung und antidemokratisches Denken. Auch in Berlin ruft ein B\u00fcndnis zum Protest gegen die Gr\u00fcndung auf.<\/p>\n<p>Bei der neuen AfD-Jugendorganisation ist nach Ansicht der Bundesregierung keine M\u00e4\u00dfigung gegen\u00fcber der aufgel\u00f6sten Vorg\u00e4ngerorganisation zu erkennen. Das Innenministerium schrieb auf eine Anfrage aus der Gr\u00fcnen-Bundestagsfraktion, auf der Gr\u00fcndungsversammlung habe es \u00c4u\u00dferungen gegeben, die als tats\u00e4chliche Anhaltspunkte f\u00fcr Bestrebungen gegen die freiheitliche demokratische Grundordnung gewertet w\u00fcrden.<\/p>\n","protected":false},"excerpt":{"rendered":"Die Jusos Brandenburg und die Gr\u00fcne Jugend Brandenburg haben zum Protest gegen die Gr\u00fcndung der Landesverb\u00e4nde der AfD-Jugendorganisation&hellip;\n","protected":false},"author":2,"featured_media":778748,"comment_status":"","ping_status":"","sticky":false,"template":"","format":"standard","meta":{"footnotes":"","_share_on_mastodon":"0"},"categories":[1825],"tags":[296,1890,29,30,134296],"class_list":["post-778747","post","type-post","status-publish","format-standard","has-post-thumbnail","category-berlin","tag-berlin","tag-brandenburg","tag-deutschland","tag-germany","tag-rbb24tagesschau"],"share_on_mastodon":{"url":"https:\/\/pubeurope.com\/@de\/116028832788820903","error":""},"_links":{"self":[{"href":"https:\/\/www.europesays.com\/de\/wp-json\/wp\/v2\/posts\/778747","targetHints":{"allow":["GET"]}}],"collection":[{"href":"https:\/\/www.europesays.com\/de\/wp-json\/wp\/v2\/posts"}],"about":[{"href":"https:\/\/www.europesays.com\/de\/wp-json\/wp\/v2\/types\/post"}],"author":[{"embeddable":true,"href":"https:\/\/www.europesays.com\/de\/wp-json\/wp\/v2\/users\/2"}],"replies":[{"embeddable":true,"href":"https:\/\/www.europesays.com\/de\/wp-json\/wp\/v2\/comments?post=778747"}],"version-history":[{"count":0,"href":"https:\/\/www.europesays.com\/de\/wp-json\/wp\/v2\/posts\/778747\/revisions"}],"wp:featuredmedia":[{"embeddable":true,"href":"https:\/\/www.europesays.com\/de\/wp-json\/wp\/v2\/media\/778748"}],"wp:attachment":[{"href":"https:\/\/www.europesays.com\/de\/wp-json\/wp\/v2\/media?parent=778747"}],"wp:term":[{"taxonomy":"category","embeddable":true,"href":"https:\/\/www.europesays.com\/de\/wp-json\/wp\/v2\/categories?post=778747"},{"taxonomy":"post_tag","embeddable":true,"href":"https:\/\/www.europesays.com\/de\/wp-json\/wp\/v2\/tags?post=778747"}],"curies":[{"name":"wp","href":"https:\/\/api.w.org\/{rel}","templated":true}]}}