{"id":778767,"date":"2026-02-07T10:27:12","date_gmt":"2026-02-07T10:27:12","guid":{"rendered":"https:\/\/www.europesays.com\/de\/778767\/"},"modified":"2026-02-07T10:27:12","modified_gmt":"2026-02-07T10:27:12","slug":"lkw-ueberrollte-ihn-motorradfahrer-stirbt-auf-der-a2-regional","status":"publish","type":"post","link":"https:\/\/www.europesays.com\/de\/778767\/","title":{"rendered":"Lkw \u00fcberrollte ihn: Motorradfahrer stirbt auf der\u00a0A2 | Regional"},"content":{"rendered":"<p><a class=\"skip-content skip-content--link\" href=\"#in-content-skip-link-target-v-0-0\">TTS-Player \u00fcberspringen\u21b5<\/a><a id=\"in-content-skip-link-target-v-0-0\" class=\"skip-content--target-link-hidden skip-content skip-content--target-link\" href=\"#in-content-skip-link-target-v-0-0\">Artikel weiterlesen<\/a><\/p>\n<p>Hamm (NRW) \u2013 <b>Schwerer Verkehrsunfall auf der A2 im Ruhrgebiet. Ein Motorradfahrer (61) verlor in der Nacht zu Samstag sein Leben. Nach ersten Erkenntnissen wurde der Mann von einem Auto erfasst und danach von einem Lastwagen \u00fcberrollt. Dessen Fahrer bekam den Unfall wom\u00f6glich nicht einmal mit.<\/b><\/p>\n<p>Nach ersten Erkenntnissen der Polizei war ein 25-j\u00e4hriger Mann gegen 2 Uhr mit einem Lexus auf der A2 Bielefeld-Oberhausen (<a href=\"https:\/\/www.bild.de\/regional\/nordrhein-westfalen\/home-npIP0qL0giWP1ZFIOHn2\" class=\"text-link\" rel=\"nofollow noopener\" target=\"_blank\">Nordrhein-Westfalen<\/a>) unterwegs. Zwischen Rhynern und B\u00f6nen soll er einen Lastwagen \u00fcberholt haben. Beim Spurwechsel \u00fcbersah er offenbar den Motorradfahrer. Er streifte ihn, die 125er-Maschine geriet ins Schlingern und st\u00fcrzte. Der Biker blieb auf der rechten Fahrbahn liegen. Ein nachfolgender Laster \u00fcberrollte ihn. Der 61-J\u00e4hrige starb noch an der <a href=\"https:\/\/www.bild.de\/themen\/ereignisse\/unfaelle\/auto-news-fotos-videos-17004002.bild.html\" class=\"text-link\" rel=\"nofollow noopener\" target=\"_blank\">Unfallstelle<\/a>.<\/p>\n<p><img decoding=\"async\" width=\"992\" height=\"558\" alt=\"Am Lexus sind die Spuren des Zusammenpralls deutlich zu sehen\" src=\"https:\/\/www.europesays.com\/de\/wp-content\/uploads\/2026\/02\/03b192135d2138100f2f9bac481e447b,9cd76159.jpeg\"   class=\"landscape\" loading=\"lazy\"\/><\/p>\n<p class=\"fig__caption__text\">Am Lexus sind die Spuren des Zusammenpralls deutlich zu sehen<\/p>\n<p>Foto: Max Lametz<\/p>\n<p>Polizei kann Lkw-Fahrer nicht finden<\/p>\n<p>Der Lkw fuhr weiter. Nach BILD-Informationen schlie\u00dft die <a href=\"https:\/\/www.bild.de\/regional\/aktuelles\/polizei\/polizeieinsatz-alle-infos-76681760.bild.html\" class=\"text-link\" rel=\"nofollow noopener\" target=\"_blank\">Polizei<\/a> nicht aus, dass der Fahrer das Ungl\u00fcck nicht bemerkt hat. Streifen suchten in der Nacht auf der <a href=\"https:\/\/www.bild.de\/themen\/specials\/autobahnen\/news-nachrichten-news-fotos-videos-20641740.bild.html\" class=\"text-link\" rel=\"nofollow noopener\" target=\"_blank\">Autobahn<\/a> sowie an umliegenden Rast- und Parkplatzanlagen nach ihm. Erfolglos. F\u00fcr die umfangreiche Unfallaufnahme blieb die A2 in Fahrtrichtung Oberhausen bis in die Morgenstunden auf zwei Spuren gesperrt. Tr\u00fcmmerteile und Spuren zogen sich \u00fcber eine Strecke von rund 100 Metern. Ein Verkehrsunfallaufnahme-Team des Polizeipr\u00e4sidiums Dortmund \u00fcbernahm die Ermittlungen.<\/p>\n","protected":false},"excerpt":{"rendered":"TTS-Player \u00fcberspringen\u21b5Artikel weiterlesen Hamm (NRW) \u2013 Schwerer Verkehrsunfall auf der A2 im Ruhrgebiet. Ein Motorradfahrer (61) verlor in&hellip;\n","protected":false},"author":2,"featured_media":778768,"comment_status":"","ping_status":"","sticky":false,"template":"","format":"standard","meta":{"footnotes":"","_share_on_mastodon":"0"},"categories":[134],"tags":[11885,175,170,169,29,30,171,174,9959,121,138370,45,3533,7781,173,172,3260],"class_list":["post-778767","post","type-post","status-publish","format-standard","has-post-thumbnail","category-unternehmen-maerkte","tag-autobahn-a-2","tag-business","tag-companies","tag-companies-markets","tag-deutschland","tag-germany","tag-markets","tag-maerkte","tag-motorrad","tag-polizei","tag-team-first","tag-texttospeech","tag-todesfall","tag-unfalltod","tag-unternehmen","tag-unternehmen-maerkte","tag-verkehrsunfall"],"share_on_mastodon":{"url":"https:\/\/pubeurope.com\/@de\/116028876191546045","error":""},"_links":{"self":[{"href":"https:\/\/www.europesays.com\/de\/wp-json\/wp\/v2\/posts\/778767","targetHints":{"allow":["GET"]}}],"collection":[{"href":"https:\/\/www.europesays.com\/de\/wp-json\/wp\/v2\/posts"}],"about":[{"href":"https:\/\/www.europesays.com\/de\/wp-json\/wp\/v2\/types\/post"}],"author":[{"embeddable":true,"href":"https:\/\/www.europesays.com\/de\/wp-json\/wp\/v2\/users\/2"}],"replies":[{"embeddable":true,"href":"https:\/\/www.europesays.com\/de\/wp-json\/wp\/v2\/comments?post=778767"}],"version-history":[{"count":0,"href":"https:\/\/www.europesays.com\/de\/wp-json\/wp\/v2\/posts\/778767\/revisions"}],"wp:featuredmedia":[{"embeddable":true,"href":"https:\/\/www.europesays.com\/de\/wp-json\/wp\/v2\/media\/778768"}],"wp:attachment":[{"href":"https:\/\/www.europesays.com\/de\/wp-json\/wp\/v2\/media?parent=778767"}],"wp:term":[{"taxonomy":"category","embeddable":true,"href":"https:\/\/www.europesays.com\/de\/wp-json\/wp\/v2\/categories?post=778767"},{"taxonomy":"post_tag","embeddable":true,"href":"https:\/\/www.europesays.com\/de\/wp-json\/wp\/v2\/tags?post=778767"}],"curies":[{"name":"wp","href":"https:\/\/api.w.org\/{rel}","templated":true}]}}