{"id":778789,"date":"2026-02-07T10:40:12","date_gmt":"2026-02-07T10:40:12","guid":{"rendered":"https:\/\/www.europesays.com\/de\/778789\/"},"modified":"2026-02-07T10:40:12","modified_gmt":"2026-02-07T10:40:12","slug":"rheinland-pfalz-saarland-zwei-maenner-bei-schlaegerei-verletzt","status":"publish","type":"post","link":"https:\/\/www.europesays.com\/de\/778789\/","title":{"rendered":"Rheinland-Pfalz &#038; Saarland: Zwei M\u00e4nner bei Schl\u00e4gerei verletzt"},"content":{"rendered":"<p>Rheinland-Pfalz &amp; SaarlandZwei M\u00e4nner bei Schl\u00e4gerei verletzt<img decoding=\"async\" class=\"Image_img__fQCi0 Image_Img_16_9__4BLfH\" loading=\"eager\" fetchpriority=\"high\" src=\"https:\/\/www.europesays.com\/de\/wp-content\/uploads\/2026\/02\/Die-Polizei-nahm-die-mutmasslichen-Taeter-in-Gewahrsam.webp.webp\" alt=\"Die-Polizei-nahm-die-mutmasslichen-Taeter-in-Gewahrsam\"\/>TeilenFolgen auf:<a href=\"https:\/\/www.whatsapp.com\/channel\/0029Va5cdVJD8SDp5YZgYF01\" title=\"Auf WhatsApp folgen\" target=\"_blank\" rel=\"nofollow noopener\"><img decoding=\"async\" src=\"https:\/\/www.n-tv.de\/socialIcons\/whatsapp.svg\" alt=\"whatsapp\" class=\"ArticleShare_icon__FsrC2\"\/><\/a><a href=\"https:\/\/news.google.com\/publications\/CAAiEPMdif5mpRNxiLOeUpHCwwsqFAgKIhDzHYn-ZqUTcYiznlKRwsML?hl=de&amp;gl=DE&amp;ceid=DE%3Ade\" title=\"Auf Google News folgen\" target=\"_blank\" rel=\"nofollow noopener\"><img decoding=\"async\" src=\"https:\/\/www.n-tv.de\/socialIcons\/google.svg\" alt=\"whatsapp\" class=\"ArticleShare_icon__FsrC2\"\/><\/a><\/p>\n<p class=\"Typography_text-m__XI0da Typography_weight-bold__uT6mq storyline_lead_text_leadtext__q_wg8\">Zwei M\u00e4nner sollen in Ludwigshafen auf zwei andere M\u00e4nner losgegangen sein. Vieles ist noch unklar. Die Opfer erlitten Prellungen.<\/p>\n<p class=\"Typography_text-default__P3otY Typography_weight-normal__pqUbH storyline_paragraph_p__qSR5N\">Ludwigshafen (dpa\/lrs) &#8211; Bei einer Schl\u00e4gerei in Ludwigshafen sind zwei M\u00e4nner leicht verletzt worden. Ein 22- und ein 26-J\u00e4hriger seien auf die beiden losgegangen, sagte ein Polizeisprecher. Laut einer Mitteilung ermittelt die Polizei wegen gef\u00e4hrlicher K\u00f6rperverletzung und sucht Zeugen.<\/p>\n<p class=\"Typography_text-default__P3otY Typography_weight-normal__pqUbH storyline_paragraph_p__qSR5N\">Am sp\u00e4ten Freitagabend wurden die Beamten demnach wegen der Schl\u00e4gerei nach Ludwigshafen-Mitte gerufen. Zun\u00e4chst fanden sie dort nur die Verletzten und \u00fcbergaben sie mit ihren Prellungen dem Rettungsdienst. Im Rahmen einer Fahndung fanden sie in der N\u00e4he schlie\u00dflich auch die beiden mutma\u00dflichen T\u00e4ter. Sie nahmen sie vorl\u00e4ufig fest und in Polizeigewahrsam.<\/p>\n<p class=\"Typography_text-default__P3otY Typography_weight-normal__pqUbH storyline_paragraph_p__qSR5N\">Hintergr\u00fcnde und Motive der Auseinandersetzung seien noch unklar, sagte der Sprecher. Die Ermittlungen dauern an.<\/p>\n<p class=\"Typography_text-s__wu_cm Typography_weight-normal__pqUbH Typography_color-darkgrey__sZEnP article-detail-footer_source__KslPc\">Quelle: dpa<\/p>\n","protected":false},"excerpt":{"rendered":"Rheinland-Pfalz &amp; SaarlandZwei M\u00e4nner bei Schl\u00e4gerei verletztTeilenFolgen auf: Zwei M\u00e4nner sollen in Ludwigshafen auf zwei andere M\u00e4nner losgegangen&hellip;\n","protected":false},"author":2,"featured_media":778790,"comment_status":"","ping_status":"","sticky":false,"template":"","format":"standard","meta":{"footnotes":"","_share_on_mastodon":"0"},"categories":[1845],"tags":[1634,3364,29,548,663,3934,30,13,2096,14,15,12],"class_list":["post-778789","post","type-post","status-publish","format-standard","has-post-thumbnail","category-mannheim","tag-baden-wuerttemberg","tag-de","tag-deutschland","tag-eu","tag-europa","tag-europe","tag-germany","tag-headlines","tag-mannheim","tag-nachrichten","tag-news","tag-schlagzeilen"],"share_on_mastodon":{"url":"https:\/\/pubeurope.com\/@de\/116028927423880078","error":""},"_links":{"self":[{"href":"https:\/\/www.europesays.com\/de\/wp-json\/wp\/v2\/posts\/778789","targetHints":{"allow":["GET"]}}],"collection":[{"href":"https:\/\/www.europesays.com\/de\/wp-json\/wp\/v2\/posts"}],"about":[{"href":"https:\/\/www.europesays.com\/de\/wp-json\/wp\/v2\/types\/post"}],"author":[{"embeddable":true,"href":"https:\/\/www.europesays.com\/de\/wp-json\/wp\/v2\/users\/2"}],"replies":[{"embeddable":true,"href":"https:\/\/www.europesays.com\/de\/wp-json\/wp\/v2\/comments?post=778789"}],"version-history":[{"count":0,"href":"https:\/\/www.europesays.com\/de\/wp-json\/wp\/v2\/posts\/778789\/revisions"}],"wp:featuredmedia":[{"embeddable":true,"href":"https:\/\/www.europesays.com\/de\/wp-json\/wp\/v2\/media\/778790"}],"wp:attachment":[{"href":"https:\/\/www.europesays.com\/de\/wp-json\/wp\/v2\/media?parent=778789"}],"wp:term":[{"taxonomy":"category","embeddable":true,"href":"https:\/\/www.europesays.com\/de\/wp-json\/wp\/v2\/categories?post=778789"},{"taxonomy":"post_tag","embeddable":true,"href":"https:\/\/www.europesays.com\/de\/wp-json\/wp\/v2\/tags?post=778789"}],"curies":[{"name":"wp","href":"https:\/\/api.w.org\/{rel}","templated":true}]}}