{"id":77881,"date":"2025-05-02T07:09:10","date_gmt":"2025-05-02T07:09:10","guid":{"rendered":"https:\/\/www.europesays.com\/de\/77881\/"},"modified":"2025-05-02T07:09:10","modified_gmt":"2025-05-02T07:09:10","slug":"ehemaliger-sportvorstand-des-vfb-stuttgart-das-sagt-fredi-bobic-ueber-die-saison-des-vfb","status":"publish","type":"post","link":"https:\/\/www.europesays.com\/de\/77881\/","title":{"rendered":"Ehemaliger Sportvorstand des VfB Stuttgart: Das sagt Fredi Bobic \u00fcber die Saison des VfB"},"content":{"rendered":"<p>\t\t\t\t\t\t\t\t\t\t\t\t\t\t\t\t\t\t\t\t\t\t\t\t\t\t\t\t      \t\t            \t\t             \t\t\t\t   \t\t\t\t\t   <img decoding=\"async\" id=\"article-image\" fetchpriority=\"high\" alt=\"Ehemaliger Sportvorstand  des VfB Stuttgart: Das sagt Fredi Bobic \u00fcber die Saison des VfB\" title=\"Ehemaliger Sportvorstand  des VfB Stuttgart: Das sagt Fredi Bobic \u00fcber die Saison des VfB\" src=\"https:\/\/www.europesays.com\/de\/wp-content\/uploads\/2025\/05\/media.media.0ac2f720-fabe-40f1-a62f-f8e6e0ff236d.16x9_700.jpg\" data-linkto=\"https:\/\/www.stuttgarter-nachrichten.de\/javascript:void(0);\"\/>\t\t\t\t\t\t\t\t\t\t\t\t\t\t\t\t\t\t\t\t\t\t\t\tHat eine klare Meinung zum VfB: Ex-Sportvorstand Fredi Bobic.\u00a0Foto: imago\/Sven Simon\t\t\t<\/p>\n<p>Vor dem Ausw\u00e4rtsspiel beim FC St. Pauli an diesem Samstag hat der VfB keine realistische Chance mehr, \u00fcber die Liga einen internationalen Startplatz zu erreichen. Das besch\u00e4ftigt auch Fredi Bobic \u2013 ebenso wie die allgemeine Lage.<\/p>\n<p>Als die <a href=\"https:\/\/www.stuttgarter-nachrichten.de\/thema\/Champions_League\" title=\"Champions League\" class=\"art_thema\" target=\"_blank\" rel=\"noopener\">Champions League<\/a> am Mittwochabend das gro\u00dfe Spektakel bot, schaute die Bundesliga in die R\u00f6hre. Der <a href=\"https:\/\/www.stuttgarter-nachrichten.de\/thema\/FC_Barcelona\" title=\"FC Barcelona\" class=\"art_thema\" target=\"_blank\" rel=\"noopener\">FC Barcelona<\/a> und Inter Mailand duellierten sich beim 3:3 im Halbfinal-Hinspiel in epischer Form, es gab irre Wendungen und spektakul\u00e4re Szenen \u2013 von jenen Teams, die Borussia Dortmund und den <a href=\"https:\/\/www.stuttgarter-nachrichten.de\/thema\/FC_Bayern\" title=\"FC Bayern\" class=\"art_thema\" target=\"_blank\" rel=\"noopener\">FC Bayern<\/a> im Viertelfinale ausgeschaltet hatten. Weil Eintracht Frankfurt in der Europa League gegen Tottenham ebenso in der Runde der letzten Acht rausflog, ist die Bundesliga im Halbfinale der europ\u00e4ischen Wettbewerbe nicht vertreten.<\/p>\n","protected":false},"excerpt":{"rendered":"Hat eine klare Meinung zum VfB: Ex-Sportvorstand Fredi Bobic.\u00a0Foto: imago\/Sven Simon Vor dem Ausw\u00e4rtsspiel beim FC St. Pauli&hellip;\n","protected":false},"author":2,"featured_media":77882,"comment_status":"","ping_status":"","sticky":false,"template":"","format":"standard","meta":{"footnotes":""},"categories":[1830],"tags":[2368,1634,468,3364,29,1264,8834,11261,1751,30,33326,298,1441,2915],"class_list":{"0":"post-77881","1":"post","2":"type-post","3":"status-publish","4":"format-standard","5":"has-post-thumbnail","7":"category-stuttgart","8":"tag-arminia-bielefeld","9":"tag-baden-wuerttemberg","10":"tag-champions-league","11":"tag-de","12":"tag-deutschland","13":"tag-dfb-pokal","14":"tag-fc-barcelona","15":"tag-fc-bayern","16":"tag-fredi-bobic","17":"tag-germany","18":"tag-legia-warschau","19":"tag-sc-freiburg","20":"tag-stuttgart","21":"tag-vfb-stuttgart"},"share_on_mastodon":{"url":"https:\/\/pubeurope.com\/@de\/114436988237875193","error":""},"_links":{"self":[{"href":"https:\/\/www.europesays.com\/de\/wp-json\/wp\/v2\/posts\/77881","targetHints":{"allow":["GET"]}}],"collection":[{"href":"https:\/\/www.europesays.com\/de\/wp-json\/wp\/v2\/posts"}],"about":[{"href":"https:\/\/www.europesays.com\/de\/wp-json\/wp\/v2\/types\/post"}],"author":[{"embeddable":true,"href":"https:\/\/www.europesays.com\/de\/wp-json\/wp\/v2\/users\/2"}],"replies":[{"embeddable":true,"href":"https:\/\/www.europesays.com\/de\/wp-json\/wp\/v2\/comments?post=77881"}],"version-history":[{"count":0,"href":"https:\/\/www.europesays.com\/de\/wp-json\/wp\/v2\/posts\/77881\/revisions"}],"wp:featuredmedia":[{"embeddable":true,"href":"https:\/\/www.europesays.com\/de\/wp-json\/wp\/v2\/media\/77882"}],"wp:attachment":[{"href":"https:\/\/www.europesays.com\/de\/wp-json\/wp\/v2\/media?parent=77881"}],"wp:term":[{"taxonomy":"category","embeddable":true,"href":"https:\/\/www.europesays.com\/de\/wp-json\/wp\/v2\/categories?post=77881"},{"taxonomy":"post_tag","embeddable":true,"href":"https:\/\/www.europesays.com\/de\/wp-json\/wp\/v2\/tags?post=77881"}],"curies":[{"name":"wp","href":"https:\/\/api.w.org\/{rel}","templated":true}]}}