{"id":778846,"date":"2026-02-07T11:12:13","date_gmt":"2026-02-07T11:12:13","guid":{"rendered":"https:\/\/www.europesays.com\/de\/778846\/"},"modified":"2026-02-07T11:12:13","modified_gmt":"2026-02-07T11:12:13","slug":"niedersachsen-bremen-eisbrocken-auf-fahrendes-auto-geworfen","status":"publish","type":"post","link":"https:\/\/www.europesays.com\/de\/778846\/","title":{"rendered":"Niedersachsen &#038; Bremen: Eisbrocken auf fahrendes Auto geworfen"},"content":{"rendered":"<p>Niedersachsen &amp; BremenEisbrocken auf fahrendes Auto geworfen<img decoding=\"async\" class=\"Image_img__fQCi0 Image_Img_16_9__4BLfH\" loading=\"eager\" fetchpriority=\"high\" src=\"https:\/\/www.europesays.com\/de\/wp-content\/uploads\/2026\/02\/Ein-Unbekannter-bewirft-ein-Auto-mit-Eis-eine-42-Jaehrige-und-ihre-achtjaehrige-Tochter-kommen-mit-S.webp\" alt=\"Ein-Unbekannter-bewirft-ein-Auto-mit-Eis-eine-42-Jaehrige-und-ihre-achtjaehrige-Tochter-kommen-mit-Schrecken-davon\"\/>TeilenFolgen auf:<a href=\"https:\/\/www.whatsapp.com\/channel\/0029Va5cdVJD8SDp5YZgYF01\" title=\"Auf WhatsApp folgen\" target=\"_blank\" rel=\"nofollow noopener\"><img decoding=\"async\" src=\"https:\/\/www.n-tv.de\/socialIcons\/whatsapp.svg\" alt=\"whatsapp\" class=\"ArticleShare_icon__FsrC2\"\/><\/a><a href=\"https:\/\/news.google.com\/publications\/CAAiEPMdif5mpRNxiLOeUpHCwwsqFAgKIhDzHYn-ZqUTcYiznlKRwsML?hl=de&amp;gl=DE&amp;ceid=DE%3Ade\" title=\"Auf Google News folgen\" target=\"_blank\" rel=\"nofollow noopener\"><img decoding=\"async\" src=\"https:\/\/www.n-tv.de\/socialIcons\/google.svg\" alt=\"whatsapp\" class=\"ArticleShare_icon__FsrC2\"\/><\/a><\/p>\n<p class=\"Typography_text-m__XI0da Typography_weight-bold__uT6mq storyline_lead_text_leadtext__q_wg8\">Ein Alptraum f\u00fcr eine Autofahrerin und ihre achtj\u00e4hrige Tochter: In voller Fahrt f\u00e4llt ein Eisbrocken auf ihre Windschutzscheibe. Nun ermittelt die Polizei.<\/p>\n<p class=\"Typography_text-default__P3otY Typography_weight-normal__pqUbH storyline_paragraph_p__qSR5N\">Norden (dpa\/lni) &#8211; Ein unbekannter Mann hat in Norden (Landkreis Aurich) ein fahrendes Auto mit einem Eisbrocken beworfen. Dieser traf die Windschutzscheibe des Wagens einer 42-J\u00e4hrigen, die am Freitagabend mit ihrer achtj\u00e4hrigen Tochter unterwegs war, wie die Polizei mitteilte. Verletzt wurde niemand, die Scheibe wurde besch\u00e4digt.<\/p>\n<p class=\"Typography_text-default__P3otY Typography_weight-normal__pqUbH storyline_paragraph_p__qSR5N\">Der T\u00e4ter, der komplett schwarz gekleidet gewesen sein soll, sei nach dem Eisbrockenwurf geflohen. Die Polizei ermittelt wegen eines gef\u00e4hrlichen Eingriffs in den Stra\u00dfenverkehr.<\/p>\n<p class=\"Typography_text-s__wu_cm Typography_weight-normal__pqUbH Typography_color-darkgrey__sZEnP article-detail-footer_source__KslPc\">Quelle: dpa<\/p>\n","protected":false},"excerpt":{"rendered":"Niedersachsen &amp; BremenEisbrocken auf fahrendes Auto geworfenTeilenFolgen auf: Ein Alptraum f\u00fcr eine Autofahrerin und ihre achtj\u00e4hrige Tochter: In&hellip;\n","protected":false},"author":2,"featured_media":778847,"comment_status":"","ping_status":"","sticky":false,"template":"","format":"standard","meta":{"footnotes":"","_share_on_mastodon":"0"},"categories":[1824],"tags":[2420,3364,29,30],"class_list":["post-778846","post","type-post","status-publish","format-standard","has-post-thumbnail","category-bremen","tag-bremen","tag-de","tag-deutschland","tag-germany"],"share_on_mastodon":{"url":"https:\/\/pubeurope.com\/@de\/116029053166772786","error":""},"_links":{"self":[{"href":"https:\/\/www.europesays.com\/de\/wp-json\/wp\/v2\/posts\/778846","targetHints":{"allow":["GET"]}}],"collection":[{"href":"https:\/\/www.europesays.com\/de\/wp-json\/wp\/v2\/posts"}],"about":[{"href":"https:\/\/www.europesays.com\/de\/wp-json\/wp\/v2\/types\/post"}],"author":[{"embeddable":true,"href":"https:\/\/www.europesays.com\/de\/wp-json\/wp\/v2\/users\/2"}],"replies":[{"embeddable":true,"href":"https:\/\/www.europesays.com\/de\/wp-json\/wp\/v2\/comments?post=778846"}],"version-history":[{"count":0,"href":"https:\/\/www.europesays.com\/de\/wp-json\/wp\/v2\/posts\/778846\/revisions"}],"wp:featuredmedia":[{"embeddable":true,"href":"https:\/\/www.europesays.com\/de\/wp-json\/wp\/v2\/media\/778847"}],"wp:attachment":[{"href":"https:\/\/www.europesays.com\/de\/wp-json\/wp\/v2\/media?parent=778846"}],"wp:term":[{"taxonomy":"category","embeddable":true,"href":"https:\/\/www.europesays.com\/de\/wp-json\/wp\/v2\/categories?post=778846"},{"taxonomy":"post_tag","embeddable":true,"href":"https:\/\/www.europesays.com\/de\/wp-json\/wp\/v2\/tags?post=778846"}],"curies":[{"name":"wp","href":"https:\/\/api.w.org\/{rel}","templated":true}]}}