{"id":778848,"date":"2026-02-07T11:13:23","date_gmt":"2026-02-07T11:13:23","guid":{"rendered":"https:\/\/www.europesays.com\/de\/778848\/"},"modified":"2026-02-07T11:13:23","modified_gmt":"2026-02-07T11:13:23","slug":"beliebter-brunnen-in-essen-kann-bald-wieder-sprudeln","status":"publish","type":"post","link":"https:\/\/www.europesays.com\/de\/778848\/","title":{"rendered":"Beliebter Brunnen in Essen kann bald wieder sprudeln"},"content":{"rendered":"<p>Auch wenn der Bergmannsbrunnen in Steele seit fast zwei Jahren nicht mehr sprudelt, soll es nun schnell gehen. Die Stadt Essen plant, dass bereits im April wieder Wasser aus dem Brunnen flie\u00dfen kann. Das ist der \u00fcbliche Zeitpunkt, zu dem die Stadt auch die anderen Brunnen wieder in Betrieb nimmt. Voraussetzung daf\u00fcr ist allerdings gutes Wetter. Bei schlechten Witterungsverh\u00e4ltnissen k\u00f6nnten sich die Arbeiten erneut verz\u00f6gern.<\/p>\n","protected":false},"excerpt":{"rendered":"Auch wenn der Bergmannsbrunnen in Steele seit fast zwei Jahren nicht mehr sprudelt, soll es nun schnell gehen.&hellip;\n","protected":false},"author":2,"featured_media":778849,"comment_status":"","ping_status":"","sticky":false,"template":"","format":"standard","meta":{"footnotes":"","_share_on_mastodon":"0"},"categories":[1834],"tags":[3364,29,3688,30,1209],"class_list":["post-778848","post","type-post","status-publish","format-standard","has-post-thumbnail","category-essen","tag-de","tag-deutschland","tag-essen","tag-germany","tag-nordrhein-westfalen"],"share_on_mastodon":{"url":"https:\/\/pubeurope.com\/@de\/116029057145910336","error":""},"_links":{"self":[{"href":"https:\/\/www.europesays.com\/de\/wp-json\/wp\/v2\/posts\/778848","targetHints":{"allow":["GET"]}}],"collection":[{"href":"https:\/\/www.europesays.com\/de\/wp-json\/wp\/v2\/posts"}],"about":[{"href":"https:\/\/www.europesays.com\/de\/wp-json\/wp\/v2\/types\/post"}],"author":[{"embeddable":true,"href":"https:\/\/www.europesays.com\/de\/wp-json\/wp\/v2\/users\/2"}],"replies":[{"embeddable":true,"href":"https:\/\/www.europesays.com\/de\/wp-json\/wp\/v2\/comments?post=778848"}],"version-history":[{"count":0,"href":"https:\/\/www.europesays.com\/de\/wp-json\/wp\/v2\/posts\/778848\/revisions"}],"wp:featuredmedia":[{"embeddable":true,"href":"https:\/\/www.europesays.com\/de\/wp-json\/wp\/v2\/media\/778849"}],"wp:attachment":[{"href":"https:\/\/www.europesays.com\/de\/wp-json\/wp\/v2\/media?parent=778848"}],"wp:term":[{"taxonomy":"category","embeddable":true,"href":"https:\/\/www.europesays.com\/de\/wp-json\/wp\/v2\/categories?post=778848"},{"taxonomy":"post_tag","embeddable":true,"href":"https:\/\/www.europesays.com\/de\/wp-json\/wp\/v2\/tags?post=778848"}],"curies":[{"name":"wp","href":"https:\/\/api.w.org\/{rel}","templated":true}]}}