{"id":778850,"date":"2026-02-07T11:14:19","date_gmt":"2026-02-07T11:14:19","guid":{"rendered":"https:\/\/www.europesays.com\/de\/778850\/"},"modified":"2026-02-07T11:14:19","modified_gmt":"2026-02-07T11:14:19","slug":"programm-fuer-essener-festival-mit-public-viewing-steht","status":"publish","type":"post","link":"https:\/\/www.europesays.com\/de\/778850\/","title":{"rendered":"Programm f\u00fcr Essener Festival mit Public Viewing steht"},"content":{"rendered":"<p class=\"expressive-copy-lg-body\">W\u00e4hrend die deutschen Fu\u00dfball-Nationalspieler aktuell noch um Punkte in der Liga und ums Weiterkommen in den internationalen Wettbewerben k\u00e4mpfen, sind die Veranstalter des \u201ePublic Viewing und MIP Festival im Pott\u201c in Essen-Frintrop bereits auf WM-Ballh\u00f6he. \u201eDas Programm steht. Bis auf zwei Vertr\u00e4ge ist bereits alles unter Dach und Fach\u201c, erkl\u00e4rt Chef-Organisator Matthias Kloss. \u201eAber auch da laufen die Verhandlungen auf Hochtouren.\u201c <\/p>\n<p>    <img decoding=\"async\" src=\"https:\/\/www.europesays.com\/de\/wp-content\/uploads\/2026\/02\/411124687_1770384719_v16_9_1200.jpeg\" class=\"relative z-10 block w-full object-cover aspect-[16\/9] md:aspect-[16\/9] lg:aspect-[16\/9]\" alt=\"MIP DONNERBERG FESTIVAL\" title=\"Public Viewing in Essen-Frintrop ist beliebt. Die 1,5 Hektar gro\u00dfe Festwiese am Donnerberg bietet gen\u00fcgend Platz f\u00fcr alle. \" loading=\"lazy\"\/><\/p>\n<p>\n      Public Viewing in Essen-Frintrop ist beliebt. Die 1,5 Hektar gro\u00dfe Festwiese am Donnerberg bietet gen\u00fcgend Platz f\u00fcr alle.<br \/>\n      \u00a9 Veranstalter | Veranstalter\n    <\/p>\n<p class=\"expressive-copy-lg-body\">Das Event auf der Wiese am Donnerberg geht in seine vierte Auflage, startet aber erst einen Tag nach dem Er\u00f6ffnungsspiel der Fu\u00dfball-WM. Das Frintroper Festival beginnt also am 12. Juni, 16 Uhr, \u201edoch daf\u00fcr gehen wir auch sofort in die Vollen\u201c, verspricht Kloss, der wie schon beim Public Viewing zur Fu\u00dfball-EM vor zwei Jahren einen gro\u00dfen Ansturm der Fans erwartet. Damals kamen mehr als 2000 Besucher t\u00e4glich auf die Festwiese am Donnerberg. Nun erhoffen sich die Organisatoren noch etwas mehr.<\/p>\n<ul class=\"[[data-group=summary]_&amp;]:my-0 my-10 [h3+&amp;]:mt-0 expressive-copy-lg\">\n<li>Die <strong>Lokalredaktion Essen<\/strong> ist auch <strong>bei WhatsApp<\/strong>! Abonnieren Sie hier unseren kostenlosen Kanal: <strong><a data-track-v2-eventname=\"pageElement\" data-track-v2-action=\"Click\" data-track-v2-parentposition=\"Content\" data-track-v2-elementtype=\"Button\" data-track-v2-elementstyle=\"Text\" data-track-v2-label=\"Link Label\" data-track-v2-vendor=\"Internal\" data-track-v2-parent=\"Link List\" data-track-v2-parentlabel=\"Link List\" data-track-v2-elementposition=\"1\" data-track-v2-track-view=\"\" href=\"https:\/\/www.whatsapp.com\/channel\/0029VaNmPLK9xVJlCV8WcH2c\" target=\"_blank\" rel=\"nofollow noopener\">direkt zum Channel<\/a><\/strong>!<\/li>\n<\/ul>\n<p class=\"expressive-copy-lg-body\">Am Unterhaltungsprogramm jedenfalls soll es nicht scheitern, denn es geht Schlag auf Schlag: Ein bunter Mix aus Live-Musik, Comedy, einer \u201eFu\u00dfball-Legenden-Runde\u201c und nat\u00fcrlich Public-Viewing mit allen KO-Spielen bis hin zum Finale am 19. Juli sind geplant. Immer vorausgesetzt, das deutsche Team ist beteiligt. <\/p>\n<p class=\"expressive-copy-lg-body\">Matthias Kloss erkl\u00e4rt: \u201eFix sind die Termine unserer Musik-Acts, nat\u00fcrlich auch der Comedy-Tag sowie alle drei Vorrunden-Spiele der deutschen Mannschaft. Selbst wenn wir bereits in der Vorrunde ausscheiden sollten, werden wir kurzfristig interessante Duelle gro\u00dfer Fu\u00dfball-Nationen zeigen. Doch das wird von Fall zu Fall entschieden.\u201c<\/p>\n<p>    <img decoding=\"async\" src=\"https:\/\/www.europesays.com\/de\/wp-content\/uploads\/2026\/02\/411124784_1770384719_v16_9_1200.jpeg\" class=\"relative z-10 block w-full object-cover aspect-[16\/9] md:aspect-[16\/9] lg:aspect-[16\/9]\" alt=\"MIP ESSEN\" title=\"\u00c4hnlichkeiten sind beabsichtigt: Die Jungs von Mot\u00f6rblast eifern ihren Vorbildern der legend\u00e4ren Rockband Mot\u00f6rhead nach.\" loading=\"lazy\"\/><\/p>\n<p>\n      \u00c4hnlichkeiten sind beabsichtigt: Die Jungs von Mot\u00f6rblast eifern ihren Vorbildern der legend\u00e4ren Rockband Mot\u00f6rhead nach.<br \/>\n      \u00a9 Veranstalter\n    <\/p>\n<p>    <img decoding=\"async\" src=\"https:\/\/www.europesays.com\/de\/wp-content\/uploads\/2026\/02\/411124815_1770384719_v16_9_1200.jpeg\" class=\"relative z-10 block w-full object-cover aspect-[16\/9] md:aspect-[16\/9] lg:aspect-[16\/9]\" alt=\"MIP ESSEN\" title=\"Stainless Steel nennen sich diese vier Herren. Ihre Rockshow ist eine Hommage an die B\u00f6sen Onkelz.\" loading=\"lazy\"\/><\/p>\n<p>\n      Stainless Steel nennen sich diese vier Herren. Ihre Rockshow ist eine Hommage an die B\u00f6sen Onkelz.<br \/>\n      \u00a9 Funke Medien NRW | Michael Hei\u00dfe\n    <\/p>\n<p class=\"expressive-copy-lg-body\">Nat\u00fcrlich werden auch die beiden Halbfinals sowie das Spiel um Platz drei und das Endspiel \u00fcbertragen. Sollten die deutschen Elitekicker tats\u00e4chlich das Finale erreichen, d\u00fcrfen sich die Festival-Besucher im besten Fall auf insgesamt 17 Veranstaltungstage freuen.<\/p>\n<p>Musikalische Bandbreite von Metal-Rock bis Soul und Schlager<\/p>\n<p class=\"expressive-copy-lg-body\">Musikalisch bewegt sich die Bandbreite von wuchtigem Deutsch-Rock (B\u00f6se Onkelz-Tribute mit Stainless Steel), \u00fcber Metal-Rock in der Tradition der legend\u00e4ren Band Mot\u00f6rhead (Mot\u00f6rblast) bis hin zu Pop, Soul, Jazz und Smooth-Jazz mit Saxofonist Jo\u00ebl Mozes van de Pol, der bereits vor zwei Jahren auf dem Donnerberg zu Gast war. \u201eEr ist als Event-Musiker darauf spezialisiert, zwischen den Fu\u00dfballspielen die Stimmung anzuheizen\u201c, sagt Kloss. \u201eUnd dies ist ihm hier bei der Fu\u00dfball-EM schon ausgezeichnet gelungen.\u201c <a href=\"https:\/\/www.waz.de\/lokales\/essen\/article406875622\/show-abgesagt-helene-fischer-double-kommt-nicht-nach-essen.html\" data-category-full-path=\"https:\/\/www.waz.de\/lokales\/essen\/\" data-paid-status=\"premium\" data-article-publish-date=\"1722060000\" rel=\"nofollow noopener\" target=\"_blank\">Auch Viktoria als Helene Fischer-Double ist wieder mit von der Partie und repr\u00e4sentiert die Sparte Schlager.<\/a><\/p>\n<p>    <img decoding=\"async\" src=\"https:\/\/www.europesays.com\/de\/wp-content\/uploads\/2026\/02\/411124865_1770384719_v16_9_1200.jpeg\" class=\"relative z-10 block w-full object-cover aspect-[16\/9] md:aspect-[16\/9] lg:aspect-[16\/9]\" alt=\"MIP ESSEN\" title=\"Schon ein alter Bekannter in Essen ist der Event-Saxofonist Jo\u00ebl Mozes van de Pol.\" loading=\"lazy\"\/><\/p>\n<p>\n      Schon ein alter Bekannter in Essen ist der Event-Saxofonist Jo\u00ebl Mozes van de Pol.<br \/>\n      \u00a9 Veranstalter\n    <\/p>\n<p class=\"expressive-copy-lg-body\">Ganz wichtig f\u00fcr alle Fans, die den Weg nach Frintrop suchen: Alle Veranstaltungen des Festivals mit Einlass auf die Festwiese jeweils um 16 Uhr sind umsonst und drau\u00dfen. Nat\u00fcrlich ist die rund 1,5 Hektar gro\u00dfe Wiese umz\u00e4unt, um am Eingang eine Taschenkontrolle zu gew\u00e4hrleisten, \u201edoch dies dient einzig und allein der Sicherheit unserer G\u00e4ste\u201c, betont Kloss. \u201eDer Zutritt ist an allen Tagen kostenfrei.\u201c<\/p>\n<p>  Premiere f\u00fcr das gro\u00dfe Zirkuszelt, dem neuen Herzst\u00fcck des Essener Festivals<\/p>\n<p class=\"expressive-copy-lg-body\">Das gilt auch f\u00fcr das gro\u00dfe Zirkuszelt, das in diesem Jahr seine Premiere in Frintrop feiert. W\u00e4hrend der Konzerte und auch w\u00e4hrend des Public Viewing, das sowohl drau\u00dfen als auch im Zelt stattfindet, sind die seitlichen Zeltbahnen hochgezogen, was dem Ganzen das Aussehen eines riesigen Pagodenzelts verleiht \u2013 f\u00fcr rund 2000 G\u00e4ste. <\/p>\n<p class=\"expressive-copy-lg-body\">Mit einer einzigen Ausnahme: \u201eAm Comedy-Tag mit Markus Krebs und Ryko, der das Vorprogramm bestreitet, ist das Zelt nur \u00fcber seinen Haupteingang betretbar. <a href=\"https:\/\/eur02.safelinks.protection.outlook.com\/?url=https%3A%2F%2Fwww.ticketmaster.de%2Fevent%2F1210317203&amp;data=05%7C02%7CMichael.heisse%40funkemedien.de%7C1ceb06aa3a434cc0fe9f08de64bc8846%7C23db520766134b9987ed0998fcf9e578%7C0%7C0%7C639058958110042764%7CUnknown%7CTWFpbGZsb3d8eyJFbXB0eU1hcGkiOnRydWUsIlYiOiIwLjAuMDAwMCIsIlAiOiJXaW4zMiIsIkFOIjoiTWFpbCIsIldUIjoyfQ%3D%3D%7C0%7C%7C%7C&amp;sdata=hjgWzAgyQaSL6YaRmpXsvDR4dzU6PYZ1FOHHhRlTsZs%3D&amp;reserved=0\" target=\"_blank\" rel=\"nofollow noopener\">Jeder Besucher braucht ein Ticket, das \u00fcber die bekannten Ticketportale erworben werden kann. <\/a>Dann gibt es auch immer noch 1000 Sitzpl\u00e4tze im Zelt. <a href=\"https:\/\/eur02.safelinks.protection.outlook.com\/?url=https%3A%2F%2Fevents.mip-festival.de%2F&amp;data=05%7C02%7CMichael.heisse%40funkemedien.de%7C1ceb06aa3a434cc0fe9f08de64bc8846%7C23db520766134b9987ed0998fcf9e578%7C0%7C0%7C639058958110066161%7CUnknown%7CTWFpbGZsb3d8eyJFbXB0eU1hcGkiOnRydWUsIlYiOiIwLjAuMDAwMCIsIlAiOiJXaW4zMiIsIkFOIjoiTWFpbCIsIldUIjoyfQ%3D%3D%7C0%7C%7C%7C&amp;sdata=aSwQi53nJjd8v4m%2Bvw93keRQAR7VmwYlKQcOTWJE3ZM%3D&amp;reserved=0\" target=\"_blank\" rel=\"nofollow noopener\">Weitere Infos zum Festival auf der Website des Veranstalters.<\/a><\/p>\n<p>            Essen in 3 Minuten: Jetzt kostenlos anmelden!<\/p>\n<p>Geben Sie uns drei Minuten! Wir liefern den vollen Durchblick ins Postfach. T\u00e4glich um 6 Uhr &#8211; auch zum H\u00f6ren.<\/p>\n<p>            <img decoding=\"async\" src=\"https:\/\/www.europesays.com\/de\/wp-content\/uploads\/2026\/02\/1770310100_947_newsletter-envelope.png\" alt=\"Newsletter Illustration\" class=\"h-full w-full max-w-full object-cover md:max-w-[226px] lg:max-w-[234px]\" loading=\"lazy\"\/><\/p>\n<p>              Essen in 3 Minuten: Jetzt kostenlos anmelden!<\/p>\n<p>Geben Sie uns drei Minuten! Wir liefern den vollen Durchblick ins Postfach. T\u00e4glich um 6 Uhr &#8211; auch zum H\u00f6ren.<\/p>\n<p>              Mit meiner Anmeldung zum Newsletter stimme ich der<br \/>\n              <a href=\"https:\/\/www.waz.de\/service\/newsletter-adconsent\" class=\"text-copy-accent underline decoration-solid underline-offset-1 hover:text-primary-700\" rel=\"nofollow noopener\" target=\"_blank\">Werbevereinbarung<\/a><br \/>\n              zu.<\/p>\n<p class=\"expressive-copy-lg-body\">+++ <strong>Social Media:<\/strong> <a href=\"https:\/\/www.facebook.com\/WAZEssen\" target=\"_blank\" rel=\"nofollow noopener\">Facebook<\/a>, <a href=\"https:\/\/www.instagram.com\/waz_essen\/\" target=\"_blank\" rel=\"nofollow noopener\">Instagram<\/a> &amp; <a href=\"https:\/\/www.whatsapp.com\/channel\/0029VaNmPLK9xVJlCV8WcH2c\" target=\"_blank\" rel=\"nofollow noopener\">WhatsApp<\/a> | <strong>Unsere Schwerpunkte: <\/strong><a href=\"https:\/\/www.waz.de\/staedte\/essen\/blaulicht\/\" target=\"_blank\" rel=\"nofollow noopener\">Polizei- und Feuerwehr<\/a> + <a href=\"https:\/\/www.waz.de\/thema\/innenstadt-einkaufen-essen\/\" target=\"_blank\" rel=\"nofollow noopener\">Innenstadt<\/a> + <a href=\"https:\/\/www.waz.de\/sport\/fussball\/rwe\/\" target=\"_blank\" rel=\"nofollow noopener\">Rot-Weiss Essen<\/a> + <a href=\"https:\/\/www.waz.de\/sport\/lokalsport\/essen\/\" target=\"_blank\" rel=\"nofollow noopener\">Lokalsport<\/a> | <strong>Nachrichten <a href=\"https:\/\/www.waz.de\/lokales\/essen\/\" target=\"_blank\" rel=\"nofollow noopener\">aus ganz Essen<\/a>: <\/strong><a href=\"https:\/\/www.waz.de\/staedte\/essen\/sued\/\" target=\"_blank\" rel=\"nofollow noopener\">S\u00fcd<\/a> + <a href=\"https:\/\/www.waz.de\/staedte\/essen\/ruettenscheid-suedviertel-holsterhausen\/\" target=\"_blank\" rel=\"nofollow noopener\">R\u00fcttenscheid<\/a> + <a href=\"https:\/\/www.waz.de\/staedte\/essen\/nord\/\" target=\"_blank\" rel=\"nofollow noopener\">Nord<\/a> + <a href=\"https:\/\/www.waz.de\/staedte\/essen\/ost\/\" target=\"_blank\" rel=\"nofollow noopener\">Ost<\/a> + <a href=\"https:\/\/www.waz.de\/staedte\/essen\/kettwig-und-werden\/\" target=\"_blank\" rel=\"nofollow noopener\">Kettwig und Werden<\/a> + <a href=\"https:\/\/www.waz.de\/staedte\/essen\/borbeck-und-west\/\" target=\"_blank\" rel=\"nofollow noopener\">Borbeck und West<\/a> +++<\/p>\n<p class=\"expressive-copy-lg-body\">Hier das (Maximal)-Programm im \u00dcberblick:<\/p>\n<ul class=\"[[data-group=summary]_&amp;]:my-0 my-10 [h3+&amp;]:mt-0 expressive-copy-lg\">\n<li>Freitag, 12. Juni:  \u201eOnkelz Tribute Show\u201c mit der Gruppe Stainless Steel.<\/li>\n<li>Samstag, 13. Juni: Comedy-Tag mit Markus Krebs (ab 20 Uhr) und Vorprogramm mit Ryko (19.30 Uhr)<\/li>\n<li>Sonntag, 14. Juni: Public Viewing mit Deutschland \u2013 Curacao (19 Uhr) und DJ WM-Party mit Live Saxophonist und der Fu\u00dfball-Legenden-Talk Runde<\/li>\n<li>Samstag, 20. Juni: \u201eSparkassen-Familientag mit Helene Fischer-Tribute Show (17 Uhr) plus Vorrundenspiel Deutschland \u2013 Elfenbeink\u00fcste (22 Uhr) sowie DJ WM- Party mit Live-Saxofonist. Achtung: Der Sparkassen-Tag beginnt bereits um 12 Uhr!)<\/li>\n<li>Donnerstag, 25. Juni: Vorrundenspiel Deutschland \u2013 Ecuador (22 Uhr) und DJ WM-Party mit Live Saxofonist<\/li>\n<li>Montag, 29. Juni: Public Viewing (Letzte 32 Mannschaften (22.30 Uhr) und DJ WM-Party mit Live Saxofonist<\/li>\n<li>Dienstag, 30. Juni: Public Viewing (letzte 32 Mannschaften (19 Uhr)) und DJ WM-Party mit Live Saxofonist<\/li>\n<li>Freitag, 3. Juli: Mot\u00f6rhead Tribute Show mit Mot\u00f6rblast (20 Uhr)<\/li>\n<li>Samstag, 4. Juli: Tina Turner-Tribute (19 Uhr; aber noch nicht sicher)<\/li>\n<li>Sonntag, 5. Juli: Publik Viewing Achtelfinale (19.30 Uhr) und DJ WM-Party mit Live Saxofonist<\/li>\n<li>Donnerstag, 9. Juli: Public Viewing Viertelfinale (22 Uhr) und DJ WM- Party mit Live Saxofonist<\/li>\n<li>Freitag 10. Juli: House Party\/Silent Party (20 Uhr, aber noch nicht sicher)<\/li>\n<li>Samstag, 11. Juli: DJ Set\/Viertelfinale (23 Uhr) und DJ WM-Party mit Live Saxofonist<\/li>\n<li>Dienstag 14. Juli: Public Viewing Halbfinale (21 Uhr) und DJ WM-Party mit Live Saxofonist<\/li>\n<li>Mittwoch, 15. Juli:  Public Viewing Halbfinale (21 Uhr) und DJ WM-Party mit Live Saxofonist<\/li>\n<li>Samstag, 18. Juli: Public Viewing Spiel um Platz 3 (23Uhr) und DJ WM- Party mit Live Saxofonist<\/li>\n<li>Sonntag, 19. Juli: Public Viewing Endspiel (21 Uhr) und DJ WM-Party mit Live Saxofonist<\/li>\n<\/ul>\n<p>    <script async src=\"\/\/www.instagram.com\/embed.js\"><\/script><\/p>\n","protected":false},"excerpt":{"rendered":"W\u00e4hrend die deutschen Fu\u00dfball-Nationalspieler aktuell noch um Punkte in der Liga und ums Weiterkommen in den internationalen Wettbewerben&hellip;\n","protected":false},"author":2,"featured_media":778851,"comment_status":"","ping_status":"","sticky":false,"template":"","format":"standard","meta":{"footnotes":"","_share_on_mastodon":"0"},"categories":[1834],"tags":[3364,29,3688,30,1209],"class_list":["post-778850","post","type-post","status-publish","format-standard","has-post-thumbnail","category-essen","tag-de","tag-deutschland","tag-essen","tag-germany","tag-nordrhein-westfalen"],"share_on_mastodon":{"url":"https:\/\/pubeurope.com\/@de\/116029061083392231","error":""},"_links":{"self":[{"href":"https:\/\/www.europesays.com\/de\/wp-json\/wp\/v2\/posts\/778850","targetHints":{"allow":["GET"]}}],"collection":[{"href":"https:\/\/www.europesays.com\/de\/wp-json\/wp\/v2\/posts"}],"about":[{"href":"https:\/\/www.europesays.com\/de\/wp-json\/wp\/v2\/types\/post"}],"author":[{"embeddable":true,"href":"https:\/\/www.europesays.com\/de\/wp-json\/wp\/v2\/users\/2"}],"replies":[{"embeddable":true,"href":"https:\/\/www.europesays.com\/de\/wp-json\/wp\/v2\/comments?post=778850"}],"version-history":[{"count":0,"href":"https:\/\/www.europesays.com\/de\/wp-json\/wp\/v2\/posts\/778850\/revisions"}],"wp:featuredmedia":[{"embeddable":true,"href":"https:\/\/www.europesays.com\/de\/wp-json\/wp\/v2\/media\/778851"}],"wp:attachment":[{"href":"https:\/\/www.europesays.com\/de\/wp-json\/wp\/v2\/media?parent=778850"}],"wp:term":[{"taxonomy":"category","embeddable":true,"href":"https:\/\/www.europesays.com\/de\/wp-json\/wp\/v2\/categories?post=778850"},{"taxonomy":"post_tag","embeddable":true,"href":"https:\/\/www.europesays.com\/de\/wp-json\/wp\/v2\/tags?post=778850"}],"curies":[{"name":"wp","href":"https:\/\/api.w.org\/{rel}","templated":true}]}}