{"id":779064,"date":"2026-02-07T13:11:13","date_gmt":"2026-02-07T13:11:13","guid":{"rendered":"https:\/\/www.europesays.com\/de\/779064\/"},"modified":"2026-02-07T13:11:13","modified_gmt":"2026-02-07T13:11:13","slug":"nach-toedlichem-angriff-bahn-sicherheitsgipfel-zu-bodycam-pflicht-politik","status":"publish","type":"post","link":"https:\/\/www.europesays.com\/de\/779064\/","title":{"rendered":"Nach t\u00f6dlichem Angriff: Bahn-Sicherheitsgipfel zu Bodycam-Pflicht | Politik"},"content":{"rendered":"<p><a class=\"skip-content skip-content--link\" href=\"#in-content-skip-link-target-v-0-0\">TTS-Player \u00fcberspringen\u21b5<\/a><a id=\"in-content-skip-link-target-v-0-0\" class=\"skip-content--target-link-hidden skip-content skip-content--target-link\" href=\"#in-content-skip-link-target-v-0-0\">Artikel weiterlesen<\/a><\/p>\n<p>Berlin \u2013 <b>Wie lange f\u00e4hrt die Angst noch mit? Nach dem brutalen Angriff auf Zugbegleiter Serkan C. (\u202036) zieht die Bahn jetzt die Notbremse. Nach BILD-Informationen aus Teilnehmerkreisen soll der gro\u00dfe Bahn-Sicherheitsgipfel am n\u00e4chsten Freitag in Berlin stattfinden. Bahn-Chefin Evelyn Palla ruft Bahn-Manager, Bundespolizei, Gewerkschaften, Verb\u00e4nde, andere Bahn-Unternehmen und den Verkehrsminister an den Tisch.<\/b><\/p>\n<p>Das Ziel: Schluss mit der Gewalt auf der Schiene! T\u00e4glich werden laut DB-Statistik rund acht Mitarbeiter angegriffen. Verkehrsminister Patrick Schnieder (57, CDU) zu BILD: \u201eIch begr\u00fc\u00dfe die Initiative der Bahnchefin, alle Beteiligten an einen Tisch zu bringen, und bin dazu mit Frau Palla in einem engen Austausch. Nach dem schrecklichen Angriff auf einen Zugbegleiter m\u00fcssen wir alles pr\u00fcfen, um die Sicherheit zu verbessern.\u201c <\/p>\n<p>Schaffner Serkan C. war am Montag von einem Schwarzfahrer im Regionalzug von Kaiserslautern nach Saarbr\u00fccken so heftig verpr\u00fcgelt worden, dass er am n\u00e4chsten Tag im Krankenhaus starb.<\/p>\n<p>Mehr zum Thema<\/p>\n<p>Minister Schnieder hat bereits erste Gespr\u00e4che mit dem Vorstand und dem Betriebsratsvorsitzenden der DB Regio gef\u00fchrt. Er k\u00fcndigt an: \u201eAlle Vorschl\u00e4ge m\u00fcssen auch mit den L\u00e4ndern er\u00f6rtert werden, da diese im \u00f6ffentlichen Personennahverkehr die Sicherheitsanforderungen vorgeben.\u201c <\/p>\n<p><img decoding=\"async\" width=\"992\" height=\"558\" alt=\"Trauerfeier in der Alemi Islam Moschee in Ludwigshafen f\u00fcr den ermordeten Schaffner Serkan C.\" src=\"https:\/\/www.europesays.com\/de\/wp-content\/uploads\/2026\/02\/e0913e0574d528237c21896fddb9c520,e007cc81.jpeg\"   class=\"landscape\" loading=\"lazy\"\/><\/p>\n<p class=\"fig__caption__text\">Trauerfeier am Donnerstag in der Alemi Islam Moschee in Ludwigshafen f\u00fcr Schaffner Serkan C. <\/p>\n<p>Foto: Sven Moschitz<\/p>\n<p>Diese Ma\u00dfnahmen stehen am Freitag auf der Agenda<\/p>\n<ul class=\"unordered-list\">\n<li><b>Bodycam-Pflicht<\/b>: Jedes Teammitglied im Zug soll eine Kamera tragen, um Schl\u00e4ger abzuschrecken.<\/li>\n<li><b>Doppelbesetzung<\/b>: Nie wieder ein Schaffner allein im Zug. Die Gewerkschaften fordern Security-Begleitung f\u00fcr jede Fahrt.<\/li>\n<li><b>Sicherheits-Check<\/b> an Bahnh\u00f6fen: Mehr Video\u00fcberwachung und eine \u201eSicherheits-Offensive\u201c zusammen mit der Bundespolizei. <\/li>\n<\/ul>\n","protected":false},"excerpt":{"rendered":"TTS-Player \u00fcberspringen\u21b5Artikel weiterlesen Berlin \u2013 Wie lange f\u00e4hrt die Angst noch mit? Nach dem brutalen Angriff auf Zugbegleiter&hellip;\n","protected":false},"author":2,"featured_media":779065,"comment_status":"","ping_status":"","sticky":false,"template":"","format":"standard","meta":{"footnotes":"","_share_on_mastodon":"0"},"categories":[2],"tags":[2030,9457,29,4031,30,13,14,15,1949,12,147017,45,10,8,9,11,1031],"class_list":["post-779064","post","type-post","status-publish","format-standard","has-post-thumbnail","category-deutschland","tag-deutsche-bahn","tag-deutsche-bahn-ag","tag-deutschland","tag-eisenbahn","tag-germany","tag-headlines","tag-nachrichten","tag-news","tag-s-bahn","tag-schlagzeilen","tag-schnieder-patrick","tag-texttospeech","tag-top-news","tag-top-meldungen","tag-topmeldungen","tag-topnews","tag-vorstand"],"share_on_mastodon":{"url":"https:\/\/pubeurope.com\/@de\/116029521095471567","error":""},"_links":{"self":[{"href":"https:\/\/www.europesays.com\/de\/wp-json\/wp\/v2\/posts\/779064","targetHints":{"allow":["GET"]}}],"collection":[{"href":"https:\/\/www.europesays.com\/de\/wp-json\/wp\/v2\/posts"}],"about":[{"href":"https:\/\/www.europesays.com\/de\/wp-json\/wp\/v2\/types\/post"}],"author":[{"embeddable":true,"href":"https:\/\/www.europesays.com\/de\/wp-json\/wp\/v2\/users\/2"}],"replies":[{"embeddable":true,"href":"https:\/\/www.europesays.com\/de\/wp-json\/wp\/v2\/comments?post=779064"}],"version-history":[{"count":0,"href":"https:\/\/www.europesays.com\/de\/wp-json\/wp\/v2\/posts\/779064\/revisions"}],"wp:featuredmedia":[{"embeddable":true,"href":"https:\/\/www.europesays.com\/de\/wp-json\/wp\/v2\/media\/779065"}],"wp:attachment":[{"href":"https:\/\/www.europesays.com\/de\/wp-json\/wp\/v2\/media?parent=779064"}],"wp:term":[{"taxonomy":"category","embeddable":true,"href":"https:\/\/www.europesays.com\/de\/wp-json\/wp\/v2\/categories?post=779064"},{"taxonomy":"post_tag","embeddable":true,"href":"https:\/\/www.europesays.com\/de\/wp-json\/wp\/v2\/tags?post=779064"}],"curies":[{"name":"wp","href":"https:\/\/api.w.org\/{rel}","templated":true}]}}