{"id":779209,"date":"2026-02-07T14:33:17","date_gmt":"2026-02-07T14:33:17","guid":{"rendered":"https:\/\/www.europesays.com\/de\/779209\/"},"modified":"2026-02-07T14:33:17","modified_gmt":"2026-02-07T14:33:17","slug":"epstein-skandal-clintons-wollen-ihre-anhoerung-im-kongress-oeffentlich-machen","status":"publish","type":"post","link":"https:\/\/www.europesays.com\/de\/779209\/","title":{"rendered":"Epstein-Skandal: Clintons wollen ihre Anh\u00f6rung im Kongress \u00f6ffentlich machen"},"content":{"rendered":"<p class=\"paragraph article__item\">Im Skandal um den toten Sexualstraft\u00e4ter <a class=\"rtr-entity\" href=\"https:\/\/www.zeit.de\/thema\/jeffrey-epstein\" rel=\"nofollow noopener\" target=\"_blank\">Jeffrey Epstein<\/a> haben der ehemalige US-Pr\u00e4sident Bill Clinton und die ehemalige Au\u00dfenministerin Hillary Clinton\u00a0mehr \u00d6ffentlichkeit gefordert. Sie k\u00fcndigten an,\u00a0<a href=\"https:\/\/www.zeit.de\/politik\/ausland\/2026-02\/bill-hillary-clinton-jeffrey-epstein-republikaner-usa\" class=\"\" target=\"_blank\" rel=\"nofollow noopener\">ihre geplanten Aussagen vor einem<br \/>\nUntersuchungsausschuss im republikanisch dominierten US-Kongress<\/a> nicht hinter verschlossenen T\u00fcren<br \/>\nstattfinden zu lassen. &#8222;Lasst uns die Spielchen beenden und das richtig machen:<br \/>\nmit einer \u00f6ffentlichen Anh\u00f6rung&#8220;, schrieb Bill Clinton\u00a0auf X.\n<\/p>\n<p class=\"paragraph article__item\"><a class=\"rtr-entity\" href=\"https:\/\/www.zeit.de\/thema\/hillary-clinton\" rel=\"nofollow noopener\" target=\"_blank\">Hillary Clinton<\/a> teilte mit, sie und ihr Mann h\u00e4tten dem ebenfalls republikanisch gef\u00fchrten,<br \/>\nst\u00e4ndigen Untersuchungsausschuss im US-Repr\u00e4sentantenhaus bereits alles<br \/>\nmitgeteilt, was sie w\u00fcssten. Damit suggerierte sie, dass eine weitere Aussage nicht aufgrund tats\u00e4chlichen Aufkl\u00e4rungsbed\u00fcrfnisses stattfindet.\u00a0Die Demokraten\u00a0<a href=\"https:\/\/www.zeit.de\/politik\/ausland\/2026-02\/bill-hillary-clinton-jeffrey-epstein-republikaner-usa\" class=\"\" target=\"_blank\" rel=\"nofollow noopener\">werfen der US-Regierung vor, den Epstein-Skandal f\u00fcr parteipolitische Zwecke zu instrumentalisieren<\/a>. Der republikanische US-Pr\u00e4sident Donald<br \/>\nTrump, der sehr viel \u00f6fter als die Clintons in den Epstein-Akten auftaucht, wurde vom Ausschuss beispielsweise nicht zur Aussage vorgeladen.\n<\/p>\n<p class=\"paragraph article__item\">Zu der f\u00fcr Ende Februar geplanten Anh\u00f6rung<br \/>\nder Clintons\u00a0schrieb Hillary Clinton auf X: &#8222;Wenn Sie diesen Kampf wollen (&#8230;), f\u00fchren wir ihn \u00f6ffentlich.&#8220; Hillary Clinton soll im Kontext der Epstein-Enth\u00fcllungen am 26. Februar vor dem Ausschuss aussagen, ihr Mann am 27. Februar.\n<\/p>\n<p>        Zahlreiche Prominente in Skandal verwickelt        <\/p>\n<p class=\"paragraph article__item\">Die Clintons<br \/>\nhatten <a href=\"https:\/\/www.zeit.de\/politik\/ausland\/2026-01\/epstein-skandal-bill-clinton-hillary-clinton-veweigern-aussage\" class=\"\" target=\"_blank\" rel=\"nofollow noopener\">eine Aussage vor dem Untersuchungsausschuss zun\u00e4chst verweigert<\/a>. Nach Angaben ihrer Anw\u00e4lte hatte das Paar bereits zuvor alle<br \/>\nverf\u00fcgbaren Informationen \u00fcbermittelt. Die Republikaner im<br \/>\nRepr\u00e4sentantenhaus drohten daraufhin mit einem Verfahren wegen<br \/>\nMissachtung des Kongresses. Die <a href=\"https:\/\/www.zeit.de\/politik\/ausland\/2026-02\/bill-hillary-clinton-aussage-epstein-kongress-gxe\" class=\"\" target=\"_blank\" rel=\"nofollow noopener\">Clintons lenkten ein, bezeichneten das Verfahren jedoch als politisch motiviert<\/a>.\n<\/p>\n<p>                            \u00a9\u00a0Lea Dohle<\/p>\n<p>\n                                        Newsletter<br \/>\n                                        Was jetzt? \u2013 Der t\u00e4gliche Morgen\u00fcberblick<\/p>\n<p class=\"newsletter-signup__text\">Starten Sie mit unserem kurzen Nachrichten-Newsletter in den Tag. Erhalten Sie zudem freitags das digitale Magazin ZEIT am Wochenende. W\u00e4hrend der Olympischen Winterspiele erhalten Sie au\u00dferdem t\u00e4glich den Sondernewsletter Schnee von heute.<\/p>\n<p class=\"newsletter-signup__datapolicy\" hidden=\"\">\n            Mit Ihrer Registrierung nehmen Sie die <a href=\"https:\/\/datenschutz.zeit.de\/zon#Newsletter\" target=\"_blank\" rel=\"nofollow noopener\">Datenschutzerkl\u00e4rung<\/a> zur Kenntnis.\n        <\/p>\n<p>    Vielen Dank! Wir haben Ihnen eine E-Mail geschickt.<\/p>\n<p>Pr\u00fcfen Sie Ihr Postfach und best\u00e4tigen Sie das Newsletter-Abonnement.<\/p>\n<p class=\"paragraph article__item\">Der Name des Paares taucht wie der von Trump<br \/>\nund zahlreicher weiterer Politiker und Prominenter in den Akten Epsteins auf. Ein Fehlverhalten konnte jedoch weder den Clintons noch Trump nachgewiesen werden. Der in den h\u00f6chsten politischen und wirtschaftlichen Kreisen vernetzte Epstein soll Minderj\u00e4hrige und junge Frauen<br \/>\nmissbraucht und teils an Prominente vermittelt haben. Das <a href=\"https:\/\/www.zeit.de\/politik\/ausland\/2026-01\/us-justizministerium-veroeffentlicht-weitere-epstein-akten\" class=\"\" target=\"_blank\" rel=\"nofollow noopener\">Justizministerium hatte nach Aufforderung zuletzt mehrere Millionen Dokumente aus dem Nachlass Epsteins ver\u00f6ffentlicht<\/a>. <a href=\"https:\/\/www.zeit.de\/politik\/ausland\/2026-01\/epstein-files-usa-justizministerium-prominenz-donald-trump\" class=\"\" target=\"_blank\" rel=\"nofollow noopener\">Die Daten werden noch ausgewertet<\/a>.\n<\/p>\n<p>                        Ermittlungen zu britischem Minister Mandelson &#8222;komplex&#8220;        <\/p>\n<p class=\"paragraph article__item\">Zudem wird aktuell gegen den fr\u00fcheren britischen Minister Peter Mandelson im Zusammenhang mit Epstein ermittelt. Laut der Polizei sind diese &#8222;komplex&#8220; und erfordern &#8222;umfangreiche weitere Beweiserhebung und -analyse&#8220;. In einem Statement gaben die Ermittler an, Durchsuchungen an zwei Adressen abgeschlossen zu haben.\u00a0Die j\u00fcngst ver\u00f6ffentlichten Dokumente hatten aufs Neue eine enge Freundschaft zwischen Mandelson und dem US-Unternehmer nahegelegt.\u00a0\n<\/p>\n<p class=\"paragraph article__item\">E-Mail-Verl\u00e4ufe sollen zudem zeigen, dass Mandelson w\u00e4hrend der Finanz- und Wirtschaftskrise sensible Informationen an\u00a0Epstein\u00a0weitergegeben hat. Der Politiker \u00e4u\u00dferte sich bislang nicht zu diesen Vorw\u00fcrfen. Premierminister Keir Starmer hatte sich in den vergangenen Tagen mehrfach von Mandelson distanziert.\u00a0\n<\/p>\n<p>Mehr zum Thema<\/p>\n<p>                <a href=\"https:\/\/www.zeit.de\/politik\/ausland\/2026-02\/jeffrey-epstein-russland-verbindung-wladimir-putin\" data-ct-label=\"Jeffrey Epstein und Russland: Er bot sich Putin an\" data-uuid=\"7dee19fc-f085-47fe-a32c-065236d84dd4\" rel=\"nofollow noopener\" target=\"_blank\"><\/p>\n<p>        Z+ (abopflichtiger Inhalt);<\/p>\n<p>    Jeffrey Epstein und Russland:<br \/>\n                        Er bot sich Putin an<\/p>\n<p>                <\/a><\/p>\n<p>                <a href=\"https:\/\/www.zeit.de\/politik\/2026-02\/epstein-akten-us-justizministerium-nachrichtenpodcast\" data-ct-label=\"Nachrichtenpodcast: &quot;Das Ausma\u00df des Grauens ist noch viel gr\u00f6\u00dfer, als wir schon wussten&quot;\" data-uuid=\"4f3a15f3-1e20-4a3a-ac1b-accf8cea2efd\" rel=\"nofollow noopener\" target=\"_blank\"><\/p>\n<p>                        Nachrichtenpodcast:<br \/>\n                        &#8222;Das Ausma\u00df des Grauens ist noch viel gr\u00f6\u00dfer, als wir schon wussten&#8220;<\/p>\n<p>                <\/a><\/p>\n<p>                <a href=\"https:\/\/www.zeit.de\/gesellschaft\/2026-02\/epstein-akten-jack-lang-caroline-lang-steuerbetrug-ermittlungen\" data-ct-label=\"Epstein-Akten: Franz\u00f6sische Justiz ermittelt gegen Ex-Kulturminister Jack Lang\" data-uuid=\"0a8120a8-9f35-49ab-9f80-d631de026fec\" rel=\"nofollow noopener\" target=\"_blank\"><\/p>\n<p>                        Epstein-Akten:<br \/>\n                        Franz\u00f6sische Justiz ermittelt gegen Ex-Kulturminister Jack Lang<\/p>\n<p>                <\/a><\/p>\n","protected":false},"excerpt":{"rendered":"Im Skandal um den toten Sexualstraft\u00e4ter Jeffrey Epstein haben der ehemalige US-Pr\u00e4sident Bill Clinton und die ehemalige Au\u00dfenministerin&hellip;\n","protected":false},"author":2,"featured_media":779210,"comment_status":"","ping_status":"","sticky":false,"template":"","format":"standard","meta":{"footnotes":"","_share_on_mastodon":"0"},"categories":[3],"tags":[22714,176366,13,54064,23542,14,15,61922,16,12,10,8,9,11,4146,103,104],"class_list":["post-779209","post","type-post","status-publish","format-standard","has-post-thumbnail","category-welt","tag-bill-clinton","tag-epstein-skandal","tag-headlines","tag-hillary-clinton","tag-jeffrey-epstein","tag-nachrichten","tag-news","tag-oeffentlichkeit","tag-politik","tag-schlagzeilen","tag-top-news","tag-top-meldungen","tag-topmeldungen","tag-topnews","tag-us-kongress","tag-welt","tag-world"],"share_on_mastodon":{"url":"https:\/\/pubeurope.com\/@de\/116029843664908119","error":""},"_links":{"self":[{"href":"https:\/\/www.europesays.com\/de\/wp-json\/wp\/v2\/posts\/779209","targetHints":{"allow":["GET"]}}],"collection":[{"href":"https:\/\/www.europesays.com\/de\/wp-json\/wp\/v2\/posts"}],"about":[{"href":"https:\/\/www.europesays.com\/de\/wp-json\/wp\/v2\/types\/post"}],"author":[{"embeddable":true,"href":"https:\/\/www.europesays.com\/de\/wp-json\/wp\/v2\/users\/2"}],"replies":[{"embeddable":true,"href":"https:\/\/www.europesays.com\/de\/wp-json\/wp\/v2\/comments?post=779209"}],"version-history":[{"count":0,"href":"https:\/\/www.europesays.com\/de\/wp-json\/wp\/v2\/posts\/779209\/revisions"}],"wp:featuredmedia":[{"embeddable":true,"href":"https:\/\/www.europesays.com\/de\/wp-json\/wp\/v2\/media\/779210"}],"wp:attachment":[{"href":"https:\/\/www.europesays.com\/de\/wp-json\/wp\/v2\/media?parent=779209"}],"wp:term":[{"taxonomy":"category","embeddable":true,"href":"https:\/\/www.europesays.com\/de\/wp-json\/wp\/v2\/categories?post=779209"},{"taxonomy":"post_tag","embeddable":true,"href":"https:\/\/www.europesays.com\/de\/wp-json\/wp\/v2\/tags?post=779209"}],"curies":[{"name":"wp","href":"https:\/\/api.w.org\/{rel}","templated":true}]}}