{"id":779280,"date":"2026-02-07T15:12:51","date_gmt":"2026-02-07T15:12:51","guid":{"rendered":"https:\/\/www.europesays.com\/de\/779280\/"},"modified":"2026-02-07T15:12:51","modified_gmt":"2026-02-07T15:12:51","slug":"hannover-muellmelde-app-der-stadtreinigung-ausgezeichnet","status":"publish","type":"post","link":"https:\/\/www.europesays.com\/de\/779280\/","title":{"rendered":"Hannover: M\u00fcllmelde-App der Stadtreinigung ausgezeichnet"},"content":{"rendered":"<p>\n                Stand: 06.02.2026 11:18 Uhr<\/p>\n<p>                    <a href=\"https:\/\/www.europesays.com\/de\/wp-content\/uploads\/2026\/02\/muellapp-100.webp.webp\" class=\"zoomimage\" title=\"Bild vergr\u00f6\u00dfern\"><\/p>\n<p>        <img decoding=\"async\" src=\"https:\/\/www.europesays.com\/de\/wp-content\/uploads\/2026\/02\/muellapp-100.webp.webp\" alt=\"Eine Gruppe h\u00e4lt bei einer Preisverleihung ein Plakat zur &quot;M\u00fcllmelde-App&quot;.\" title=\"Die Stadtreinigung wurde am Donnerstag f\u00fcr ihre digitale Initiative ausgezeichnet. | Zweckverband Abfallwirtschaft Region Hannover\" class=\"responsive\" loading=\"lazy\"\/><\/p>\n<p>                    <\/a><\/p>\n<p>                    Die Stadtreinigung wurde am Donnerstag f\u00fcr ihre digitale Initiative ausgezeichnet.<\/p>\n<p class=\"\">Die <a href=\"https:\/\/www.ndr.de\/nachrichten\/niedersachsen\/hannover_weser-leinegebiet\/silvester-in-hannover-stadtreinigung-sammelt-107-kubikmeter-abfall,aktuellhannover-1334.html\" title=\"Silvester in Hannover: Stadtreinigung sammelt 107 Kubikmeter Abfall\" rel=\"nofollow noopener\" target=\"_blank\">Stadtreinigung<\/a> des Abfallentsorgers aha in Hannover ist f\u00fcr ihre M\u00fcllmelde-App ausgezeichnet worden. Der Verein Digitales Hannover verlieh den Preis am Donnerstag f\u00fcr die Entwicklung und erfolgreiche Etabilierung der App &#8222;Hannover sauber!&#8220;, wie der Entsorger mitteilte. \u00dcber die App k\u00f6nnen Nutzerinnen und Nutzer den Angaben zufolge Verschmutzungen, \u00fcberquellende M\u00fclleimer oder wilden M\u00fcll in Hannover melden. &#8222;Die M\u00fcllmelde-App ist f\u00fcr uns weit mehr als ein technisches Tool &#8211; sie ist das Bindeglied zu den Menschen in unserer Stadt&#8220;, sagte Simon Grabow, Leiter der Stadtreinigung bei aha. Sie mache Arbeit transparent und erm\u00f6gliche es Mitarbeitenden, dort zu sein, wo sie gebraucht werden, so Grabow weiter. Der Verein Digitales Hannover setzt sich den Angaben zufolge aus Menschen aus privaten Unternehmen und \u00f6ffentlichen Institutionen zusammen, die dabei helfen wollen, die digitale Zukunft von Stadt und Region mitzugestalten.<\/p>\n<p>        <img decoding=\"async\" src=\"https:\/\/www.europesays.com\/de\/wp-content\/uploads\/2026\/01\/neujahr220.webp.webp\" alt=\"Hannover: Eine Champagnerflasche aus der Silvesternacht steht am Lister Platz.\" title=\"Hannover: Eine Champagnerflasche aus der Silvesternacht steht am Lister Platz. | dpa-Bildfunk, Julian Stratenschulte\" class=\"responsive\" loading=\"lazy\"\/><\/p>\n<p>Am Neujahrstag waren 40 Stra\u00dfenreiniger und einige freiwillige Helfer im Einsatz, unter anderem auf der Lister Meile.<\/p>\n<p>        <img decoding=\"async\" src=\"https:\/\/www.europesays.com\/de\/wp-content\/uploads\/2026\/01\/aharecycling106.webp.webp\" alt=\"Thomas Schwarz, Gesch\u00e4ftsf\u00fchrer Abfallentsorger AHA, steht vor einem M\u00fcllberg.\" title=\"Thomas Schwarz, Gesch\u00e4ftsf\u00fchrer Abfallentsorger AHA, steht vor einem M\u00fcllberg. | NDR, Niels Kristoph\" class=\"responsive\" loading=\"lazy\"\/><\/p>\n<p>Das ist das Ergebnis einer Stichprobe des Abfallentsorgers aha in Hannover. In gro\u00dfen Tonnen war fast alles falsch entsorgt.<\/p>\n<p>        <img decoding=\"async\" src=\"https:\/\/www.europesays.com\/de\/wp-content\/uploads\/2026\/01\/muell-176.webp.webp\" alt=\"M\u00fcllwerker Christian Andr\u00e9 Kuhn und Ren\u00e9 Knorn holen in Peine Abfuhrtermine nach.\" title=\"M\u00fcllwerker Christian Andr\u00e9 Kuhn und Ren\u00e9 Knorn holen in Peine Abfuhrtermine nach. | NDR\/Doretta Farnbacher\" class=\"responsive\" loading=\"lazy\"\/><\/p>\n<p>Einige Abfuhrtermine in Niedersachsen sind wegen Schnee und Gl\u00e4tte ausgefallen. Nun gibt es vielerorts Ausnahmeregeln.<\/p>\n<p>Dieses Thema im Programm:<\/p>\n<p>                NDR 1 Niedersachsen | Regional Hannover | 06.02.2026 | 09:30 Uhr<\/p>\n<p>        Schlagw\u00f6rter zu diesem Artikel<\/p>\n<p>            <a href=\"https:\/\/www.ndr.de\/nachrichten\/niedersachsen\/hannover_weser-leinegebiet\/Hannover-Aktuelle-News-und-Nachrichten,hannover18518.html\" rel=\"nofollow noopener\" target=\"_blank\">Hannover<\/a><\/p>\n","protected":false},"excerpt":{"rendered":"Stand: 06.02.2026 11:18 Uhr Die Stadtreinigung wurde am Donnerstag f\u00fcr ihre digitale Initiative ausgezeichnet. Die Stadtreinigung des Abfallentsorgers&hellip;\n","protected":false},"author":2,"featured_media":779281,"comment_status":"","ping_status":"","sticky":false,"template":"","format":"standard","meta":{"footnotes":"","_share_on_mastodon":"0"},"categories":[1836],"tags":[4223,590,3681,3364,29,30,46,4103,176369,14,15,1411,828,4094,176370],"class_list":["post-779280","post","type-post","status-publish","format-standard","has-post-thumbnail","category-hannover","tag-aha","tag-aktuell","tag-auszeichnung","tag-de","tag-deutschland","tag-germany","tag-hannover","tag-muell","tag-muellmelde-app","tag-nachrichten","tag-news","tag-niedersachsen","tag-preis","tag-stadtreinigung","tag-verein-digitales-hannover"],"share_on_mastodon":{"url":"https:\/\/pubeurope.com\/@de\/116030000936359338","error":""},"_links":{"self":[{"href":"https:\/\/www.europesays.com\/de\/wp-json\/wp\/v2\/posts\/779280","targetHints":{"allow":["GET"]}}],"collection":[{"href":"https:\/\/www.europesays.com\/de\/wp-json\/wp\/v2\/posts"}],"about":[{"href":"https:\/\/www.europesays.com\/de\/wp-json\/wp\/v2\/types\/post"}],"author":[{"embeddable":true,"href":"https:\/\/www.europesays.com\/de\/wp-json\/wp\/v2\/users\/2"}],"replies":[{"embeddable":true,"href":"https:\/\/www.europesays.com\/de\/wp-json\/wp\/v2\/comments?post=779280"}],"version-history":[{"count":0,"href":"https:\/\/www.europesays.com\/de\/wp-json\/wp\/v2\/posts\/779280\/revisions"}],"wp:featuredmedia":[{"embeddable":true,"href":"https:\/\/www.europesays.com\/de\/wp-json\/wp\/v2\/media\/779281"}],"wp:attachment":[{"href":"https:\/\/www.europesays.com\/de\/wp-json\/wp\/v2\/media?parent=779280"}],"wp:term":[{"taxonomy":"category","embeddable":true,"href":"https:\/\/www.europesays.com\/de\/wp-json\/wp\/v2\/categories?post=779280"},{"taxonomy":"post_tag","embeddable":true,"href":"https:\/\/www.europesays.com\/de\/wp-json\/wp\/v2\/tags?post=779280"}],"curies":[{"name":"wp","href":"https:\/\/api.w.org\/{rel}","templated":true}]}}