{"id":779502,"date":"2026-02-07T17:15:11","date_gmt":"2026-02-07T17:15:11","guid":{"rendered":"https:\/\/www.europesays.com\/de\/779502\/"},"modified":"2026-02-07T17:15:11","modified_gmt":"2026-02-07T17:15:11","slug":"gross-groesser-google-die-unglaublichen-zahlen-des-giganten-aus-mountain-view-welt","status":"publish","type":"post","link":"https:\/\/www.europesays.com\/de\/779502\/","title":{"rendered":"Gro\u00df, gr\u00f6\u00dfer, Google \u2013 die unglaublichen Zahlen des Giganten aus Mountain View &#8211; WELT"},"content":{"rendered":"<ol>\n<li><a href=\"https:\/\/news.google.com\/rss\/articles\/CBMi2gFBVV95cUxQTnNNMjYxb3EwU3pheGJQTGhCb0Q1cVFBZmo0RlJXSEJKbGY5UFlTdVJqZklEeWZ0V1ZOY21iaXBNZjlTM3o1ZVVZUUJKU1NiTTBLZDVkbUZSblM2cVlaTVpZSWIzejd2azdXeC1ldzMzSlhiRDBSMzZCZEpGZ25KNV9FY0FuZ2l2SXFfUEJxZU13VmZyeGtUVFFwZjI0ajNDcWNmVzg1WS1sazQ3cVUwN2pkMjltcXh2a1U4SF82NXFPcUhHbC1ld3FFU2VnVGZ2OUFENDJ6dTVyUQ?oc=5\" target=\"_blank\" rel=\"nofollow noopener\">Gro\u00df, gr\u00f6\u00dfer, Google \u2013 die unglaublichen Zahlen des Giganten aus Mountain View<\/a>&nbsp;&nbsp;WELT<\/li>\n<li><a href=\"https:\/\/news.google.com\/rss\/articles\/CBMiwAFBVV95cUxOQXRyWjM3WDlmR0tWN2NsTlRsbEE5a2FLU0dhdlRfQlBsOXdtSkxvcnRKWnBzVHhsc1V6NFNJSndoZ0g0Tm93bklOR0NvbkdPRGVSUnIzX0N5VkhkdTRwZHo2Tl9JRF9ndG5BMlRsc2JkTk9zaEpjMUJfXzIzZUlyajE3V0g4WVZ6QUQzUV9GSGN1M1FaQ2JkZGtoejZqazVvQjNNZ0p1b1FlR1Vad0Q4aWhWNGtQZTVCV1k5MGhON0c?oc=5\" target=\"_blank\" rel=\"nofollow noopener\">Google baut Gemini aus: Milliardeninvestition geplant<\/a>&nbsp;&nbsp;FAZ<\/li>\n<li><a href=\"https:\/\/news.google.com\/rss\/articles\/CBMimgFBVV95cUxOeDhDa2d1QmZldWRKWE50NjFJa3lob2JocFMyaHI3S2ZhVmFUdmMwWWV3VXVCLXh0bXRaaHFTWGRwT1VLNUpxbTZkRUM3ZTJ0T0tEN3d0cndVOWZIUDZMVzRBY25uYmJkT3huT0tRdjF4clpiSXo1bHhYb2RRaVRlNF9UZXN3N2E3bGZLX3NrNU9oaFdTX0c0ODVR?oc=5\" target=\"_blank\" rel=\"nofollow noopener\">Alphabet verdoppelt KI-Investitionen und sch\u00fcrt \u00c4ngste vor Blase<\/a>&nbsp;&nbsp;tagesschau.de<\/li>\n<li><a href=\"https:\/\/news.google.com\/rss\/articles\/CBMixAFBVV95cUxNWFYxNkhKV2htb0IwNFJFdVJRMVpJQURfcy1MMl8tMi1LS2t1MmJYMnNlRE1kcWNsdF9pMjBheUJZMzFhMXM1S1dwU1RJclFSSjlzT0xWOF9KQ3dqZGVmYUhTdHpUS0Ruei1LN21ENi1qNHc2RzdVUkhaeWVmVmNkMFN6SFA5RnlLUWVNc3ktRTFGVTduTXdNcjgzbkpKRnFKUXVHMkJNcW94WkFBbEFZcE1HbkF4YjZENHBtdmk0QTVsRFdP?oc=5\" target=\"_blank\" rel=\"nofollow noopener\">Alphabet: Schwach? Die Wahrheit \u00fcber die Google-Aktie<\/a>&nbsp;&nbsp;Der Aktion\u00e4r<\/li>\n<li><a href=\"https:\/\/news.google.com\/rss\/articles\/CBMizwFBVV95cUxNYUVUXzFmYjlGempTLWpSU0tLOWJSTU80Q2lxZDZQdVJmclVtQlpGaEppb3FrcjZCNDBBTld3Y0lpTmJVVmZSMVgzbzlFOU5WUmNDNXhaWndlR3M0aG5TRHdocmNhR3lENXIzd3RXUFpOX1lMcTNpbXNkUFlJZ3hGNFlfVGl0cU1qa0toTjJMMDZkQTFQNDE3RmM1NXhjTE15Mm1qSi16aFpTMklBc05hbWxnRjN1TGlfbmhTNVI5S0JsT1hjcXZDaEpPQjRMRTg?oc=5\" target=\"_blank\" rel=\"nofollow noopener\">Alphabet C &#8211; GOOG: Der Google-Mutterkonzern setzt voll auf Gemini 3!<\/a>&nbsp;&nbsp;FinanzNachrichten.de<\/li>\n<\/ol>\n","protected":false},"excerpt":{"rendered":"Gro\u00df, gr\u00f6\u00dfer, Google \u2013 die unglaublichen Zahlen des Giganten aus Mountain View&nbsp;&nbsp;WELT Google baut Gemini aus: Milliardeninvestition geplant&nbsp;&nbsp;FAZ&hellip;\n","protected":false},"author":2,"featured_media":779503,"comment_status":"","ping_status":"","sticky":false,"template":"","format":"standard","meta":{"footnotes":"","_share_on_mastodon":"0"},"categories":[134],"tags":[95390,175,170,169,29,43302,30,59183,59482,171,174,2310,173,172],"class_list":["post-779502","post","type-post","status-publish","format-standard","has-post-thumbnail","category-unternehmen-maerkte","tag-alphabet-google","tag-business","tag-companies","tag-companies-markets","tag-deutschland","tag-fuest-benedikt","tag-germany","tag-kc_makro","tag-kuenstliche-intelligenz-ki-ks","tag-markets","tag-maerkte","tag-nvidia","tag-unternehmen","tag-unternehmen-maerkte"],"share_on_mastodon":{"url":"https:\/\/pubeurope.com\/@de\/116030480334059364","error":""},"_links":{"self":[{"href":"https:\/\/www.europesays.com\/de\/wp-json\/wp\/v2\/posts\/779502","targetHints":{"allow":["GET"]}}],"collection":[{"href":"https:\/\/www.europesays.com\/de\/wp-json\/wp\/v2\/posts"}],"about":[{"href":"https:\/\/www.europesays.com\/de\/wp-json\/wp\/v2\/types\/post"}],"author":[{"embeddable":true,"href":"https:\/\/www.europesays.com\/de\/wp-json\/wp\/v2\/users\/2"}],"replies":[{"embeddable":true,"href":"https:\/\/www.europesays.com\/de\/wp-json\/wp\/v2\/comments?post=779502"}],"version-history":[{"count":0,"href":"https:\/\/www.europesays.com\/de\/wp-json\/wp\/v2\/posts\/779502\/revisions"}],"wp:featuredmedia":[{"embeddable":true,"href":"https:\/\/www.europesays.com\/de\/wp-json\/wp\/v2\/media\/779503"}],"wp:attachment":[{"href":"https:\/\/www.europesays.com\/de\/wp-json\/wp\/v2\/media?parent=779502"}],"wp:term":[{"taxonomy":"category","embeddable":true,"href":"https:\/\/www.europesays.com\/de\/wp-json\/wp\/v2\/categories?post=779502"},{"taxonomy":"post_tag","embeddable":true,"href":"https:\/\/www.europesays.com\/de\/wp-json\/wp\/v2\/tags?post=779502"}],"curies":[{"name":"wp","href":"https:\/\/api.w.org\/{rel}","templated":true}]}}