{"id":77961,"date":"2025-05-02T07:53:12","date_gmt":"2025-05-02T07:53:12","guid":{"rendered":"https:\/\/www.europesays.com\/de\/77961\/"},"modified":"2025-05-02T07:53:12","modified_gmt":"2025-05-02T07:53:12","slug":"gipfeltreffen-zwischen-dresden-und-bielefeld-beide-koennen-aufsteigen","status":"publish","type":"post","link":"https:\/\/www.europesays.com\/de\/77961\/","title":{"rendered":"Gipfeltreffen zwischen Dresden und Bielefeld \u2013 beide k\u00f6nnen aufsteigen"},"content":{"rendered":"<p>   Gipfeltreffen zwischen Dresden und Bielefeld \u2013 beide k\u00f6nnen aufsteigen &#8211; FuPa                                             <\/p>\n<p>FuPa ben\u00f6tigt JavaScript, um richtig zu funktionieren.<\/p>\n<p> Browser nicht unterst\u00fctzt <\/p>\n<p>  Du verwendest einen veralteten Browser, wodurch die Funktionalit\u00e4t von FuPa eingeschr\u00e4nkt ist und es zu unerwarteten Fehlern kommen kann. Damit du FuPa vollumf\u00e4nglich nutzen kannst und wir dir eine bessere Nutzungserfahrung und mehr Sicherheit auf unserer Anwendung bieten k\u00f6nnen, nutze bitte einen aktuellen Browser.      <img loading=\"lazy\" decoding=\"async\" src=\"https:\/\/www.europesays.com\/de\/wp-content\/uploads\/2025\/05\/vgzm.2780411-3097202.gif\" height=\"1\" width=\"1\" class=\"sc-1wcyr0h-16 hojaCI\"\/>Du wirst automatisch weitergeleitet&#8230;<img fetchpriority=\"high\" decoding=\"async\" loading=\"eager\" src=\"https:\/\/www.europesays.com\/de\/wp-content\/uploads\/2025\/05\/960x640.jpeg\" alt=\"\" title=\"\" width=\"960\" height=\"640\" class=\"sc-wadapo-3 klmthQ mui-style-2vfs2l\"\/> \u2013 Foto: Sch\u00e4fer, Fotografie Rosta<a data-google-interstitial=\"false\" target=\"_blank\" href=\"https:\/\/rp-online.de\" rel=\"nofollow noopener\"><img decoding=\"async\" loading=\"eager\" src=\"https:\/\/www.europesays.com\/de\/wp-content\/uploads\/2025\/04\/image.svg.svg+xml\" alt=\"\" title=\"\" width=\"400\" height=\"80\" class=\"sc-wadapo-3 ftUxsc\"\/><\/a>3. Liga: Dynamo Dresden und Arminia Bielefeld treffen sich zum Spitzenspiel und  k\u00f6nnten zusammen aufsteigen.<\/p>\n<p>So viel zur Ausgangslage: Heimst Dynamo Dresden drei Z\u00e4hler im Spitzenspiel gegen Arminia Bielefeld ein, steht das Team von Thomas Stamm als erster Aufsteiger fest, mit etwas Sch\u00fctzenhilfe und einem Remis k\u00f6nnten das Spitzenduo sogar im Gleichschritt nach oben gehen. Die Verfolger FC Energie Cottbus und 1. FC Saarbr\u00fccken, die ihrerseits um den Relegationsplatz k\u00e4mpfen, m\u00fcssten daf\u00fcr aber komplett leer ausgehen.<\/p>\n<p>Der VfB Stuttgart II und der SV Waldhof Mannheim leisten sich ein Kopf-an-Kopf-Duell um den Klassenerhalt, auch Borussia Dortmund II ist nicht \u00fcber den Damm. <\/p>\n<p>So l\u00e4uft der 36. Spieltag der 3. Liga  Liveticker: VfL Osnabr\u00fcck &#8211; Viktoria K\u00f6ln      ___ Liveticker: TSV 1860 M\u00fcnchen &#8211; Rot-Weiss Essen  <\/p>\n<p> ___ <\/p>\n<p> Liveticker: SV Sandhausen &#8211; F.C. Hansa Rostock <\/p>\n<p>  ___ <\/p>\n<p> Liveticker: SV Wehen Wiesbaden &#8211; Borussia Dortmund II  <\/p>\n<p>  ___ <\/p>\n<p> Liveticker: VfB Stuttgart II &#8211; Alemannia Aachen <\/p>\n<p> ___ <\/p>\n<p> Liveticker: 1. FC Saarbr\u00fccken &#8211; SC Verl <\/p>\n<p>   ___ Liveticker: DSC Arminia Bielefeld &#8211; SG Dynamo Dresden   ___ Liveticker: FC Energie Cottbus &#8211; SV Waldhof Mannheim  So., 04.05.2025, 13:30 Uhr <\/p>\n<p>___<\/p>\n<p> Liveticker: FC Erzgebirge Aue &#8211; FC Ingolstadt  So., 04.05.2025, 16:30 Uhr  ___ Liveticker: Hannover 96 II &#8211; SpVgg Unterhaching So., 04.05.2025, 19:30 Uhr  ___ So geht es am kommenden Spieltag  <\/p>\n<p>37. Spieltag<br \/>09.05.25 Borussia Dortmund II &#8211; VfB Stuttgart II<br \/>10.05.25 Alemannia Aachen &#8211; 1. FC Saarbr\u00fccken<br \/>10.05.25 F.C. Hansa Rostock &#8211; FC Energie Cottbus<br \/>10.05.25 SV Waldhof Mannheim &#8211; SG Dynamo Dresden<br \/>10.05.25 FC Erzgebirge Aue &#8211; SV Sandhausen<br \/>10.05.25 SC Verl &#8211; TSV 1860 M\u00fcnchen<br \/>10.05.25 FC Ingolstadt 04 &#8211; SV Wehen Wiesbaden<br \/>11.05.25 SpVgg Unterhaching &#8211; DSC Arminia Bielefeld<br \/>11.05.25 Rot-Weiss Essen &#8211; VfL Osnabr\u00fcck<br \/>11.05.25 Viktoria K\u00f6ln &#8211; Hannover 96 II<\/p>\n<p>  _____ <\/p>\n<p>Dein Kontakt zur FuPa-Redaktion:<\/p>\n<p>  <a href=\"https:\/\/www.fupa.net\/region\/niederrhein\/news\" target=\"_blank\" rel=\"noopener nofollow\">&gt;&gt;&gt; Die aktuellen News auf FuPa Niederrhein<\/a><\/p>\n<p>Aufrufe: 02.5.2025, 09:30 Uhr<\/p>\n<p>Markus BeckerAutor<\/p>\n<p><img decoding=\"async\" loading=\"lazy\" src=\"https:\/\/www.europesays.com\/de\/wp-content\/uploads\/2025\/05\/64x64.jpeg\" alt=\"\" title=\"\" width=\"64\" height=\"64\" class=\"sc-wadapo-3 imUdKn\"\/><\/p>\n","protected":false},"excerpt":{"rendered":"Gipfeltreffen zwischen Dresden und Bielefeld \u2013 beide k\u00f6nnen aufsteigen &#8211; FuPa FuPa ben\u00f6tigt JavaScript, um richtig zu funktionieren.&hellip;\n","protected":false},"author":2,"featured_media":77962,"comment_status":"","ping_status":"","sticky":false,"template":"","format":"standard","meta":{"footnotes":""},"categories":[1841],"tags":[3729,995,999,1605,888,3364,29,5624,17501,5953,15427,5955,30,2366,1209,3714,9622,11759,15438,12873,16438,22506,8811,2915,12777,6921],"class_list":{"0":"post-77961","1":"post","2":"type-post","3":"status-publish","4":"format-standard","5":"has-post-thumbnail","7":"category-bielefeld","8":"tag-1-fc-saarbruecken","9":"tag-3-liga","10":"tag-alemannia-aachen","11":"tag-bielefeld","12":"tag-borussia-dortmund","13":"tag-de","14":"tag-deutschland","15":"tag-dsc-arminia-bielefeld","16":"tag-f-c-hansa-rostock","17":"tag-fc-energie-cottbus","18":"tag-fc-erzgebirge-aue","19":"tag-fc-ingolstadt-04","20":"tag-germany","21":"tag-hannover-96","22":"tag-nordrhein-westfalen","23":"tag-rot-weiss-essen","24":"tag-sc-verl","25":"tag-sg-dynamo-dresden","26":"tag-spvgg-unterhaching","27":"tag-sv-sandhausen","28":"tag-sv-waldhof-mannheim","29":"tag-sv-wehen-wiesbaden","30":"tag-tsv-1860-muenchen","31":"tag-vfb-stuttgart","32":"tag-vfl-osnabrueck","33":"tag-viktoria-koeln"},"share_on_mastodon":{"url":"https:\/\/pubeurope.com\/@de\/114437161242465885","error":""},"_links":{"self":[{"href":"https:\/\/www.europesays.com\/de\/wp-json\/wp\/v2\/posts\/77961","targetHints":{"allow":["GET"]}}],"collection":[{"href":"https:\/\/www.europesays.com\/de\/wp-json\/wp\/v2\/posts"}],"about":[{"href":"https:\/\/www.europesays.com\/de\/wp-json\/wp\/v2\/types\/post"}],"author":[{"embeddable":true,"href":"https:\/\/www.europesays.com\/de\/wp-json\/wp\/v2\/users\/2"}],"replies":[{"embeddable":true,"href":"https:\/\/www.europesays.com\/de\/wp-json\/wp\/v2\/comments?post=77961"}],"version-history":[{"count":0,"href":"https:\/\/www.europesays.com\/de\/wp-json\/wp\/v2\/posts\/77961\/revisions"}],"wp:featuredmedia":[{"embeddable":true,"href":"https:\/\/www.europesays.com\/de\/wp-json\/wp\/v2\/media\/77962"}],"wp:attachment":[{"href":"https:\/\/www.europesays.com\/de\/wp-json\/wp\/v2\/media?parent=77961"}],"wp:term":[{"taxonomy":"category","embeddable":true,"href":"https:\/\/www.europesays.com\/de\/wp-json\/wp\/v2\/categories?post=77961"},{"taxonomy":"post_tag","embeddable":true,"href":"https:\/\/www.europesays.com\/de\/wp-json\/wp\/v2\/tags?post=77961"}],"curies":[{"name":"wp","href":"https:\/\/api.w.org\/{rel}","templated":true}]}}