{"id":779948,"date":"2026-02-07T21:29:11","date_gmt":"2026-02-07T21:29:11","guid":{"rendered":"https:\/\/www.europesays.com\/de\/779948\/"},"modified":"2026-02-07T21:29:11","modified_gmt":"2026-02-07T21:29:11","slug":"niners-chemnitz-gewinnen-ostduell-gegen-syntainics-mbc","status":"publish","type":"post","link":"https:\/\/www.europesays.com\/de\/779948\/","title":{"rendered":"Niners Chemnitz gewinnen Ostduell gegen Syntainics MBC"},"content":{"rendered":"<p class=\"text\">\nUnd in den ersten zehn Minuten hatte man das Gef\u00fchl, die Chemnitzer wollen die Partie fr\u00fch f\u00fcr sich entscheiden. Nach knapp drei Minuten f\u00fchrten die Niners bereits mit 17:4. Beim MBC ging vorn fast nichts rein. Auch wenn die Gastgeber selbst einige liegen lie\u00dfen, so blieb der Vorsprung konstant. Mit 18:8 ging es ins zweite Viertel. Und da tauten die G\u00e4ste pl\u00f6tzlich auf, legten f\u00fcnf Dreier in den Korb. Nach 16 Minuten f\u00fchrte der MBC mit 30:27. Die Niners blieben dran, die Partie blieb hochspannend. Wei\u00dfenfels nahm zur Pause eine 44:40-F\u00fchrung mit in die Kabine.<\/p>\n","protected":false},"excerpt":{"rendered":"Und in den ersten zehn Minuten hatte man das Gef\u00fchl, die Chemnitzer wollen die Partie fr\u00fch f\u00fcr sich&hellip;\n","protected":false},"author":2,"featured_media":779949,"comment_status":"","ping_status":"","sticky":false,"template":"","format":"standard","meta":{"footnotes":"","_share_on_mastodon":"0"},"categories":[1851],"tags":[2493,2472,2770,3364,29,548,663,3934,30,13,81,14,15,22639,114880,29635,859,12,176474,3499,3498,22640,32357],"class_list":["post-779948","post","type-post","status-publish","format-standard","has-post-thumbnail","category-chemnitz","tag-basketball","tag-bbl","tag-chemnitz","tag-de","tag-deutschland","tag-eu","tag-europa","tag-europe","tag-germany","tag-headlines","tag-mdr","tag-nachrichten","tag-news","tag-niners-chemnitz","tag-ostderby","tag-rodrigo-pastore","tag-sachsen","tag-schlagzeilen","tag-silvano-poropat","tag-spio","tag-sport-im-osten","tag-syntainics-mbc","tag-weissenfels"],"share_on_mastodon":{"url":"https:\/\/pubeurope.com\/@de\/116031479055902007","error":""},"_links":{"self":[{"href":"https:\/\/www.europesays.com\/de\/wp-json\/wp\/v2\/posts\/779948","targetHints":{"allow":["GET"]}}],"collection":[{"href":"https:\/\/www.europesays.com\/de\/wp-json\/wp\/v2\/posts"}],"about":[{"href":"https:\/\/www.europesays.com\/de\/wp-json\/wp\/v2\/types\/post"}],"author":[{"embeddable":true,"href":"https:\/\/www.europesays.com\/de\/wp-json\/wp\/v2\/users\/2"}],"replies":[{"embeddable":true,"href":"https:\/\/www.europesays.com\/de\/wp-json\/wp\/v2\/comments?post=779948"}],"version-history":[{"count":0,"href":"https:\/\/www.europesays.com\/de\/wp-json\/wp\/v2\/posts\/779948\/revisions"}],"wp:featuredmedia":[{"embeddable":true,"href":"https:\/\/www.europesays.com\/de\/wp-json\/wp\/v2\/media\/779949"}],"wp:attachment":[{"href":"https:\/\/www.europesays.com\/de\/wp-json\/wp\/v2\/media?parent=779948"}],"wp:term":[{"taxonomy":"category","embeddable":true,"href":"https:\/\/www.europesays.com\/de\/wp-json\/wp\/v2\/categories?post=779948"},{"taxonomy":"post_tag","embeddable":true,"href":"https:\/\/www.europesays.com\/de\/wp-json\/wp\/v2\/tags?post=779948"}],"curies":[{"name":"wp","href":"https:\/\/api.w.org\/{rel}","templated":true}]}}