{"id":779958,"date":"2026-02-07T21:34:12","date_gmt":"2026-02-07T21:34:12","guid":{"rendered":"https:\/\/www.europesays.com\/de\/779958\/"},"modified":"2026-02-07T21:34:12","modified_gmt":"2026-02-07T21:34:12","slug":"fragen-nach-fairness-und-gerechtigkeit","status":"publish","type":"post","link":"https:\/\/www.europesays.com\/de\/779958\/","title":{"rendered":"Fragen nach Fairness und Gerechtigkeit"},"content":{"rendered":"<p class=\"mb-6 text-xs md:text-m lg:text-l font-serif group-[.font-sans]:font-sans \">\n    Michael Str\u00f6ll stapfte m\u00fcrrisch durch die Mixed-Zone Richtung Kabine. W\u00e4hrend drau\u00dfen die Spieler des FSV Mainz 05 mit ihren Fans den 2:0 (1:0)-Heimsieg gegen den FCA mit dem Fastnachtsevergreen \u201eAm Rosenmontag bin ich geboren\u201c von Margit Sponheimer feierten, war der FCA-Gesch\u00e4ftsf\u00fchrer sauer. \u201eIch habe vorige Woche schon genug gesagt\u201c, knurrte er und verschwand hinter der T\u00fcr.\n  <\/p>\n<p class=\"mb-6 text-xs md:text-m lg:text-l font-serif group-[.font-sans]:font-sans \">\n    <a href=\"https:\/\/www.augsburger-allgemeine.de\/sport\/fc-augsburg\/fc-augsburg-partie-gegen-st-pauli-fca-aerger-ueber-schiedsrichter-stegemann-113331516\" target=\"_self\" class=\"underline \" rel=\"nofollow noopener\">Da hatte der FCA gegen den FC St. Pauli einen mehr als fragw\u00fcrdigen Elfmeter gegen sich ausgesprochen bekommen, aber das Spiel nach dem 0:1-R\u00fcckstand noch 2:1 gewonnen.<\/a> Das gelang dieses Mal nicht. Weil Nadiem Amiri f\u00fcr die Mainzer nicht nur den unberechtigt gegebenen Elfmeter in der 8. Minute zur 1:0-F\u00fchrung verwandelte, sondern in der 80. Minute auch den berechtigten zweiten Strafsto\u00df (Anton Kade hatte Amiri gefoult) zum 2:0 einschob. Und weil es den FCA-Spielern bei den durchaus vorhandenen Chancen nicht gelang, FSV-Torh\u00fcter Daniel Batz zu \u00fcberwinden. Alexis Claude-Maurice scheiterte gleich zweimal (10. und 29.), wie auch Mert K\u00f6m\u00fcr (26. und 77.), der den Vorzug vor Fabian Rieder erhalten hatte. \u00a0\n  <\/p>\n<p>            FCA-Trainer Manuel Baum diskutiert lautstark mit Schiedsrichter Patrick Ittrich<\/p>\n<p class=\"mb-6 text-xs md:text-m lg:text-l font-serif group-[.font-sans]:font-sans \">\n    Deswegen war auch FCA-Trainer Manuel Baum nach dem Spiel kaum zu bremsen. Als er Schiedsrichter Patrick Ittrich bei den Fernseh-Interviews traf, entwickelte sich ein lautes Streitgespr\u00e4ch. Der Kampf um den Klassenerhalt zerrt an den Nerven. Die Konkurrenz ist nach der FCA-Niederlage wieder n\u00e4her ger\u00fcckt, Mainz zum Beispiel hat den R\u00fcckstand auf einen Punkt verk\u00fcrzt, St. Pauli gewonnen und am n\u00e4chsten Sonntag (15.30 Uhr) erwartet der FCA den Tabellenletzten 1. FC Heidenheim in der WWK-Arena.\n  <\/p>\n<p class=\"mb-6 text-xs md:text-m lg:text-l font-serif group-[.font-sans]:font-sans \">\n    Kein Wunder, dass die Frustrationsgrenze beim FCA derzeit sehr niedrig ist. Auch bei der anschlie\u00dfenden Pressekonferenz hatte sich Baum noch nicht beruhigt. Der erste Elfmeter sei schlie\u00dflich \u201espielentscheidend\u201c gewesen. \u201eEs ist komplett unverst\u00e4ndlich, dass der Schiedsrichter nicht rausgeht und das Ding nicht zur\u00fcckgenommen wird. Man sieht in keinem Bild eine Ber\u00fchrung. Man sieht nur einen Spieler, der hinf\u00e4llt\u201c, polterte Baum los.\n  <\/p>\n<p>            Elvis Rexhbecaj zieht durch, Stefan Bell f\u00e4llt<\/p>\n<p class=\"mb-6 text-xs md:text-m lg:text-l font-serif group-[.font-sans]:font-sans \">\n    F\u00fcnf Minuten waren erst gespielt, als das Unheil aus FCA-Sicht seinen Lauf nahm. Einen weiten Einwurf konnte der FCA nicht kl\u00e4ren,\u00a0Mainz-Verteidiger Stefan Bell kam vor Elvis Rexhbecaj am Ball. Der Augsburger zog trotzdem voll durch, schlug am Ball, aber auch am Fu\u00df des Mainzers, vorbei. Wenn \u00fcberhaupt, gab es nur ein hauchzartes Streifen. Trotzdem sank der 34-j\u00e4hrige Mainzer Routinier wie vom Blitz getroffen zu Boden und Schiedsrichter Ittrich deutete auf den Punkt. \u201eIch habe gesehen, dass Bell ganz klar den Ball spielt, Rexhbecaj voll durchzieht und es zu einem klaren Kontakt am Fu\u00df kommt, und ich h\u00f6re ihn auch\u201c, verteidigte der Schiedsrichter seine Entscheidung sp\u00e4ter.\n  <\/p>\n<p>            VAR in K\u00f6n studiert minutenlang die Fernsehbilder<\/p>\n<p class=\"mb-6 text-xs md:text-m lg:text-l font-serif group-[.font-sans]:font-sans \">\n    Doch im K\u00f6lner Keller sah man das nicht so klar. Minutenlang wurde die Szene durch Video-Assistent Johann Pfeifer und dessen Assistent Thorsten Schiffner \u00fcberpr\u00fcft. Ittrich dazu: \u201eDann war ich im Kontakt mit dem Video-Assistenten. Die haben die Bilder gepr\u00fcft und konnten es weder widerlegen noch belegen.\u201c Das reichte f\u00fcr K\u00f6ln, Ittrich in seiner Erstmeinung zu best\u00e4rken und ihn auch\u00a0nicht an die Seitenlinie zum Selbststudium zu holen. \u00a0Ein Fehler, wie Ittrich nach der Partie mehr oder weniger eingestand. \u201eWenn ich die Bilder so sehe, ist es eher d\u00fcnn. Man muss eher \u00a0davon ausgehen, dass es eher kein Elfmeter ist.\u201c\n  <\/p>\n<p>            Manuel Baum: \u201eEs wurde kein Kontakt gefunden<\/p>\n<p class=\"mb-6 text-xs md:text-m lg:text-l font-serif group-[.font-sans]:font-sans \">\n    F\u00fcr Baum kam diese Einsicht zu sp\u00e4t. \u201eEs wurde kein Kontakt gefunden. Wenn man normal dar\u00fcber nachdenkt, kommt man doch zu dem Schluss, wenn kein Kontakt da ist, wenn man keinen findet im Bild, dass es das Mindeste ist, dass der Schiedsrichter rausgeschickt wird und der dann zu der Erkenntnis kommt, dass der Elfmeter zur\u00fcckgenommen wird.\u201c Es sei \u201eaberwitzig, dass ein nicht sichtbarer Kontakt dazu f\u00fchrt, dass die Entscheidung bestehen bleibt.\u201c\n  <\/p>\n<p>    <img decoding=\"async\" src=\"https:\/\/www.europesays.com\/de\/wp-content\/uploads\/2026\/02\/wrfzqb57u7-v10-ax-s2048.jpg\" alt=\" Trainer Manuel Baum war nach der Niederlage beim FSV Mainz 05 frustriert und w\u00fctend.\" title=\" Trainer Manuel Baum war nach der Niederlage beim FSV Mainz 05 frustriert und w\u00fctend.\" loading=\"lazy\" class=\"h-full w-full object-cover\"\/><\/p>\n<p>      Icon vergr\u00f6\u00dfern<\/p>\n<p>     Trainer Manuel Baum war nach der Niederlage beim FSV Mainz 05 frustriert und w\u00fctend.<br \/>\n    Foto: Florian Wiegand, dpa<\/p>\n<p>        Schlie\u00dfen <\/p>\n<p>      Icon Schlie\u00dfen<\/p>\n<p>        Icon vergr\u00f6\u00dfern<\/p>\n<p>        Icon verkleinern<\/p>\n<p>      Icon Pfeil bewegen<\/p>\n<p>     Trainer Manuel Baum war nach der Niederlage beim FSV Mainz 05 frustriert und w\u00fctend.<br \/>\n    Foto: Florian Wiegand, dpa<\/p>\n<p class=\"mb-6 text-xs md:text-m lg:text-l font-serif group-[.font-sans]:font-sans \">\n    Der FCA-Trainer ist davon \u00fcberzeugt, dass sein Team in den vergangenen Wochen schon \u00f6fter benachteiligt worden ist. \u201eDaran k\u00f6nnen wir nichts \u00e4ndern, aber ich will das auch nicht einfach so hinnehmen\u201c, schimpfte Baum. Es gehe schlie\u00dflich um den Klassenerhalt.\n  <\/p>\n<p>            FCA-Spieler sollen Elfmeter-Situationen suchen<\/p>\n<p class=\"mb-6 text-xs md:text-m lg:text-l font-serif group-[.font-sans]:font-sans \">\n    Er will nun seine Spieler anhalten, auch mehr solche Elfmetersituationen zu kreieren. \u201eIch habe leider das Gef\u00fchl, dass wir die Spieler durch das System so sozialisieren, dass sie sich in solchen Situationen reinfallen lassen, was nichts mehr mit dem Spiel zu tun hat.\u201c Seinem Verst\u00e4ndnis von Fu\u00dfball und Fairness entspreche dies allerdings nicht.\n  <\/p>\n<p>            FCA-Sportdirektor Benni Weber: Elfmeter sind Mainzer Stilmittel<\/p>\n<p class=\"mb-6 text-xs md:text-m lg:text-l font-serif group-[.font-sans]:font-sans \">\n    Auch in Sportdirektor Benni Weber brodelte es gewaltig nach der Pressekonferenz. Er sagte, diese Vorgehensweise sei beim FSV Mainz 05 sogar ein gewisses \u201eStilmittel\u201c. \u00a0Acht Elfmeter habe\u00a0Mainz in dieser Saison schon zugesprochen bekommen, der FCA erst einen. \u00a0\u201eWir sind eine faire Mannschaft und daf\u00fcr werden wir bestraft. Wir hatten heute auch gen\u00fcgend Kontakte gegen uns, lassen uns aber nicht fallen.\u201c Sein Fazit: \u201eWir m\u00fcssen die Regeln in Zukunft so gut wie m\u00f6glich f\u00fcr uns nutzen, so traurig es ist.\u201c\n  <\/p>\n<ul data-module-id=\"DragDropModule\" class=\"flex flex-wrap justify-start group-[.no-bookmarks]:hidden\">\n<li class=\"mb-3 mr-3\">\n    Robert G\u00f6tz<\/p>\n<p>      Icon Haken im Kreis gesetzt<\/p>\n<p>      Icon Plus im Kreis<\/p>\n<\/li>\n<li class=\"mb-3 mr-3\">\n    FC Augsburg<\/p>\n<p>      Icon Haken im Kreis gesetzt<\/p>\n<p>      Icon Plus im Kreis<\/p>\n<\/li>\n<li class=\"mb-3 mr-3\">\n    Manuel Baum<\/p>\n<p>      Icon Haken im Kreis gesetzt<\/p>\n<p>      Icon Plus im Kreis<\/p>\n<\/li>\n<\/ul>\n","protected":false},"excerpt":{"rendered":"Michael Str\u00f6ll stapfte m\u00fcrrisch durch die Mixed-Zone Richtung Kabine. W\u00e4hrend drau\u00dfen die Spieler des FSV Mainz 05 mit&hellip;\n","protected":false},"author":2,"featured_media":779959,"comment_status":"","ping_status":"","sticky":false,"template":"","format":"standard","meta":{"footnotes":"","_share_on_mastodon":"0"},"categories":[1846],"tags":[5854,136366,680,772,3364,29,45274,548,663,3934,483,459,30,13,1427,92758,176476,14,15,12,2020,157443],"class_list":["post-779958","post","type-post","status-publish","format-standard","has-post-thumbnail","category-augsburg","tag-1-fsv-mainz-05","tag-anton-kade","tag-augsburg","tag-bayern","tag-de","tag-deutschland","tag-elfmeter","tag-eu","tag-europa","tag-europe","tag-fc-augsburg","tag-fc-st-pauli","tag-germany","tag-headlines","tag-mainz","tag-manuel-baum","tag-margit-sponheimer","tag-nachrichten","tag-news","tag-schlagzeilen","tag-st-pauli","tag-stefan-bell"],"share_on_mastodon":{"url":"https:\/\/pubeurope.com\/@de\/116031498840096970","error":""},"_links":{"self":[{"href":"https:\/\/www.europesays.com\/de\/wp-json\/wp\/v2\/posts\/779958","targetHints":{"allow":["GET"]}}],"collection":[{"href":"https:\/\/www.europesays.com\/de\/wp-json\/wp\/v2\/posts"}],"about":[{"href":"https:\/\/www.europesays.com\/de\/wp-json\/wp\/v2\/types\/post"}],"author":[{"embeddable":true,"href":"https:\/\/www.europesays.com\/de\/wp-json\/wp\/v2\/users\/2"}],"replies":[{"embeddable":true,"href":"https:\/\/www.europesays.com\/de\/wp-json\/wp\/v2\/comments?post=779958"}],"version-history":[{"count":0,"href":"https:\/\/www.europesays.com\/de\/wp-json\/wp\/v2\/posts\/779958\/revisions"}],"wp:featuredmedia":[{"embeddable":true,"href":"https:\/\/www.europesays.com\/de\/wp-json\/wp\/v2\/media\/779959"}],"wp:attachment":[{"href":"https:\/\/www.europesays.com\/de\/wp-json\/wp\/v2\/media?parent=779958"}],"wp:term":[{"taxonomy":"category","embeddable":true,"href":"https:\/\/www.europesays.com\/de\/wp-json\/wp\/v2\/categories?post=779958"},{"taxonomy":"post_tag","embeddable":true,"href":"https:\/\/www.europesays.com\/de\/wp-json\/wp\/v2\/tags?post=779958"}],"curies":[{"name":"wp","href":"https:\/\/api.w.org\/{rel}","templated":true}]}}