{"id":780005,"date":"2026-02-07T22:02:20","date_gmt":"2026-02-07T22:02:20","guid":{"rendered":"https:\/\/www.europesays.com\/de\/780005\/"},"modified":"2026-02-07T22:02:20","modified_gmt":"2026-02-07T22:02:20","slug":"sc-paderborn-mit-zittersieg-gegen-nuernberg-so-bewerten-die-fans-das-spiel","status":"publish","type":"post","link":"https:\/\/www.europesays.com\/de\/780005\/","title":{"rendered":"SC Paderborn mit Zittersieg gegen N\u00fcrnberg: So bewerten die Fans das Spiel"},"content":{"rendered":"<p id=\"absatz1\" class=\"em_text\">Paderborn. Am Ende wurde es zwar &#8211; obwohl lange in \u00dcberzahl &#8211; noch knapp, doch letztlich hat sich der SC Paderborn mit 2:1 im Heimspiel gegen N\u00fcrnberg durchgesetzt &#8211; und zumindest vor\u00fcbergehend den zweiten Tabellenplatz erobert.<\/p>\n<p id=\"absatz2\" class=\"em_text\">Der Zittersieg weckte bei vielen Fans des SCP allerdings Erinnerungen an das Spiel aus der Vorwoche: Mit der ersten Halbzeit k\u00f6nne man zufrieden sein, in der zweiten seien die Paderborner \u201eschwach wie in D\u00fcsseldorf\u201c gewesen, bilanziert ein Fan. \u201eUnn\u00f6tig knapp\u201c, kritisiert ein weiterer Anh\u00e4nger der Paderborner.<\/p>\n<p id=\"absatz3\"><b class=\"bold\">Zum Nachlesen:<\/b> <a href=\"https:\/\/www.nw.de\/sport\/sc_paderborn_07\/24264070_SC-Paderborn-schlaegt-Nuernberg-und-klettert-auf-einen-Aufstiegsplatz.html\" rel=\"nofollow noopener\" target=\"_blank\">So lief das Spiel des SC Paderborn gegen N\u00fcrnberg<\/a>    <\/p>\n<p>            <a href=\"https:\/\/www.europesays.com\/de\/wp-content\/uploads\/2026\/02\/260207-1825-839173571.jpg\" class=\"nw-article-image\" title=\"Ein SCP-Fan analysiert im NW-Interview den Paderborner 2:1-Sieg gegen N\u00fcrnberg\" data-glightbox=\"type: image; description: Ein SCP-Fan analysiert im NW-Interview den Paderborner 2:1-Sieg gegen N\u00fcrnberg\"><br \/>\n                <img decoding=\"async\" src=\"https:\/\/www.europesays.com\/de\/wp-content\/uploads\/2026\/02\/260207-1825-839173571.jpg\" class=\"nw-img-fluid nw-w-full nw-lazy nw-rounded-t-md\" alt=\"Ein SCP-Fan analysiert im NW-Interview den Paderborner 2:1-Sieg gegen N\u00fcrnberg | \u00a9 Kevin Bublitz\" data-format=\"16:9\"\/><br \/>\n            <\/a><\/p>\n<p>                    Ein SCP-Fan analysiert im NW-Interview den Paderborner 2:1-Sieg gegen N\u00fcrnberg<br \/>\n                                            | \u00a9 Kevin Bublitz<\/p>\n<p id=\"absatz4\" class=\"em_text\">Welche Gr\u00fcnde die SCP-Fans f\u00fcr die unausgewogene Leistung ihrer Mannschaft sehen und welche Chancen sie Paderborn im engen Aufstiegsrennen geben, das erfahren Sie in unserem Video mit den Fanstimmen zum Spiel.<\/p>\n<p>\n        \u00d7\n    <\/p>\n<p>\n            Sie erhalten in wenigen Minuten eine E-Mail zur Best\u00e4tigung Ihrer Anmeldung.\n        <\/p>\n<p>Erst danach ist diese abgeschlossen.<\/p>\n<p>Bitte pr\u00fcfen Sie auch den Spam-Ordner.<\/p>\n<p>\n        \u00d7\n    <\/p>\n<p>\n            Sie haben bisher Ihre E-Mail-Adresse noch nicht best\u00e4tigt.\n        <\/p>\n<p>Erst danach ist diese abgeschlossen.<\/p>\n<p>Bitte pr\u00fcfen Sie auch den Spam-Ordner.<\/p>\n<p>\n        \u00d7\n    <\/p>\n<p>\n            Es ist einen Fehler aufgetreten\n        <\/p>\n<p>Bei Fragen hilft unser Newsletter-Support<\/p>\n<p> Newsletter<\/p>\n<p> SC Paderborn 07<\/p>\n<p>W\u00f6chentlich alle News rund um den SC Paderborn.<\/p>\n<p>                Jetzt anmelden<\/p>\n<p id=\"absatz5\"><b class=\"bold TextRun SCXW6327302 BCX2 NormalTextRun SCXW6327302 BCX2\">Alle SCP-<\/b><b class=\"bold TextRun SCXW6327302 BCX2 NormalTextRun SpellingErrorV2Themed SCXW6327302 BCX2\">Nachrichten<\/b><b class=\"bold TextRun SCXW6327302 BCX2 NormalTextRun SCXW6327302 BCX2\"> <\/b><b class=\"bold TextRun SCXW6327302 BCX2 NormalTextRun SpellingErrorV2Themed SCXW6327302 BCX2\">im<\/b><b class=\"bold TextRun SCXW6327302 BCX2 NormalTextRun SCXW6327302 BCX2\"> <\/b><b class=\"bold TextRun SCXW6327302 BCX2 NormalTextRun SpellingErrorV2Themed SCXW6327302 BCX2\">\u00dcberblick<\/b><b class=\"bold TextRun SCXW6327302 BCX2 NormalTextRun SCXW6327302 BCX2\">:<\/b><b class=\"bold TextRun SCXW6327302 BCX2 NormalTextRun SCXW6327302 BCX2\"> <\/b><a href=\"https:\/\/www.nw.de\/sport\/sc_paderborn_07\/23990609_Aktuelle-News-rund-um-den-SC-Paderborn-Sperre-fuer-Adriano-Grimaldi-steht-fest.html\" rel=\"noreferrer noopener nofollow\" target=\"_blank\">Der News-Blog rund um den SC Paderborn<\/a><\/p>\n","protected":false},"excerpt":{"rendered":"Paderborn. Am Ende wurde es zwar &#8211; obwohl lange in \u00dcberzahl &#8211; noch knapp, doch letztlich hat sich&hellip;\n","protected":false},"author":2,"featured_media":780006,"comment_status":"","ping_status":"","sticky":false,"template":"","format":"standard","meta":{"footnotes":"","_share_on_mastodon":"0"},"categories":[1837],"tags":[772,126805,3364,29,176485,30,9307,732,1607,1608,2378,733,44423,10124,23971,16352,15355,737,8902,3783,727,3135,15351,97643],"class_list":["post-780005","post","type-post","status-publish","format-standard","has-post-thumbnail","category-nuernberg","tag-bayern","tag-cnt_video-aufmacher","tag-de","tag-deutschland","tag-fanstimme","tag-germany","tag-label_foto","tag-label_frei","tag-label_knaller","tag-label_top-news","tag-label_umfrage","tag-label_unterhalte-mich","tag-label_user-need","tag-label_video","tag-meta_artikelklasse_video","tag-meta_copyrights_nw_freier_mitarbeiter","tag-meta_themen_sc_paderborn","tag-meta_userneeds_lenkeab","tag-nrnberg","tag-nuernberg","tag-paderborn","tag-sc-paderborn","tag-scp","tag-zittersieg"],"share_on_mastodon":{"url":"https:\/\/pubeurope.com\/@de\/116031608895691131","error":""},"_links":{"self":[{"href":"https:\/\/www.europesays.com\/de\/wp-json\/wp\/v2\/posts\/780005","targetHints":{"allow":["GET"]}}],"collection":[{"href":"https:\/\/www.europesays.com\/de\/wp-json\/wp\/v2\/posts"}],"about":[{"href":"https:\/\/www.europesays.com\/de\/wp-json\/wp\/v2\/types\/post"}],"author":[{"embeddable":true,"href":"https:\/\/www.europesays.com\/de\/wp-json\/wp\/v2\/users\/2"}],"replies":[{"embeddable":true,"href":"https:\/\/www.europesays.com\/de\/wp-json\/wp\/v2\/comments?post=780005"}],"version-history":[{"count":0,"href":"https:\/\/www.europesays.com\/de\/wp-json\/wp\/v2\/posts\/780005\/revisions"}],"wp:featuredmedia":[{"embeddable":true,"href":"https:\/\/www.europesays.com\/de\/wp-json\/wp\/v2\/media\/780006"}],"wp:attachment":[{"href":"https:\/\/www.europesays.com\/de\/wp-json\/wp\/v2\/media?parent=780005"}],"wp:term":[{"taxonomy":"category","embeddable":true,"href":"https:\/\/www.europesays.com\/de\/wp-json\/wp\/v2\/categories?post=780005"},{"taxonomy":"post_tag","embeddable":true,"href":"https:\/\/www.europesays.com\/de\/wp-json\/wp\/v2\/tags?post=780005"}],"curies":[{"name":"wp","href":"https:\/\/api.w.org\/{rel}","templated":true}]}}