{"id":780083,"date":"2026-02-07T22:47:15","date_gmt":"2026-02-07T22:47:15","guid":{"rendered":"https:\/\/www.europesays.com\/de\/780083\/"},"modified":"2026-02-07T22:47:15","modified_gmt":"2026-02-07T22:47:15","slug":"orban-nennt-ukraine-feind-ungarns-bei-wahlkampfauftritt","status":"publish","type":"post","link":"https:\/\/www.europesays.com\/de\/780083\/","title":{"rendered":"Orb\u00e1n nennt Ukraine &#8222;Feind Ungarns&#8220; bei Wahlkampfauftritt"},"content":{"rendered":"<p>Bei Wahlkampfauftritt <\/p>\n<p>Orb\u00e1n erkl\u00e4rt die Ukraine zum &#8222;Feind Ungarns&#8220;<\/p>\n<p>07.02.2026 &#8211; 21:39 UhrLesedauer: 2 Min.<\/p>\n<p><a href=\"#focus-0\" class=\"transition-colors duration-200 block text-current relative\" data-sctrack=\"FocusGalleryImage.Reference\"><img fetchpriority=\"high\" data-testid=\"Opener.Image\" style=\"--lqipURL:url('https:\/\/images.t-online.de\/2026\/02\/23hdXlHIfuJ3\/0x127:4000x2250\/fit-in\/150x0\/filters:blur(25)\/bruessel-belgien-18-122025-europa-gebaeude-eu-gipfel-viktor-orban-ministerpraesident-von-ungarn-brussels-belgium-18-12-2025-europe-building-eu-summit-viktor-orban-prime-minister-of-hungary-copyright-xdtsxnachrichtenagenturx-dts-99982.jpg')\"   loading=\"eager\" src=\"https:\/\/www.europesays.com\/de\/wp-content\/uploads\/2026\/02\/bruessel-belgien-18-122025-europa-gebaeude-eu-gipfel-viktor-orban-ministerpraesident-von-ungarn-brus.jpeg\" alt=\"imago images 0843860077\" title=\"imago images 0843860077\" width=\"4000\" height=\"2250\" class=\"bg-[url:var(--lqipURL)] bg-cover bg-center flex h-full w-full max-w-full\" decoding=\"async\"\/><img style=\"--width:32;--height:32\" loading=\"lazy\" src=\"https:\/\/www.t-online.de\/s\/paper\/_next\/static\/media\/zoom-in.f7dae02f.svg\" alt=\"Vergr\u00f6\u00dfern des Bildes\" title=\"Vergr\u00f6\u00dfern des Bildes\" class=\"block h-[calc(var(--height)_\/_16_*_1rem)] w-[calc(var(--width)_\/_16_*_1rem)] max-w-none absolute bottom-8 right-8 rounded-4 bg-snow p-8\" decoding=\"async\"\/><\/a><\/p>\n<p>Viktor Orb\u00e1n: Der ungarische Ministerpr\u00e4sident steht schon seit Jahren f\u00fcr seinen zunehmend autorit\u00e4ren F\u00fchrungsstil sowie seiner N\u00e4he zum Kreml in der Kritik. (Quelle: IMAGO\/dts Nachrichtenagentur\/imago)<\/p>\n<p class=\"font-bold text-18 leading-17\"><strong class=\"font-bold\">Viktor Orb\u00e1n versch\u00e4rft den Ton im Wahlkampf: <\/strong>Der ungarische Ministerpr\u00e4sident erkl\u00e4rte die Ukraine zum &#8222;Feind Ungarns&#8220;.<\/p>\n<p class=\"text-18 leading-17\">Ungarns Ministerpr\u00e4sident Viktor Orb\u00e1n hat die <a class=\"transition-colors duration-200 cursor-pointer text-inherit no-underline text-salemsfur md:hover:text-magenta md:hover:border-magenta md:focus:text-magenta border-current border-b border-solid break-words\" href=\"https:\/\/www.t-online.de\/themen\/ukraine\/\" data-sctrack=\"BodyAnchor\" rel=\"nofollow noopener\" target=\"_blank\">Ukraine<\/a> offen als &#8222;Feind Ungarns&#8220; bezeichnet. Das berichtet das ungarische Portal &#8222;Index&#8220;. Die drastische Aussage fiel bei einer regierungsnahen Kundgebung in Szombathely, Westungarn, und markiert eine neue Eskalationsstufe im Verh\u00e4ltnis zwischen Budapest und <a class=\"transition-colors duration-200 cursor-pointer text-inherit no-underline text-salemsfur md:hover:text-magenta md:hover:border-magenta md:focus:text-magenta border-current border-b border-solid break-words\" href=\"https:\/\/www.t-online.de\/themen\/kiew\/\" data-sctrack=\"BodyAnchor\" rel=\"nofollow noopener\" target=\"_blank\">Kiew<\/a>.<\/p>\n<p class=\"text-18 leading-17\">Orb\u00e1n begr\u00fcndete seine Wortwahl mit Forderungen aus der Ukraine nach einem EU-weiten Verzicht auf russisches Gas. &#8222;Wer fordert, dass wir Abstand von billigem russischem Gas nehmen, ist ein Feind Ungarns \u2013 also ist auch die Ukraine unser Feind&#8220;, sagte er.<\/p>\n<p class=\"text-18 leading-17\">Zugleich bekr\u00e4ftigte Orb\u00e1n seine Ablehnung eines EU-Beitritts der Ukraine. Eine st\u00e4rkere Ann\u00e4herung an die Europ\u00e4ische Union w\u00fcrde <a class=\"transition-colors duration-200 cursor-pointer text-inherit no-underline text-salemsfur md:hover:text-magenta md:hover:border-magenta md:focus:text-magenta border-current border-b border-solid break-words\" href=\"https:\/\/www.t-online.de\/themen\/ungarn\/\" data-sctrack=\"BodyAnchor\" rel=\"nofollow noopener\" target=\"_blank\">Ungarn<\/a> in den Krieg hineinziehen, warnte er. Seine Regierung werde alles tun, um das zu verhindern. &#8222;Die Ungarn sollten keine milit\u00e4rische oder wirtschaftliche Zusammenarbeit mit den Ukrainern anstreben, denn sie ziehen uns in einen Krieg hinein&#8220;, sagte er.<\/p>\n<p class=\"text-18 leading-17\">Seine \u00c4u\u00dferungen fallen, nachdem der EU-Rat Pl\u00e4ne gebilligt hat, den Import von russischem Gas bis 2027 vollst\u00e4ndig zu beenden. Ungarn und die <a class=\"transition-colors duration-200 cursor-pointer text-inherit no-underline text-salemsfur md:hover:text-magenta md:hover:border-magenta md:focus:text-magenta border-current border-b border-solid break-words\" href=\"https:\/\/www.t-online.de\/themen\/slowakei\/\" data-sctrack=\"BodyAnchor\" rel=\"nofollow noopener\" target=\"_blank\">Slowakei<\/a>, die weiterhin stark von russischen Energielieferungen abh\u00e4ngig sind, haben die Entscheidung vor dem Europ\u00e4ischen Gerichtshof angefochten.<\/p>\n<p class=\"text-18 leading-17\">In den vergangenen Jahren hat Ungarn bereits mehrfach EU-Hilfen f\u00fcr die Ukraine sowie Sanktionen gegen den Kreml blockiert. Kritiker werfen Ungarns Regierung daher vor, mit ihrem Kurs die europ\u00e4ische Geschlossenheit zu untergraben.<\/p>\n<p class=\"text-18 leading-17\">Orb\u00e1n verweist stets auf Ungarns enge Beziehungen zu <a class=\"transition-colors duration-200 cursor-pointer text-inherit no-underline text-salemsfur md:hover:text-magenta md:hover:border-magenta md:focus:text-magenta border-current border-b border-solid break-words\" href=\"https:\/\/www.t-online.de\/themen\/russland\/\" data-sctrack=\"BodyAnchor\" rel=\"nofollow noopener\" target=\"_blank\">Russland<\/a>, insbesondere im Energiesektor. Sie bilden einen zentralen Bestandteil seiner Argumentation gegen sch\u00e4rfere EU-Ma\u00dfnahmen gegen\u00fcber <a class=\"transition-colors duration-200 cursor-pointer text-inherit no-underline text-salemsfur md:hover:text-magenta md:hover:border-magenta md:focus:text-magenta border-current border-b border-solid break-words\" href=\"https:\/\/www.t-online.de\/themen\/moskau\/\" data-sctrack=\"BodyAnchor\" rel=\"nofollow noopener\" target=\"_blank\">Moskau<\/a>.<\/p>\n<p class=\"text-18 leading-17\">Die jetzige scharfe Rhetorik f\u00e4llt zudem mitten in den ungarischen Wahlkampf, die Parlamentswahl findet am 12. April statt. Orb\u00e1n stellt sich als Garant von Frieden und Sicherheit dar \u2013 und nutzt die Ukraine erneut als au\u00dfenpolitischen Gegner f\u00fcr innenpolitische Zwecke.<\/p>\n<p class=\"text-18 leading-17\">Aktuelle Umfragen zeigen, dass er hinter Oppositionsf\u00fchrer P\u00e9ter Magyar liegt. Der ungarische Regierungschef wies diese Zahlen zu Beginn seiner Rede jedoch als &#8222;Propaganda&#8220; zur\u00fcck. Orb\u00e1n ist in der Vergangenheit wiederholt durch einen autorit\u00e4ren F\u00fchrungsstil aufgefallen und steht sowohl im eigenen Land als auch auf EU-Ebene wegen Eingriffen in Medienfreiheit, Justiz und Rechtsstaatlichkeit in der Kritik.<\/p>\n","protected":false},"excerpt":{"rendered":"Bei Wahlkampfauftritt Orb\u00e1n erkl\u00e4rt die Ukraine zum &#8222;Feind Ungarns&#8220; 07.02.2026 &#8211; 21:39 UhrLesedauer: 2 Min. Viktor Orb\u00e1n: Der&hellip;\n","protected":false},"author":2,"featured_media":780084,"comment_status":"","ping_status":"","sticky":false,"template":"","format":"standard","meta":{"footnotes":"","_share_on_mastodon":"0"},"categories":[3],"tags":[722,326,522,8012,548,663,1213,13,5793,5020,14,15,12,176501,10,8,9,11,317,312,501,500,6799,60656,103,176502,104],"class_list":["post-780083","post","type-post","status-publish","format-standard","has-post-thumbnail","category-welt","tag-722","tag-326","tag-522","tag-budapest","tag-eu","tag-europa","tag-gas","tag-headlines","tag-kiew","tag-kreml","tag-nachrichten","tag-news","tag-schlagzeilen","tag-szombathely","tag-top-news","tag-top-meldungen","tag-topmeldungen","tag-topnews","tag-ukraine","tag-ukrainekrieg","tag-ungarn","tag-viktor-orban","tag-wahlkampf","tag-wahlkampfauftritt","tag-welt","tag-westungarn","tag-world"],"share_on_mastodon":{"url":"https:\/\/pubeurope.com\/@de\/116031785940298650","error":""},"_links":{"self":[{"href":"https:\/\/www.europesays.com\/de\/wp-json\/wp\/v2\/posts\/780083","targetHints":{"allow":["GET"]}}],"collection":[{"href":"https:\/\/www.europesays.com\/de\/wp-json\/wp\/v2\/posts"}],"about":[{"href":"https:\/\/www.europesays.com\/de\/wp-json\/wp\/v2\/types\/post"}],"author":[{"embeddable":true,"href":"https:\/\/www.europesays.com\/de\/wp-json\/wp\/v2\/users\/2"}],"replies":[{"embeddable":true,"href":"https:\/\/www.europesays.com\/de\/wp-json\/wp\/v2\/comments?post=780083"}],"version-history":[{"count":0,"href":"https:\/\/www.europesays.com\/de\/wp-json\/wp\/v2\/posts\/780083\/revisions"}],"wp:featuredmedia":[{"embeddable":true,"href":"https:\/\/www.europesays.com\/de\/wp-json\/wp\/v2\/media\/780084"}],"wp:attachment":[{"href":"https:\/\/www.europesays.com\/de\/wp-json\/wp\/v2\/media?parent=780083"}],"wp:term":[{"taxonomy":"category","embeddable":true,"href":"https:\/\/www.europesays.com\/de\/wp-json\/wp\/v2\/categories?post=780083"},{"taxonomy":"post_tag","embeddable":true,"href":"https:\/\/www.europesays.com\/de\/wp-json\/wp\/v2\/tags?post=780083"}],"curies":[{"name":"wp","href":"https:\/\/api.w.org\/{rel}","templated":true}]}}