{"id":780182,"date":"2026-02-07T23:45:15","date_gmt":"2026-02-07T23:45:15","guid":{"rendered":"https:\/\/www.europesays.com\/de\/780182\/"},"modified":"2026-02-07T23:45:15","modified_gmt":"2026-02-07T23:45:15","slug":"svs-unterliegt-frankfurt-im-testspiel","status":"publish","type":"post","link":"https:\/\/www.europesays.com\/de\/780182\/","title":{"rendered":"SVS unterliegt Frankfurt im Testspiel"},"content":{"rendered":"<p>Der SV Sandhausen unterlag im Testspiel im Stadion am Hardtwald dem Regionalligisten FSV Frankfurt mit 1:3 (0:3). Nach einem effektiven Frankfurter Beginn mit drei Gegentreffern kam der SVS erst nach dem Seitenwechsel durch den Anschlusstreffer zum Torerfolg.<\/p>\n<p>Im Tor stand Lukas Schneller. Davor formierte sich die Abwehr mit Kwabe Schulz, Pablo Zahnen Martinez und Ken Gipson. Im Zentrum bildeten Berk Inaler und Robin Krau\u00dfe die Doppelsechs, davor agierten Jahn Herrmann und Marvin Schulz. \u00dcber die Au\u00dfenbahnen begannen Phil Halbauer auf links und Louis Kolbe auf rechts, w\u00e4hrend im Sturm Robert Ram\u0161ak startete, der den mit muskul\u00e4ren Problemen ausgefallenen Pascal Testroet ersetzte.\u00a0\u00a0<\/p>\n<p><strong>Frankfurter Doppelschlag\u00a0<\/strong><\/p>\n<p>Der erste gef\u00e4hrliche Angriff der G\u00e4ste \u00fcber die linke Seite brachte Frankfurt durch Takero Itoi in F\u00fchrung (8.). Nach einem sehenswerten Hackenpass im Umschaltspiel kam anschlie\u00dfend Amin Farouk mit Tempo frei durch und lie\u00df Schneller mit einem Flachschuss ins rechte Eck keine Chance, der Ball prallte vom Innenpfosten zum 0:2 ins Tor (16.).<\/p>\n<p><strong>SVS verbessert, Frankfurt kontert erneut \u2013 Herrmanns Abschluss kurz vor der Pause<\/strong><\/p>\n<p>Nach etwas weniger als einer halben Stunde kam Sandhausen besser in die Partie: Halbauer flankte einen Freisto\u00df auf den zweiten Pfosten zu Kwabe Schulz, dessen Kopfablage Herrmann nur knapp verpasste (25.). Die Frankfurter Offensive blieb nach Umschaltmomenten, zu denen Sandh\u00e4user Fehler einluden, gef\u00e4hrlich. So auch beim langen Ball auf Amin Farouk, der erneut frei durch war und wieder mit Unterst\u00fctzung des Innenpfostens den dritten Treffer des FSV erzielte (27.).\u00a0<\/p>\n<p><strong>Wechsel zur Pause \u2013 SVS mit neuem Personal<\/strong><\/p>\n<p>Zur Halbzeit nahm der SVS vier \u00c4nderungen vor: Arthur Lyska ersetzte Schneller im Tor, Maximilian Wagner kam f\u00fcr Kolbe, Benedikt Wimmer f\u00fcr Gipson und Luca de Meester ersetzte Herrmann.\u00a0 Gro\u00dfe Offensiv-Highlights blieben in H\u00e4lfte zwei \u00fcber weite Strecken aus. Nach einem langen Ball aus der Abwehr war Marvin Schulz frei vor dem Tor, scheiterte aber am stark parierenden Keeper (61.).\u00a0<\/p>\n<p><strong>Anschlusstreffer nach Umstellung<\/strong><\/p>\n<p>Mit sechs Wechseln stellte der SVS in der 65. Minute um: Leonardo Zikora kam f\u00fcr Kwabe Schulz, Arbrias Shala f\u00fcr Krau\u00dfe, Eppel f\u00fcr Inaler, Nico Nollenberger f\u00fcr Halbauer, Batu Akg\u00f6z f\u00fcr Ram\u0161ak und Yanis Outman f\u00fcr Marvin Schulz. Die frischen Kr\u00e4fte kamen zu Chancen: Nollenberger flankte von links, Wagner erwischte den Ball per Kopf aber nicht richtig \u2013 es entstand jedoch kaum Gefahr (81.). Sp\u00e4ter kombinierte der SVS erneut ordentlich: Outman spielte auf Akg\u00f6z, der De Meester schickte \u2013 dessen Schuss ging knapp am linken Pfosten vorbei (87.).<\/p>\n<p>Stimmen zum Spiel<\/p>\n<p><strong>Chefcoach Olaf Jan\u00dfen:<\/strong> \u201cDie Jungs hintenraus haben es gut gemacht, ganz im Gegensatz zur Zeit davor, die im Kontrast dazu stand. Wir waren heute nicht bereit, sind mental nicht auf dem Level wie vor der Winterpause, es ist etwas der Schlendrian drin. Den gilt es jetzt herauszubekommen, indem wir es offen und ehrlich ansprechen.\u201d<\/p>\n<p><strong>Robin Krau\u00dfe: &#8222;<\/strong>Wir kassieren die Tore aktuell wieder viel zu einfach. Das entsteht durch individuelle Fehler, durch kleine Unachtsamkeiten und durch zu leichtfertige Ballverluste. Nach dem 1:3 f\u00fchlt sich das nat\u00fcrlich nicht gut an. Wir haben noch zwei Wochen bis zum Pflichtspielstart und wissen, woran wir arbeiten m\u00fcssen.&#8220;<\/p>\n<p>Statistik<\/p>\n<p><strong>SV Sandhausen:<\/strong> Schneller (Lyska, 46.), Schulz (Zikora, 65.), Kolbe (Wagner, 46.), Herrmann (De Meester, 46.), Inaler (Eppel, 65.), Halbauer (Nollenberger, 65.), Zahnen Martinez, Krau\u00dfe (Shala, 65.), Gipson (Wimmer, 46.), Marvin Schulz (Outman, 65.), Ram\u0161ak (Akg\u00f6z, 65.).<\/p>\n<p><strong>Tore:<\/strong> 0:1 Itoi (8.). 0:2 Farouk (16.). 0:3 Farouk (27.). 1:3 Shala (70.).<\/p>\n<p><strong>Schiedsrichter:<\/strong> Philipp Hofheinz.<\/p>\n<p>\u00a0<\/p>\n","protected":false},"excerpt":{"rendered":"Der SV Sandhausen unterlag im Testspiel im Stadion am Hardtwald dem Regionalligisten FSV Frankfurt mit 1:3 (0:3). Nach&hellip;\n","protected":false},"author":2,"featured_media":780183,"comment_status":"","ping_status":"","sticky":false,"template":"","format":"standard","meta":{"footnotes":"","_share_on_mastodon":"0"},"categories":[1829],"tags":[621,14661,299,89899,89901,13686,29,481,1264,5085,26840,89911,89905,89907,1002,2050,2051,347,30,89900,89909,89910,2052,89908,89912,188,66666,14480,15,73407,12006,2043,23873,23094,5206,28951,89902,13687,40111,89903,11402,35336,12873,89898,69235,89897,3720,45142,23320,16554,89904,89906],"class_list":["post-780182","post","type-post","status-publish","format-standard","has-post-thumbnail","category-frankfurt-am-main","tag-2-bundesliga","tag-anders","tag-bundesliga","tag-bwt-stadion","tag-bwt-stadion-am-hardtwald","tag-dennis-diekmeier","tag-deutschland","tag-dfb","tag-dfb-pokal","tag-dfl","tag-echt","tag-echt-anders","tag-fanclubs","tag-fanradio","tag-fans","tag-frankfurt","tag-frankfurt-am-main","tag-fussball","tag-germany","tag-hardtwald","tag-hardtwald-helden","tag-hardtwald-hoerfunk","tag-hessen","tag-juergen-machmeier","tag-kabinen-soundtracks","tag-liveticker","tag-nachwuchsleistungszentrum","tag-neckar","tag-news","tag-nlz","tag-oberliga","tag-podcast","tag-profifussball","tag-profis","tag-rhein","tag-rhein-neckar","tag-rhein-neckar-region","tag-sandhausen","tag-schwarz","tag-schwarz-weiss","tag-spielberichte","tag-sv","tag-sv-sandhausen","tag-sv-sandhausen-1916-e-v","tag-svs","tag-svs1916","tag-uwe-koschinat","tag-verbunden","tag-weiss","tag-wir","tag-wir-echt-anders","tag-wir-echt-verbunden"],"share_on_mastodon":{"url":"","error":"Validation failed: Text character limit of 500 exceeded"},"_links":{"self":[{"href":"https:\/\/www.europesays.com\/de\/wp-json\/wp\/v2\/posts\/780182","targetHints":{"allow":["GET"]}}],"collection":[{"href":"https:\/\/www.europesays.com\/de\/wp-json\/wp\/v2\/posts"}],"about":[{"href":"https:\/\/www.europesays.com\/de\/wp-json\/wp\/v2\/types\/post"}],"author":[{"embeddable":true,"href":"https:\/\/www.europesays.com\/de\/wp-json\/wp\/v2\/users\/2"}],"replies":[{"embeddable":true,"href":"https:\/\/www.europesays.com\/de\/wp-json\/wp\/v2\/comments?post=780182"}],"version-history":[{"count":0,"href":"https:\/\/www.europesays.com\/de\/wp-json\/wp\/v2\/posts\/780182\/revisions"}],"wp:featuredmedia":[{"embeddable":true,"href":"https:\/\/www.europesays.com\/de\/wp-json\/wp\/v2\/media\/780183"}],"wp:attachment":[{"href":"https:\/\/www.europesays.com\/de\/wp-json\/wp\/v2\/media?parent=780182"}],"wp:term":[{"taxonomy":"category","embeddable":true,"href":"https:\/\/www.europesays.com\/de\/wp-json\/wp\/v2\/categories?post=780182"},{"taxonomy":"post_tag","embeddable":true,"href":"https:\/\/www.europesays.com\/de\/wp-json\/wp\/v2\/tags?post=780182"}],"curies":[{"name":"wp","href":"https:\/\/api.w.org\/{rel}","templated":true}]}}