{"id":780501,"date":"2026-02-08T02:52:13","date_gmt":"2026-02-08T02:52:13","guid":{"rendered":"https:\/\/www.europesays.com\/de\/780501\/"},"modified":"2026-02-08T02:52:13","modified_gmt":"2026-02-08T02:52:13","slug":"scheinfasten-diaet-koennte-demenz-vorbeugen","status":"publish","type":"post","link":"https:\/\/www.europesays.com\/de\/780501\/","title":{"rendered":"Scheinfasten: Di\u00e4t k\u00f6nnte Demenz vorbeugen"},"content":{"rendered":"<p>Die Fasting-Mimicking Diet (FMD) ahmt Fasten nach und zeigt in Studien vielversprechende Effekte gegen Alzheimer-Marker und f\u00fcr die Gehirnregeneration.<\/p>\n<p>Eine spezielle Di\u00e4t k\u00f6nnte das Gehirn vor Alterung sch\u00fctzen. Die sogenannte <strong>Fasting-Mimicking Diet (FMD)<\/strong> ahmt Fasten nach, liefert aber N\u00e4hrstoffe.<\/p>\n<p>Diese zyklische Di\u00e4t reduziert Kalorien, Proteine und Kohlenhydrate bei hohem Fettanteil f\u00fcr etwa f\u00fcnf Tage. Ziel ist es, zellul\u00e4re Reparaturprozesse anzusto\u00dfen. K\u00f6nnte das der Schl\u00fcssel zu einem fitten Gehirn im Alter sein?<\/p>\n<p>Anzeige<\/p>\n<p>Passend zum Thema Gehirngesundheit \u2013 kleine, alltagstaugliche \u00dcbungen k\u00f6nnen Konzentration und Ged\u00e4chtnis deutlich st\u00e4rken. Der kostenlose PDF\u2011Report \u201eGehirntraining leicht gemacht\u201c liefert 7 Geheimnisse, 11 praktische \u00dcbungen, einen Selbsttest sowie Ern\u00e4hrungs\u2011 und Alltagstipps, die helfen k\u00f6nnen, Ihr Demenz\u2011Risiko zu reduzieren. Ideal f\u00fcr alle, die das Gehirn bis ins hohe Alter fit halten wollen. <strong><a href=\"https:\/\/info.gesundheitswissen-aktuell.de\/gehirntraining-leicht-gemacht\/?af=KOOP_G_TG_DNV_YES_GEHIRNTRAINING-LEICHT-GEMACHT_X-CWAHN-BGPID_746780\" rel=\"noopener nofollow\" style=\"color: #337ab7 !important; font-weight: bold; text-decoration: underline;\" target=\"_blank\">Jetzt den kostenlosen Report \u201eGehirntraining leicht gemacht\u201c anfordern<\/a><\/strong><\/p>\n<p>Zellul\u00e4rer Fr\u00fchjahrsputz f\u00fcrs Gehirn<\/p>\n<p>Der Schl\u00fcsselmechanismus hei\u00dft <strong>Autophagie<\/strong>. Dabei baut der K\u00f6rper besch\u00e4digte Zellbestandteile ab und recycelt sie. Dieser \u201eFr\u00fchjahrsputz\u201c f\u00f6rdert die Zellerneuerung.<\/p>\n<p>Im Gehirn scheint dieser Prozess besonders wirkungsvoll zu sein. Studien an Tieren zeigen: Scheinfasten kann die Bildung neuer Nervenzellen im Hippocampus anregen \u2013 einer Region, die f\u00fcr Lernen und Ged\u00e4chtnis zentral ist. Gleichzeitig nehmen entz\u00fcndliche Prozesse ab.<\/p>\n<p>Alzheimer-Marker bei M\u00e4usen reduziert<\/p>\n<p>Die Forschung konzentriert sich besonders auf Alzheimer. In Mausmodellen der Krankheit zeigten sich vielversprechende Effekte:<br \/>*   Reduzierung von krankheitstypischen Eiwei\u00dfablagerungen (Amyloid-Beta-Plaques und Tau)<br \/>*   Verbesserung des Arbeits- und r\u00e4umlichen Ged\u00e4chtnisses<\/p>\n<p>Forscher um Valter Longo von der University of Southern California beobachteten, dass FMD-Zyklen den kognitiven Verfall in diesen Modellen abschw\u00e4chten. Eine kleine Pilotstudie mit Menschen deutet zudem auf Machbarkeit und Sicherheit hin.<\/p>\n<p>Wie regt die Di\u00e4t das Gehirn an?<\/p>\n<p>Die positive Wirkung entsteht \u00fcber mehrere Wege:<br \/>1.  <strong>Aktivierung von Reparaturwegen:<\/strong> Die Di\u00e4t senkt Wachstumsfaktoren wie IGF-1, was zellul\u00e4re Regenerationsprogramme startet.<br \/>2.  <strong>Rebound-Effekt:<\/strong> Nach der Di\u00e4tphase wird die Regeneration von Stammzellen, auch im Gehirn, angeregt.<br \/>3.  <strong>Risikofaktoren minimieren:<\/strong> Die Di\u00e4t verbessert die Insulinsensitivit\u00e4t und reduziert Entz\u00fcndungen \u2013 beides Faktoren, die mit neurodegenerativen Erkrankungen in Verbindung stehen.<\/p>\n<p>Experten betonen jedoch: Gro\u00dfe klinische Studien am Menschen stehen noch aus. Wer die Di\u00e4t ausprobieren m\u00f6chte, sollte dies nicht ohne \u00e4rztliche R\u00fccksprache tun, besonders bei Vorerkrankungen.<\/p>\n<p>Die bisherigen Ergebnisse er\u00f6ffnen eine faszinierende Perspektive. Gezieltes Scheinfasten k\u00f6nnte sich zu einem Baustein entwickeln, um die Gehirngesundheit bis ins hohe Alter zu erhalten.<\/p>\n","protected":false},"excerpt":{"rendered":"Die Fasting-Mimicking Diet (FMD) ahmt Fasten nach und zeigt in Studien vielversprechende Effekte gegen Alzheimer-Marker und f\u00fcr die&hellip;\n","protected":false},"author":2,"featured_media":780502,"comment_status":"","ping_status":"","sticky":false,"template":"","format":"standard","meta":{"footnotes":"","_share_on_mastodon":"0"},"categories":[137],"tags":[176569,1051,29,7644,79228,61554,111246,173395,176568,30,141,232,162396,13413],"class_list":["post-780501","post","type-post","status-publish","format-standard","has-post-thumbnail","category-gesundheit","tag-alzheimer-marker","tag-demenz","tag-deutschland","tag-diaet","tag-diet","tag-effekte","tag-fasten","tag-fasting-mimicking","tag-fmd","tag-germany","tag-gesundheit","tag-health","tag-scheinfasten","tag-studien"],"share_on_mastodon":{"url":"https:\/\/pubeurope.com\/@de\/116032749195562840","error":""},"_links":{"self":[{"href":"https:\/\/www.europesays.com\/de\/wp-json\/wp\/v2\/posts\/780501","targetHints":{"allow":["GET"]}}],"collection":[{"href":"https:\/\/www.europesays.com\/de\/wp-json\/wp\/v2\/posts"}],"about":[{"href":"https:\/\/www.europesays.com\/de\/wp-json\/wp\/v2\/types\/post"}],"author":[{"embeddable":true,"href":"https:\/\/www.europesays.com\/de\/wp-json\/wp\/v2\/users\/2"}],"replies":[{"embeddable":true,"href":"https:\/\/www.europesays.com\/de\/wp-json\/wp\/v2\/comments?post=780501"}],"version-history":[{"count":0,"href":"https:\/\/www.europesays.com\/de\/wp-json\/wp\/v2\/posts\/780501\/revisions"}],"wp:featuredmedia":[{"embeddable":true,"href":"https:\/\/www.europesays.com\/de\/wp-json\/wp\/v2\/media\/780502"}],"wp:attachment":[{"href":"https:\/\/www.europesays.com\/de\/wp-json\/wp\/v2\/media?parent=780501"}],"wp:term":[{"taxonomy":"category","embeddable":true,"href":"https:\/\/www.europesays.com\/de\/wp-json\/wp\/v2\/categories?post=780501"},{"taxonomy":"post_tag","embeddable":true,"href":"https:\/\/www.europesays.com\/de\/wp-json\/wp\/v2\/tags?post=780501"}],"curies":[{"name":"wp","href":"https:\/\/api.w.org\/{rel}","templated":true}]}}