{"id":780613,"date":"2026-02-08T04:02:18","date_gmt":"2026-02-08T04:02:18","guid":{"rendered":"https:\/\/www.europesays.com\/de\/780613\/"},"modified":"2026-02-08T04:02:18","modified_gmt":"2026-02-08T04:02:18","slug":"rb-in-koeln-mit-siegpflicht","status":"publish","type":"post","link":"https:\/\/www.europesays.com\/de\/780613\/","title":{"rendered":"RB in K\u00f6ln mit Siegpflicht"},"content":{"rendered":"<p>Fu\u00dfball-Bundesliga <\/p>\n<p>Wegen Champions League: RB in K\u00f6ln mit Siegpflicht<\/p>\n<p>Aktualisiert am 08.02.2026 &#8211; 03:30 UhrLesedauer: 1 Min.<\/p>\n<p><a href=\"#focus-0\" class=\"transition-colors duration-200 block text-current relative\" data-sctrack=\"FocusGalleryImage.Reference\"><img fetchpriority=\"high\" data-testid=\"Opener.Image\" style=\"--lqipURL:url('https:\/\/images.t-online.de\/2026\/02\/SswxILNwd5O7\/0x105:2048x1152\/fit-in\/150x0\/filters:blur(25)\/ole-werner-und-rb-brauchen-dringend-wieder-ein-erfolgserlebnis-archivbild.jpg')\"   loading=\"eager\" src=\"https:\/\/www.europesays.com\/de\/wp-content\/uploads\/2026\/02\/ole-werner-und-rb-brauchen-dringend-wieder-ein-erfolgserlebnis-archivbild.jpg\" alt=\"Ole Werner\" title=\"Ole Werner\" width=\"2048\" height=\"1152\" class=\"bg-[url:var(--lqipURL)] bg-cover bg-center flex h-full w-full max-w-full\" decoding=\"async\"\/><img style=\"--width:32;--height:32\" loading=\"lazy\" src=\"https:\/\/leipzig.t-online.de\/s\/paper\/_next\/static\/media\/zoom-in.f7dae02f.svg\" alt=\"Vergr\u00f6\u00dfern des Bildes\" title=\"Vergr\u00f6\u00dfern des Bildes\" class=\"block h-[calc(var(--height)_\/_16_*_1rem)] w-[calc(var(--width)_\/_16_*_1rem)] max-w-none absolute bottom-8 right-8 rounded-4 bg-snow p-8\" decoding=\"async\"\/><\/a><\/p>\n<p>Ole Werner und RB brauchen dringend wieder ein Erfolgserlebnis. (Archivbild) (Quelle: Jan Woitas\/dpa\/dpa-bilder)<\/p>\n<p class=\"font-bold text-18 leading-17\">Nach zuletzt unbefriedigenden Ergebnisse ist ein Erfolgserlebnis beim 1. FC K\u00f6ln Pflicht. Neuzugang Gruda gilt als Hoffnungstr\u00e4ger.<\/p>\n<p class=\"text-18 leading-17\"><a class=\"transition-colors duration-200 cursor-pointer text-inherit no-underline text-salemsfur md:hover:text-magenta md:hover:border-magenta md:focus:text-magenta border-current border-b border-solid break-words\" href=\"https:\/\/www.t-online.de\/themen\/rb-leipzig\/\" data-sctrack=\"BodyAnchor\" rel=\"nofollow noopener\" target=\"_blank\">RB Leipzig<\/a> verliert im Kampf um die Champions League-Pl\u00e4tze zu viele Z\u00e4hler gegen Teams aus dem unteren Tabellenfeld. Das soll sich heute beim 1. FC K\u00f6ln (15.30 Uhr\/Dazn) \u00e4ndern. Daf\u00fcr muss das Team von Trainer Ole Werner aber wieder mehr Klarheit in die eigenen Aktionen bekommen und den Gegner nicht durch leichtfertige Ballverluste ins Spiel zur\u00fcckholen, forderte der Fu\u00dfball-Trainer.<\/p>\n<p class=\"text-18 leading-17\">F\u00fcr Hoffnung in K\u00f6ln sorgt die Tatsache, dass RB noch nie ein Spiel gegen einen Aufsteiger bei 33 Siegen und f\u00fcnf Unentschieden verloren hat. Und Neuzugang Bajan Gruda. Die Leihgabe aus Brigthon stehe komplett im Saft und sei f\u00fcr alle Planungen eine Option. Selbst ein Startelf-Einsatz sei m\u00f6glich, sagte Werner, der den fr\u00fcheren Mainzer vor allem auf der Achter- oder Zehnerposition sieht.<\/p>\n","protected":false},"excerpt":{"rendered":"Fu\u00dfball-Bundesliga Wegen Champions League: RB in K\u00f6ln mit Siegpflicht Aktualisiert am 08.02.2026 &#8211; 03:30 UhrLesedauer: 1 Min. Ole&hellip;\n","protected":false},"author":2,"featured_media":780614,"comment_status":"","ping_status":"","sticky":false,"template":"","format":"standard","meta":{"footnotes":"","_share_on_mastodon":"0"},"categories":[1828],"tags":[623,468,29,119856,485,30,22746,1420,21755,1209,14828,1655,176594,176595],"class_list":["post-780613","post","type-post","status-publish","format-standard","has-post-thumbnail","category-koeln","tag-1-fc-koeln","tag-champions-league","tag-deutschland","tag-erfolgserlebnis","tag-fussball-bundesliga","tag-germany","tag-hoffnungstraeger","tag-koeln","tag-neuzugang","tag-nordrhein-westfalen","tag-ole-werner","tag-rb-leipzig","tag-siegpflicht","tag-tabellenfeld"],"share_on_mastodon":{"url":"https:\/\/pubeurope.com\/@de\/116033024618936065","error":""},"_links":{"self":[{"href":"https:\/\/www.europesays.com\/de\/wp-json\/wp\/v2\/posts\/780613","targetHints":{"allow":["GET"]}}],"collection":[{"href":"https:\/\/www.europesays.com\/de\/wp-json\/wp\/v2\/posts"}],"about":[{"href":"https:\/\/www.europesays.com\/de\/wp-json\/wp\/v2\/types\/post"}],"author":[{"embeddable":true,"href":"https:\/\/www.europesays.com\/de\/wp-json\/wp\/v2\/users\/2"}],"replies":[{"embeddable":true,"href":"https:\/\/www.europesays.com\/de\/wp-json\/wp\/v2\/comments?post=780613"}],"version-history":[{"count":0,"href":"https:\/\/www.europesays.com\/de\/wp-json\/wp\/v2\/posts\/780613\/revisions"}],"wp:featuredmedia":[{"embeddable":true,"href":"https:\/\/www.europesays.com\/de\/wp-json\/wp\/v2\/media\/780614"}],"wp:attachment":[{"href":"https:\/\/www.europesays.com\/de\/wp-json\/wp\/v2\/media?parent=780613"}],"wp:term":[{"taxonomy":"category","embeddable":true,"href":"https:\/\/www.europesays.com\/de\/wp-json\/wp\/v2\/categories?post=780613"},{"taxonomy":"post_tag","embeddable":true,"href":"https:\/\/www.europesays.com\/de\/wp-json\/wp\/v2\/tags?post=780613"}],"curies":[{"name":"wp","href":"https:\/\/api.w.org\/{rel}","templated":true}]}}