{"id":780786,"date":"2026-02-08T05:51:11","date_gmt":"2026-02-08T05:51:11","guid":{"rendered":"https:\/\/www.europesays.com\/de\/780786\/"},"modified":"2026-02-08T05:51:11","modified_gmt":"2026-02-08T05:51:11","slug":"gasspeicher-ministerin-reiche-macht-ihren-job-nicht-jetzt-sorgen-sich-die-gruenen-um-lng-und-pipelines","status":"publish","type":"post","link":"https:\/\/www.europesays.com\/de\/780786\/","title":{"rendered":"Gasspeicher: \u201eMinisterin Reiche macht ihren Job nicht\u201c \u2013 jetzt sorgen sich die Gr\u00fcnen um LNG und Pipelines"},"content":{"rendered":"<p>Die deutschen Gasspeicher sind aktuell nur noch zu weniger als 28 Prozent gef\u00fcllt. Die Bundesnetzagentur h\u00e4lt die Versorgung f\u00fcr stabil. Doch die Gr\u00fcnen zweifeln \u2013\u00a0und bestellen Wirtschaftsministerin Reiche in eine Sondersitzung.<\/p>\n<p class=\"is-first-paragraph\" data-external=\"Article.FirstParagraph\">Angesichts der niedrigen F\u00fcllst\u00e4nde in den deutschen Gasspeichern beantragen die Gr\u00fcnen eine Sondersitzung des Bundestags-Ausschusses f\u00fcr Wirtschaft und Energie \u2013 unter Anwesenheit von Ministerin Katharina Reiche (CDU). \u201eMinisterin Reiche macht ihren Job nicht\u201c, sagte der Gr\u00fcnen-Energiepolitiker Michael Kellner der Deutschen Presse-Agentur. \u201eDas Ministerium wiegelt ab. Sie hoffen aufs Wetter, doch die Lage ist angespannt.\u201c Die F\u00fcllst\u00e4nde der Gasspeicher in Deutschland liegen aktuell bei unter 28 Prozent.<\/p>\n<p>In dem der Deutschen Presse-Agentur vorliegenden Gr\u00fcnen-Antrag f\u00fcr eine Sondersitzung hei\u00dft es, die F\u00fcllst\u00e4nde seien historisch niedrig und binnen eines Monats um 25 Prozent gesunken. Meteorologisch gehe der Winter noch viele Wochen, bei gleichzeitiger Prognose f\u00fcr weiterhin tiefste Temperaturen in gro\u00dfen Teilen des Landes. Entsprechend hoch sei der Gasbedarf zum Heizen, neben dem \u00fcblichen Gasbedarf der deutschen Industrie. \u201eEin Mangel oder m\u00f6glicher Engpass in der Versorgung, auch durch politisch unzuverl\u00e4ssige Staaten, muss ausgeschlossen werden.\u201c Zudem stiegen die Gaspreise deutlich an.<\/p>\n<p>\u201eWir wollen wissen, was das Ministerium unternimmt, um gut durch den Winter zu kommen\u201c, sagte Kellner. \u201eWie plant die Ministerin die Regeln rasch anzupassen, um die Speicher wieder zu f\u00fcllen? Und wie sch\u00e4tzt die Bundesregierung die Abh\u00e4ngigkeit von Trump bei LNG ein?\u201c<\/p>\n<p>Ministerium verweist auf den Ausbau der LNG-Infrastruktur<\/p>\n<p>Die Bundesnetzagentur hatte vor kurzem die Versorgungslage mit Erdgas als stabil bezeichnet. \u201eDie Erdgasspeicher sind weiterhin wichtig, aber sind nicht mehr der allein entscheidende Indikator\u201c, sagte Pr\u00e4sident Klaus M\u00fcller. Der ehemalige Gr\u00fcnen-Politiker kam 2022 unter Reiches Vorg\u00e4nger Robert Habeck (Gr\u00fcne) in das Amt.<\/p>\n<p>M\u00fcller verwies auf die Versorgung Deutschlands mit Pipeline-Gas aus Norwegen, das 45 Prozent am Gasmix ausmache. \u201eDann gibt es gro\u00dfe Kontingente, die wir eben aus Holland, Belgien \u00fcber deren Fl\u00fcssiggas-Terminals bekommen.\u201c Auch die vier deutschen <a class=\"is-link c-block-items__link c-link--rich-text-renderer\" href=\"https:\/\/www.welt.de\/themen\/fluessiggas\/\" data-internal-tracking-enabled=\"true\" data-internal-tracking=\"{&quot;action&quot;:&quot;click&quot;,&quot;label&quot;:&quot;link&quot;,&quot;name&quot;:&quot;Inline Element&quot;,&quot;data&quot;:{&quot;source&quot;:&quot;&quot;,&quot;target&quot;:&quot;https:\/\/www.welt.de\/themen\/fluessiggas\/&quot;,&quot;trackingName&quot;:&quot;&quot;,&quot;trackingLabel&quot;:&quot;&quot;}}\" rel=\"nofollow noopener\" target=\"_blank\">LNG-Terminals<\/a> an Nord- und Ostsee spielten eine wichtige Rolle. \u201eSie geben Deutschland noch mal ein zus\u00e4tzliches Ma\u00df an Sicherheit.\u201c Laut M\u00fcller sind sie aktuell nicht ausgelastet. \u201eDas hei\u00dft, hier gibt es Spielr\u00e4ume.\u201c <\/p>\n<p>Das Bundeswirtschaftsministerium teilte \u00e4hnliches mit: Anders als in den Vorjahren st\u00fcnden mittlerweile schwimmende Fl\u00fcssiggasterminals f\u00fcr die Versorgung zur Verf\u00fcgung. \u201eDie inzwischen gut ausgebaute LNG-Infrastruktur in Deutschland und Europa erm\u00f6glicht neben der bestehenden und sicheren Hauptversorgung durch norwegisches Pipelinegas die notwendigen Importe nach Deutschland. Die Gasversorgung ist sichergestellt.\u201c<\/p>\n<p>sebe\/dpa<\/p>\n","protected":false},"excerpt":{"rendered":"Die deutschen Gasspeicher sind aktuell nur noch zu weniger als 28 Prozent gef\u00fcllt. Die Bundesnetzagentur h\u00e4lt die Versorgung&hellip;\n","protected":false},"author":2,"featured_media":780787,"comment_status":"","ping_status":"","sticky":false,"template":"","format":"standard","meta":{"footnotes":"","_share_on_mastodon":"0"},"categories":[2],"tags":[29,119719,119718,22226,119720,30,13,32330,97415,20415,14,15,110,4433,12,10,8,9,11],"class_list":["post-780786","post","type-post","status-publish","format-standard","has-post-thumbnail","category-deutschland","tag-deutschland","tag-energieversorgung-ks","tag-erdgas-ks","tag-fluessiggas","tag-gasversorgung-ks","tag-germany","tag-headlines","tag-katherina","tag-kellner","tag-michael","tag-nachrichten","tag-news","tag-newsteam","tag-reiche","tag-schlagzeilen","tag-top-news","tag-top-meldungen","tag-topmeldungen","tag-topnews"],"share_on_mastodon":{"url":"https:\/\/pubeurope.com\/@de\/116033453096991894","error":""},"_links":{"self":[{"href":"https:\/\/www.europesays.com\/de\/wp-json\/wp\/v2\/posts\/780786","targetHints":{"allow":["GET"]}}],"collection":[{"href":"https:\/\/www.europesays.com\/de\/wp-json\/wp\/v2\/posts"}],"about":[{"href":"https:\/\/www.europesays.com\/de\/wp-json\/wp\/v2\/types\/post"}],"author":[{"embeddable":true,"href":"https:\/\/www.europesays.com\/de\/wp-json\/wp\/v2\/users\/2"}],"replies":[{"embeddable":true,"href":"https:\/\/www.europesays.com\/de\/wp-json\/wp\/v2\/comments?post=780786"}],"version-history":[{"count":0,"href":"https:\/\/www.europesays.com\/de\/wp-json\/wp\/v2\/posts\/780786\/revisions"}],"wp:featuredmedia":[{"embeddable":true,"href":"https:\/\/www.europesays.com\/de\/wp-json\/wp\/v2\/media\/780787"}],"wp:attachment":[{"href":"https:\/\/www.europesays.com\/de\/wp-json\/wp\/v2\/media?parent=780786"}],"wp:term":[{"taxonomy":"category","embeddable":true,"href":"https:\/\/www.europesays.com\/de\/wp-json\/wp\/v2\/categories?post=780786"},{"taxonomy":"post_tag","embeddable":true,"href":"https:\/\/www.europesays.com\/de\/wp-json\/wp\/v2\/tags?post=780786"}],"curies":[{"name":"wp","href":"https:\/\/api.w.org\/{rel}","templated":true}]}}