{"id":780921,"date":"2026-02-08T07:10:11","date_gmt":"2026-02-08T07:10:11","guid":{"rendered":"https:\/\/www.europesays.com\/de\/780921\/"},"modified":"2026-02-08T07:10:11","modified_gmt":"2026-02-08T07:10:11","slug":"washington-post-herausgeber-der-us-zeitung-tritt-nach-entlassungswelle-zurueck","status":"publish","type":"post","link":"https:\/\/www.europesays.com\/de\/780921\/","title":{"rendered":"Washington Post: Herausgeber der US-Zeitung tritt nach Entlassungswelle zur\u00fcck"},"content":{"rendered":"<p>Der Sparkurs bei der \u201eWashington Post\u201c f\u00fchrt zu weiteren Verwerfungen bei der ber\u00fchmten US-Zeitung: Auch der Herausgeber und CEO Will Lewis geht. Die Gewerkschaft des Unternehmens wirft ihm vor, eine amerikanische Institution zu ruinieren.<\/p>\n<p class=\"is-first-paragraph\" data-external=\"Article.FirstParagraph\">Der Herausgeber und Vorstandsvorsitzende der \u201eWashington Post\u201c, Will Lewis, hat am Samstag seinen R\u00fccktritt erkl\u00e4rt. Der Finanzvorstand Jeff D&#8217;Onofrio wurde zum kommissarischen Herausgeber und Chef ernannt, wie die Nachrichtenagentur AP erfuhr. Er war erst im vergangenen Juni zur Zeitung gesto\u00dfen.<\/p>\n<p>Erst k\u00fcrzlich hatte die angeschlagene US-Zeitung angek\u00fcndigt, <a class=\"is-link c-block-items__link c-link--rich-text-renderer\" href=\"https:\/\/www.welt.de\/vermischtes\/article6983a6bd2dfdd2aa24525df6\/ich-wurde-gerade-mitten-im-kriegsgebiet-entlassen-radikaler-sparkurs-bei-washington-post.html\" data-internal-tracking-enabled=\"true\" data-internal-tracking=\"{&quot;action&quot;:&quot;click&quot;,&quot;label&quot;:&quot;link&quot;,&quot;name&quot;:&quot;Inline Element&quot;,&quot;data&quot;:{&quot;source&quot;:&quot;&quot;,&quot;target&quot;:&quot;https:\/\/www.welt.de\/vermischtes\/article6983a6bd2dfdd2aa24525df6\/ich-wurde-gerade-mitten-im-kriegsgebiet-entlassen-radikaler-sparkurs-bei-washington-post.html&quot;,&quot;trackingName&quot;:&quot;&quot;,&quot;trackingLabel&quot;:&quot;&quot;}}\" rel=\"nofollow noopener\" target=\"_blank\">ein Drittel ihrer Belegschaft zu entlassen<\/a>. In einer E-Mail an die Mitarbeiter schrieb Lewis, dass \u201eschwierige Entscheidungen getroffen worden seien, um die nachhaltige Zukunft der \u201aWashington Post\u2018 zu sichern\u201c.<\/p>\n<p>Weder Lewis noch der milliardenschwere \u201ePost\u201c-Eigent\u00fcmer Jeff Bezos hatten diese Woche an einer Mitarbeiterversammlung teilgenommen, bei der die Entlassungen verk\u00fcndet wurden. Unter anderem sollen die Sportredaktion aufgel\u00f6st, die Auslands- und Lokalberichterstattung stark zusammengestrichen und Fotojournalisten entlassen werden. Auch das B\u00fcro in Berlin f\u00e4llt weg.<\/p>\n<p>Die Gewerkschaft der \u201eWashington Post\u201c-Mitarbeiter bezeichnete den R\u00fccktritt von Lewis als notwendig. \u201eDer \u2060R\u00fccktritt von Will Lewis ist l\u00e4ngst \u2060\u00fcberf\u00e4llig\u201c, erkl\u00e4rte die Washington Post Guild. \u201eSein Verm\u00e4chtnis wird der Versuch sein, eine gro\u00dfe amerikanische journalistische Institution zu ruinieren.\u201c<\/p>\n<p>Der in Gro\u00dfbritannien geborene Lewis war Verleger des \u201eWall Street Journal\u201c, bevor er im Januar 2024 die Leitung der \u201eWashington Post\u201c \u00fcbernahm. Seine Zeit bei dem traditionsreichen Blatt war laut Beobachtern von Beginn an holprig verlaufen und von Entlassungen und einem gescheiterten Umstrukturierungsplan gepr\u00e4gt, der im Juni 2024 zum R\u00fccktritt der damaligen Chefredakteurin Sally Buzbee f\u00fchrte.<\/p>\n<p>Die \u201eWashington Post\u201c hat \u00fcberdies Zehntausende Abonnenten verloren. Hintergrund ist etwa die Anordnung von Eigent\u00fcmer Bezos, in der Sp\u00e4tphase des US-Pr\u00e4sidentschaftswahlkampfs 2024 eine erwartete <a class=\"is-link c-block-items__link c-link--rich-text-renderer\" href=\"https:\/\/www.welt.de\/vermischtes\/prominente\/article255552038\/Washington-Post-Jeff-Bezos-gibt-Meinungsressort-seiner-Zeitung-Vorgaben.html\" data-internal-tracking-enabled=\"true\" data-internal-tracking=\"{&quot;action&quot;:&quot;click&quot;,&quot;label&quot;:&quot;link&quot;,&quot;name&quot;:&quot;Inline Element&quot;,&quot;data&quot;:{&quot;source&quot;:&quot;&quot;,&quot;target&quot;:&quot;https:\/\/www.welt.de\/vermischtes\/prominente\/article255552038\/Washington-Post-Jeff-Bezos-gibt-Meinungsressort-seiner-Zeitung-Vorgaben.html&quot;,&quot;trackingName&quot;:&quot;&quot;,&quot;trackingLabel&quot;:&quot;&quot;}}\" rel=\"nofollow noopener\" target=\"_blank\">Wahlempfehlung f\u00fcr die Demokratin Kamala Harris zur\u00fcckzuziehen<\/a>. Zudem lenkte er die liberalen Meinungsseiten in eine libert\u00e4re Richtung.<\/p>\n<p>AP\/Reuters\/sebe<\/p>\n","protected":false},"excerpt":{"rendered":"Der Sparkurs bei der \u201eWashington Post\u201c f\u00fchrt zu weiteren Verwerfungen bei der ber\u00fchmten US-Zeitung: Auch der Herausgeber und&hellip;\n","protected":false},"author":2,"featured_media":780922,"comment_status":"","ping_status":"","sticky":false,"template":"","format":"standard","meta":{"footnotes":"","_share_on_mastodon":"0"},"categories":[134],"tags":[18382,175,170,169,29,30,18383,171,174,110,18758,173,172,64,176639],"class_list":["post-780921","post","type-post","status-publish","format-standard","has-post-thumbnail","category-unternehmen-maerkte","tag-bezos","tag-business","tag-companies","tag-companies-markets","tag-deutschland","tag-germany","tag-jeffrey","tag-markets","tag-maerkte","tag-newsteam","tag-the-washington-post","tag-unternehmen","tag-unternehmen-maerkte","tag-usa","tag-zeitungen-ks"],"share_on_mastodon":{"url":"https:\/\/pubeurope.com\/@de\/116033763989321018","error":""},"_links":{"self":[{"href":"https:\/\/www.europesays.com\/de\/wp-json\/wp\/v2\/posts\/780921","targetHints":{"allow":["GET"]}}],"collection":[{"href":"https:\/\/www.europesays.com\/de\/wp-json\/wp\/v2\/posts"}],"about":[{"href":"https:\/\/www.europesays.com\/de\/wp-json\/wp\/v2\/types\/post"}],"author":[{"embeddable":true,"href":"https:\/\/www.europesays.com\/de\/wp-json\/wp\/v2\/users\/2"}],"replies":[{"embeddable":true,"href":"https:\/\/www.europesays.com\/de\/wp-json\/wp\/v2\/comments?post=780921"}],"version-history":[{"count":0,"href":"https:\/\/www.europesays.com\/de\/wp-json\/wp\/v2\/posts\/780921\/revisions"}],"wp:featuredmedia":[{"embeddable":true,"href":"https:\/\/www.europesays.com\/de\/wp-json\/wp\/v2\/media\/780922"}],"wp:attachment":[{"href":"https:\/\/www.europesays.com\/de\/wp-json\/wp\/v2\/media?parent=780921"}],"wp:term":[{"taxonomy":"category","embeddable":true,"href":"https:\/\/www.europesays.com\/de\/wp-json\/wp\/v2\/categories?post=780921"},{"taxonomy":"post_tag","embeddable":true,"href":"https:\/\/www.europesays.com\/de\/wp-json\/wp\/v2\/tags?post=780921"}],"curies":[{"name":"wp","href":"https:\/\/api.w.org\/{rel}","templated":true}]}}