{"id":781024,"date":"2026-02-08T08:15:11","date_gmt":"2026-02-08T08:15:11","guid":{"rendered":"https:\/\/www.europesays.com\/de\/781024\/"},"modified":"2026-02-08T08:15:11","modified_gmt":"2026-02-08T08:15:11","slug":"unfall-zwischen-auto-und-strassenbahn-in-muenchen-drei-verletzte-2","status":"publish","type":"post","link":"https:\/\/www.europesays.com\/de\/781024\/","title":{"rendered":"Unfall zwischen Auto und Stra\u00dfenbahn in M\u00fcnchen: Drei Verletzte"},"content":{"rendered":"<p class=\"mb-6 text-xs md:text-m lg:text-l font-serif group-[.font-sans]:font-sans \">\n    Zu einem Zusammensto\u00df zwischen einer Stra\u00dfenbahn und einem Auto kam es am Dienstag, 3. Februar, im M\u00fcnchner Bezirk Maxvorstadt. Das teilt das Polizeipr\u00e4sidium M\u00fcnchen am Mittwoch mit. Demnach kam es gegen 6.30 Uhr zu dem Unfall.\n  <\/p>\n<p class=\"mb-6 text-xs md:text-m lg:text-l font-serif group-[.font-sans]:font-sans \">\n    Wie die Polizei erkl\u00e4rt, fuhr ein 45-J\u00e4hriger mit seinem Seat auf der Barer Stra\u00dfe stadteinw\u00e4rts \u2013 ihm entgegenkommend fuhr eine Tram stadtausw\u00e4rts. Als der Mann mit seinem Auto nach links in die Gabelsbergerstra\u00dfe abbiegen wollte, krachte er mit seinem Fahrzeug in die Stra\u00dfenbahn.\n  <\/p>\n<p>            Auto und Tram sto\u00dfen zusammen: Verkehrsbehinderungen am Dienstagmorgen<\/p>\n<p class=\"mb-6 text-xs md:text-m lg:text-l font-serif group-[.font-sans]:font-sans \">\n    Durch die Wucht des Aufpralls wurden sowohl der Fahrer als auch seine zwei Beifahrer, ebenfalls zwei M\u00e4nner im Alter von 44 und 47 Jahren, verletzt. Der Rettungsdienst brachte sie in ein Krankenhaus. \u00dcber die Schwere ihrer Verletzungen ist nichts bekannt.\n  <\/p>\n<p class=\"mb-6 text-xs md:text-m lg:text-l font-serif group-[.font-sans]:font-sans \">\n    In der Tram wurde laut Polizei niemand verletzt, weder die Trambahnfahrerin, noch die Insassen. Es wurden jedoch beide Fahrzeuge besch\u00e4digt. Die Schadensh\u00f6he ist nicht bekannt. Der Unfall f\u00fchrte zu gr\u00f6\u00dferen Verkehrsbeeintr\u00e4chtigungen im betroffenen Bereich. Die M\u00fcnchner Verkehrspolizei hat die Ermittlungen \u00fcbernommen.\n  <\/p>\n<p>            Zuletzt mehrere Stra\u00dfenbahn-Unf\u00e4lle in M\u00fcnchen<\/p>\n<p class=\"mb-6 text-xs md:text-m lg:text-l font-serif group-[.font-sans]:font-sans \">\n    In den vergangenen Monaten war es in <a href=\"https:\/\/www.augsburger-allgemeine.de\/orte\/aa-muenchen\" target=\"_self\" class=\"underline \" rel=\"nofollow noopener\">M\u00fcnchen<\/a> wiederholt zu Unf\u00e4llen mit Stra\u00dfenbahnen gekommen. So kollidierte erst vor wenigen Tagen <a href=\"https:\/\/www.augsburger-allgemeine.de\/bayern\/unfall-in-muenchen-kollision-bei-blaulichteinsatz-streifenwagen-rammt-tram-113311583\" target=\"_self\" class=\"underline \" rel=\"nofollow noopener\">ein Streifenwagen der Polizei mit einer Tram<\/a>, als die Beamten gerade zu einem Notfall unterwegs waren. Nur zwei Wochen zuvor kam es zu einem kuriosen Doppel-Unfall in der bayerischen Landeshauptstadt, bei dem unter anderem <a href=\"https:\/\/www.augsburger-allgemeine.de\/bayern\/doppel-unfall-in-muenchen-lkw-rammt-auto-und-tram-schiebt-auto-ueber-gleise-113172629\" target=\"_self\" class=\"underline \" rel=\"nofollow noopener\">eine Tram ein Auto erwischte und es mehrere Meter \u00fcber die Gleise schob<\/a>. Ende des vergangenen Jahres war ein <a href=\"https:\/\/www.augsburger-allgemeine.de\/bayern\/taxi-kracht-in-muenchen-in-tram-fahrer-muss-verletzt-ins-krankenhaus-112778642\" target=\"_self\" class=\"underline \" rel=\"nofollow noopener\">Taxi mit einer Stra\u00dfenbahn zusammengesto\u00dfen<\/a> \u2013 der Taxifahrer war dabei leicht verletzt worden. Doch nicht nur Unf\u00e4lle zwischen Trams und Autos waren zuletzt aufgetreten. Erst im Oktober kam es zu einem tragischen <a href=\"https:\/\/www.augsburger-allgemeine.de\/bayern\/toedlicher-tram-unfall-in-muenchen-47-jaehriger-fussgaenger-stirbt-noch-vor-ort-112679010\" target=\"_self\" class=\"underline \" rel=\"nofollow noopener\">Zusammensto\u00df zwischen einer Stra\u00dfenbahn und einem Fu\u00dfg\u00e4nger<\/a>. Dieser starb daraufhin an seinen Verletzungen.\n  <\/p>\n<ul data-module-id=\"DragDropModule\" class=\"flex flex-wrap justify-start group-[.no-bookmarks]:hidden\">\n<li class=\"mb-3 mr-3\">\n    Dominik Sch\u00e4tzle<\/p>\n<p>      Icon Haken im Kreis gesetzt<\/p>\n<p>      Icon Plus im Kreis<\/p>\n<\/li>\n<li class=\"mb-3 mr-3\">\n    Auto<\/p>\n<p>      Icon Haken im Kreis gesetzt<\/p>\n<p>      Icon Plus im Kreis<\/p>\n<\/li>\n<li class=\"mb-3 mr-3\">\n    Tram<\/p>\n<p>      Icon Haken im Kreis gesetzt<\/p>\n<p>      Icon Plus im Kreis<\/p>\n<\/li>\n<\/ul>\n","protected":false},"excerpt":{"rendered":"Zu einem Zusammensto\u00df zwischen einer Stra\u00dfenbahn und einem Auto kam es am Dienstag, 3. Februar, im M\u00fcnchner Bezirk&hellip;\n","protected":false},"author":2,"featured_media":771137,"comment_status":"","ping_status":"","sticky":false,"template":"","format":"standard","meta":{"footnotes":"","_share_on_mastodon":"0"},"categories":[1827],"tags":[513,772,22621,29,514,30,6778,1268,121,12943,21460,16160,1284],"class_list":["post-781024","post","type-post","status-publish","format-standard","has-post-thumbnail","category-muenchen","tag-auto","tag-bayern","tag-berufsverkehr","tag-deutschland","tag-fahrzeug","tag-germany","tag-maxvorstadt","tag-muenchen","tag-polizei","tag-polizeipraesidium-muenchen","tag-seat","tag-tram","tag-unfall"],"share_on_mastodon":{"url":"https:\/\/pubeurope.com\/@de\/116034019253451160","error":""},"_links":{"self":[{"href":"https:\/\/www.europesays.com\/de\/wp-json\/wp\/v2\/posts\/781024","targetHints":{"allow":["GET"]}}],"collection":[{"href":"https:\/\/www.europesays.com\/de\/wp-json\/wp\/v2\/posts"}],"about":[{"href":"https:\/\/www.europesays.com\/de\/wp-json\/wp\/v2\/types\/post"}],"author":[{"embeddable":true,"href":"https:\/\/www.europesays.com\/de\/wp-json\/wp\/v2\/users\/2"}],"replies":[{"embeddable":true,"href":"https:\/\/www.europesays.com\/de\/wp-json\/wp\/v2\/comments?post=781024"}],"version-history":[{"count":0,"href":"https:\/\/www.europesays.com\/de\/wp-json\/wp\/v2\/posts\/781024\/revisions"}],"wp:featuredmedia":[{"embeddable":true,"href":"https:\/\/www.europesays.com\/de\/wp-json\/wp\/v2\/media\/771137"}],"wp:attachment":[{"href":"https:\/\/www.europesays.com\/de\/wp-json\/wp\/v2\/media?parent=781024"}],"wp:term":[{"taxonomy":"category","embeddable":true,"href":"https:\/\/www.europesays.com\/de\/wp-json\/wp\/v2\/categories?post=781024"},{"taxonomy":"post_tag","embeddable":true,"href":"https:\/\/www.europesays.com\/de\/wp-json\/wp\/v2\/tags?post=781024"}],"curies":[{"name":"wp","href":"https:\/\/api.w.org\/{rel}","templated":true}]}}