{"id":781035,"date":"2026-02-08T08:21:11","date_gmt":"2026-02-08T08:21:11","guid":{"rendered":"https:\/\/www.europesays.com\/de\/781035\/"},"modified":"2026-02-08T08:21:11","modified_gmt":"2026-02-08T08:21:11","slug":"anwohner-in-marzahn-fordern-mitsprache-bei-umbau-ihrer-wohngebiete","status":"publish","type":"post","link":"https:\/\/www.europesays.com\/de\/781035\/","title":{"rendered":"Anwohner in Marzahn fordern Mitsprache bei Umbau ihrer Wohngebiete"},"content":{"rendered":"<p>Und mit ihren Ideen ist Familie Preu\u00df in Marzahn-Hellersdorf nicht allein. Auf verschiedenen Parkpl\u00e4tzen, Brachen und Innenh\u00f6fen sind mehrere tausend Wohnungen im Plan oder im Bau. Auch am Helene-Weigel-Platz, Tal-Center, der Bowlingbahn am Feldberger Ring und der Allee der Kosmonauten 155-157 regt sich Widerstand gegen Nachverdichtungsprojekte, die den Anwohnern zu gro\u00df sind. Sie haben sich mit der Initiative der Kleeblattpassage zusammengetan, 2.300 Unterschriften gesammelt und in einem offenen Brief an Bausenator Christian Gaebler (SPD) \u00fcbergeben.<\/p>\n<p>Darin werfen sie Gaebler einen Ausschluss der Bev\u00f6lkerung aus der Baupolitik vor und fordern eine Beteiligung. Die Nachverdichtung w\u00fcrde Wohnquartiere zu stark besiedeln, was die soziale Struktur ver\u00e4ndere. Au\u00dferdem sei Infrastruktur wie medizinische Versorgung, Schule, Sport und Jugendarbeit nicht mitgedacht. Der Paragraf 34 des Baugesetzbuches werde missbraucht, da die neuen Wohnt\u00fcrme das Stadtbild ver\u00e4ndern.<\/p>\n<p>Bausenator Gaebler erkl\u00e4rte, es gebe nach Paragraf 34 einen Anspruch auf Genehmigung, wenn sich das neue Geb\u00e4ude orts\u00fcblich einpasse. &#8222;Und wenn ich neben ein Hochhaus ein anderes stelle, dann kann man davon ausgehen, dass sich das einpasst, dann gibt es eigentlich gar keine Beteiligung&#8220;, sagte er am Samstag in der rbb24 Abendschau. &#8222;Wir machen diese Beteiligung aber.&#8220;<\/p>\n<p>Gaebler betonte, Nachverdichtung sei auch deshalb wichtig, weil die Infrastruktur schon vorhanden sei. &#8222;Ich muss nicht alles neu bauen, wie wenn ich auf der gr\u00fcnen Wiese baue.&#8220; Damit sei bezahlbares Wohnen eher m\u00f6glich.<\/p>\n","protected":false},"excerpt":{"rendered":"Und mit ihren Ideen ist Familie Preu\u00df in Marzahn-Hellersdorf nicht allein. Auf verschiedenen Parkpl\u00e4tzen, Brachen und Innenh\u00f6fen sind&hellip;\n","protected":false},"author":2,"featured_media":781036,"comment_status":"","ping_status":"","sticky":false,"template":"","format":"standard","meta":{"footnotes":"","_share_on_mastodon":"0"},"categories":[1825],"tags":[296,29,30,134296,137096],"class_list":["post-781035","post","type-post","status-publish","format-standard","has-post-thumbnail","category-berlin","tag-berlin","tag-deutschland","tag-germany","tag-rbb24tagesschau","tag-rbb24wohnen"],"share_on_mastodon":{"url":"https:\/\/pubeurope.com\/@de\/116034042821524117","error":""},"_links":{"self":[{"href":"https:\/\/www.europesays.com\/de\/wp-json\/wp\/v2\/posts\/781035","targetHints":{"allow":["GET"]}}],"collection":[{"href":"https:\/\/www.europesays.com\/de\/wp-json\/wp\/v2\/posts"}],"about":[{"href":"https:\/\/www.europesays.com\/de\/wp-json\/wp\/v2\/types\/post"}],"author":[{"embeddable":true,"href":"https:\/\/www.europesays.com\/de\/wp-json\/wp\/v2\/users\/2"}],"replies":[{"embeddable":true,"href":"https:\/\/www.europesays.com\/de\/wp-json\/wp\/v2\/comments?post=781035"}],"version-history":[{"count":0,"href":"https:\/\/www.europesays.com\/de\/wp-json\/wp\/v2\/posts\/781035\/revisions"}],"wp:featuredmedia":[{"embeddable":true,"href":"https:\/\/www.europesays.com\/de\/wp-json\/wp\/v2\/media\/781036"}],"wp:attachment":[{"href":"https:\/\/www.europesays.com\/de\/wp-json\/wp\/v2\/media?parent=781035"}],"wp:term":[{"taxonomy":"category","embeddable":true,"href":"https:\/\/www.europesays.com\/de\/wp-json\/wp\/v2\/categories?post=781035"},{"taxonomy":"post_tag","embeddable":true,"href":"https:\/\/www.europesays.com\/de\/wp-json\/wp\/v2\/tags?post=781035"}],"curies":[{"name":"wp","href":"https:\/\/api.w.org\/{rel}","templated":true}]}}