{"id":781041,"date":"2026-02-08T08:24:21","date_gmt":"2026-02-08T08:24:21","guid":{"rendered":"https:\/\/www.europesays.com\/de\/781041\/"},"modified":"2026-02-08T08:24:21","modified_gmt":"2026-02-08T08:24:21","slug":"alle-artikel-in-berlin-vom-08-02-2026","status":"publish","type":"post","link":"https:\/\/www.europesays.com\/de\/781041\/","title":{"rendered":"Alle Artikel in \u201eBerlin\u201c vom 08.02.2026"},"content":{"rendered":"<p>    Alle Artikel in \u201eBerlin\u201c vom 08.02.2026<\/p>\n<p>    <a href=\"#main-content\" class=\"tspIbf\">zum Hauptinhalt<\/a><\/p>\n<p>Jahr<\/p>\n<p>zur\u00fcckscrollenvorscrollen<\/p>\n<p>Monat<\/p>\n<p>zur\u00fcckscrollenvorscrollen<\/p>\n<p>Tag<\/p>\n<p>zur\u00fcckscrollenvorscrollen<img decoding=\"async\" src=\"https:\/\/www.europesays.com\/de\/wp-content\/uploads\/2026\/02\/1770539055_530_feuerwehreinsatz.jpeg\"   alt=\"Die Feuerwehr rettet ein Boot am Gro\u00dfen M\u00fcggelsee vor dem Untergehen. (Symbolbild)\" width=\"300\" height=\"168\" loading=\"lazy\" class=\"tspBZmq\"\/><\/p>\n<p data-kilkaya=\"15229638-teaser\" class=\"tspA9jh tspA6jh\"> Ein volllaufendes Sportboot l\u00f6st im Hafen von Friedrichshagen einen Feuerwehreinsatz aus. Menschen sind nicht an Bord &#8211; dennoch wird es gef\u00e4hrlich. <\/p>\n<p><img decoding=\"async\" src=\"https:\/\/www.europesays.com\/de\/wp-content\/uploads\/2026\/02\/1770539056_841_feuerwehr-symbolbild.jpeg\"   alt=\"In Berlin-Wilhelmsburg wird ein Mensch bei einem Wohnungsbrand schwer verletzt. (Symbolbild)\" width=\"300\" height=\"168\" loading=\"lazy\" class=\"tspBZmq\"\/><\/p>\n<p data-kilkaya=\"15229611-teaser\" class=\"tspA9jh tspA6jh\"> In Berlin-Wilhelmstadt brennt ein Zimmer in einem Mehrfamilienhaus. Eine Person fl\u00fcchtet schwer verletzt ins Freie. <\/p>\n<p><img decoding=\"async\" src=\"https:\/\/www.europesays.com\/de\/wp-content\/uploads\/2026\/02\/nfl-super-bowl-lx-levi-s-stadium-views.jpeg\"   alt=\"Helme der Seattle Seahawks und New England Patriots im Levi\u2019s Stadium \u2013 dort findet der Super Bowl 2026 statt.\" width=\"300\" height=\"168\" loading=\"lazy\" class=\"tspBZmq\"\/><\/p>\n<p data-kilkaya=\"15217264-teaser\" class=\"tspA9jh tspA6jh\"> Von American Buffets bis Cheerleader\u2011Shows: In der Nacht vom 8. zum 9. Februar steigt der Super Bowl 2026 \u2013 mit Bad Bunny in der Halftime Show. Hier sind die sieben besten Orte zum Public Viewing in Berlin. <\/p>\n<p> Von  Mia Veigel \u00a0Kommentare   <\/p>\n<p><img decoding=\"async\" src=\"https:\/\/www.europesays.com\/de\/wp-content\/uploads\/2026\/02\/hello-lettering-text-speech-bubble-turquoise-backdrop.jpeg\"   alt=\"Englisch in Berlin\" width=\"300\" height=\"168\" loading=\"lazy\" class=\"tspBZmq\"\/><\/p>\n<p data-kilkaya=\"15160267-teaser\" class=\"tspA9jh tspA6jh\"> Berlin wird internationaler, immer mehr Bewohner sprechen kein Deutsch. Ein indischer Start-up-Gr\u00fcnder sieht darin kein Problem. Er fordert die Berliner auf, daf\u00fcr offener zu sein\u00a0\u2013 auch in ihrem eigenen, wirtschaftlichen Interesse. <\/p>\n<p> Ein Gastbeitrag von  Mayukh Panja \u00a0Kommentare   <\/p>\n<p><img decoding=\"async\" src=\"https:\/\/www.europesays.com\/de\/wp-content\/uploads\/2026\/02\/1770539058_206_winterwetter-in-brandenburg.jpeg\"   alt=\"In Berlin und Brandenburg wird es glatt und nebelig. (Archivbild)\" width=\"300\" height=\"168\" loading=\"lazy\" class=\"tspBZmq\"\/><\/p>\n<p data-kilkaya=\"15229582-teaser\" class=\"tspA9jh tspA6jh\"> In Berlin und Brandenburg bleibt das Wetter winterlich-tr\u00fcb. Spr\u00fchregen und etwas Schnee sorgen weiter f\u00fcr glatte Stra\u00dfen. In der Niederlausitz sind bis zu drei Zentimeter Neuschnee m\u00f6glich. <\/p>\n<p><img decoding=\"async\" src=\"https:\/\/www.europesays.com\/de\/wp-content\/uploads\/2026\/02\/wim-wenders.jpeg\"   alt=\"Wim Wenders ist in diesem Jahr Jurypr\u00e4sident. (Archivbild)\" width=\"300\" height=\"168\" loading=\"lazy\" class=\"tspBZmq\"\/><\/p>\n<p data-kilkaya=\"15229588-teaser\" class=\"tspA9jh tspA6jh\"> Diesmal ist er Jurypr\u00e4sident der Berlinale: Regisseur Wim Wenders erz\u00e4hlt im Interview, was einen Film preisverd\u00e4chtig macht &#8211; und warum er im Kino am liebsten in der zweiten Reihe sitzt. <\/p>\n<p><img decoding=\"async\" src=\"https:\/\/www.europesays.com\/de\/wp-content\/uploads\/2026\/02\/1770539060_13_wim-wenders.jpeg\"   alt=\"Wim Wenders ist in diesem Jahr Jurypr\u00e4sident. (Archivbild)\" width=\"300\" height=\"168\" loading=\"lazy\" class=\"tspBZmq\"\/><\/p>\n<p data-kilkaya=\"15229590-teaser\" class=\"tspA9jh tspA6jh\"> Diesmal ist er Jurypr\u00e4sident der Berlinale: Regisseur Wim Wenders erz\u00e4hlt im Interview, was einen Film preisverd\u00e4chtig macht &#8211; und warum er im Kino am liebsten in der zweiten Reihe sitzt. <\/p>\n<p><img decoding=\"async\" src=\"https:\/\/www.europesays.com\/de\/wp-content\/uploads\/2026\/02\/hello-lettering-text-speech-bubble-turquoise-backdrop.jpeg\"   alt=\"Englisch in Berlin\" width=\"300\" height=\"168\" loading=\"lazy\" class=\"tspBZmq\"\/><\/p>\n<p data-kilkaya=\"15170681-teaser\" class=\"tspA9jh tspA6jh\"> Berlin is becoming more international, with more and more residents not speaking German. An Indian start-up founder sees no problem with this. He urges Berliners to be more open to it \u2013 also in their own economic interest. <\/p>\n<p> Ein Gastbeitrag von  Mayukh Panja \u00a0Kommentare   <\/p>\n<p><img decoding=\"async\" src=\"https:\/\/www.europesays.com\/de\/wp-content\/uploads\/2026\/02\/karneval-in-brandenburg.jpeg\"   alt=\"Am Sonntag startet der \u201eZug der fr\u00f6hlichen Leute\u201c. (Archivbild)\" width=\"300\" height=\"168\" loading=\"lazy\" class=\"tspBZmq\"\/><\/p>\n<p data-kilkaya=\"15229538-teaser\" class=\"tspA9jh tspA6jh\"> Er gilt als der gr\u00f6\u00dfte Karnevalsumzug in Ostdeutschland: \u201eDer Zug der fr\u00f6hlichen Leute\u201c in Cottbus. Am Sonntag ist es wieder so weit &#8211; eine Woche eher als \u00fcblich. <\/p>\n<p> Seite 1 von 1 <\/p>\n<ol class=\"tspACfv\">\n<li class=\"tspACfx\"><a tabindex=\"0\" aria-current=\"page\">Seite 1 <\/a><\/li>\n<\/ol>\n<p id=\"message-target-blank\" hidden=\"hidden\">\u00f6ffnet in neuem Tab oder Fenster<\/p>\n<p>\n\t\t\tconsole.debug({ userId: &#8222;&#8220;, verifiedBot: &#8222;false&#8220;, botCategory: &#8222;&#8220; })\n\t\t<\/p>\n","protected":false},"excerpt":{"rendered":"Alle Artikel in \u201eBerlin\u201c vom 08.02.2026 zum Hauptinhalt Jahr zur\u00fcckscrollenvorscrollen Monat zur\u00fcckscrollenvorscrollen Tag zur\u00fcckscrollenvorscrollen Ein volllaufendes Sportboot l\u00f6st&hellip;\n","protected":false},"author":2,"featured_media":781042,"comment_status":"","ping_status":"","sticky":false,"template":"","format":"standard","meta":{"footnotes":"","_share_on_mastodon":"0"},"categories":[1825],"tags":[296,29,30],"class_list":["post-781041","post","type-post","status-publish","format-standard","has-post-thumbnail","category-berlin","tag-berlin","tag-deutschland","tag-germany"],"share_on_mastodon":{"url":"https:\/\/pubeurope.com\/@de\/116034055266537522","error":""},"_links":{"self":[{"href":"https:\/\/www.europesays.com\/de\/wp-json\/wp\/v2\/posts\/781041","targetHints":{"allow":["GET"]}}],"collection":[{"href":"https:\/\/www.europesays.com\/de\/wp-json\/wp\/v2\/posts"}],"about":[{"href":"https:\/\/www.europesays.com\/de\/wp-json\/wp\/v2\/types\/post"}],"author":[{"embeddable":true,"href":"https:\/\/www.europesays.com\/de\/wp-json\/wp\/v2\/users\/2"}],"replies":[{"embeddable":true,"href":"https:\/\/www.europesays.com\/de\/wp-json\/wp\/v2\/comments?post=781041"}],"version-history":[{"count":0,"href":"https:\/\/www.europesays.com\/de\/wp-json\/wp\/v2\/posts\/781041\/revisions"}],"wp:featuredmedia":[{"embeddable":true,"href":"https:\/\/www.europesays.com\/de\/wp-json\/wp\/v2\/media\/781042"}],"wp:attachment":[{"href":"https:\/\/www.europesays.com\/de\/wp-json\/wp\/v2\/media?parent=781041"}],"wp:term":[{"taxonomy":"category","embeddable":true,"href":"https:\/\/www.europesays.com\/de\/wp-json\/wp\/v2\/categories?post=781041"},{"taxonomy":"post_tag","embeddable":true,"href":"https:\/\/www.europesays.com\/de\/wp-json\/wp\/v2\/tags?post=781041"}],"curies":[{"name":"wp","href":"https:\/\/api.w.org\/{rel}","templated":true}]}}