{"id":781221,"date":"2026-02-08T10:07:10","date_gmt":"2026-02-08T10:07:10","guid":{"rendered":"https:\/\/www.europesays.com\/de\/781221\/"},"modified":"2026-02-08T10:07:10","modified_gmt":"2026-02-08T10:07:10","slug":"borussia-moenchengladbach-bosse-schwaermen-von-hugo-bolin-sport","status":"publish","type":"post","link":"https:\/\/www.europesays.com\/de\/781221\/","title":{"rendered":"Borussia M\u00f6nchengladbach: Bosse schw\u00e4rmen von Hugo Bolin | Sport"},"content":{"rendered":"<p><a class=\"skip-content skip-content--link\" href=\"#in-content-skip-link-target-v-0-0\">TTS-Player \u00fcberspringen\u21b5<\/a><a id=\"in-content-skip-link-target-v-0-0\" class=\"skip-content--target-link-hidden skip-content skip-content--target-link\" href=\"#in-content-skip-link-target-v-0-0\">Artikel weiterlesen<\/a><\/p>\n<p><b>Er wurde von Gladbach am Deadline Day am Montag auf den letzten Dr\u00fccker verpflichtet \u2013 nur f\u00fcnf Tage sp\u00e4ter, beim 1:1 gegen Leverkusen, feierte Hugo Bolin (22, bis zum Sommer mit Kaufoption\u00a0von Malm\u00f6 FF ausgeliehen) im Borussia-Park seine Bundesliga-Premiere. In der 79. Minute kam der Schwede f\u00fcr Kevin St\u00f6ger (32) in die Partie. Und nur kurz danach lie\u00df er seine Klasse mit einem tollen Dribbling auf der linken Seite aufblitzen \u2013 seine scharfe Flanke mit dem linken Fu\u00df verfehlte aber knapp einen Abnehmer in der Mitte.<\/b><\/p>\n<p>Mehr zum Thema<\/p>\n<p>Die Gladbach-Bosse schw\u00e4rmen nach dem ersten Kurzauftritt bereits von Bolin! Trainer Eugen Polanski (39): \u201eNach dem ersten, halben Training am Dienstag habe ich gesagt: Der ist gut. Am Mittwoch nach seiner ersten richtigen Einheit habe ich gesagt: Der ist sehr gut. Und nach dem Spiel sage ich, dass er top ist \u2013 er hat mir sehr gut gefallen.\u201d Und auch Sport-Boss Rouven Schr\u00f6der (50) ist \u00fcberzeugt davon, dass der zweimalige schwedische Nationalspieler eine absolute Verst\u00e4rkung f\u00fcr Borussia ist: \u201eAlle, die hereingekommen sind, haben es sehr ordentlich gemacht. Hugo hat sofort gezeigt, dass er die Ruhe am Ball hat. Er ist abgezockt, er kennt die R\u00e4ume, er macht direkt Spa\u00df. Und Hugo ist auch ein guter Typ, der sich blitzschnell integriert hat.\u201c<\/p>\n<p>\u201eHugo feiert den Standort!\u201d<\/p>\n<p>Schr\u00f6der hebt auch noch einmal die besondere Motivation von Bolin heraus, bei Borussia in der <a href=\"https:\/\/www.bild.de\/sport\/fussball\/bundesliga\/bundesliga-startseite-52368768.bild.html\" class=\"text-link\" rel=\"nofollow noopener\" target=\"_blank\">Bundesliga <\/a>spielen zu d\u00fcrfen \u2013 statt in der eher beschaulichen schwedischen Liga vor viel weniger Fans. Der Sportchef: \u201eHugo feiert den Standort, das muss man einfach sehen. Der freut sich so sehr, hier in Gladbach zu sein. Das ist einfach ein gutes Zeichen f\u00fcr viele. Was f\u00fcr einige normal ist, ist f\u00fcr ihn etwas ganz Besonderes. Er freut sich, wie geil die Stimmung im Stadion ist. Noch geiler ist es sicher, wenn er auch noch ein Tor schie\u00dft oder vorbereitet.\u201c<\/p>\n","protected":false},"excerpt":{"rendered":"TTS-Player \u00fcberspringen\u21b5Artikel weiterlesen Er wurde von Gladbach am Deadline Day am Montag auf den letzten Dr\u00fccker verpflichtet \u2013&hellip;\n","protected":false},"author":2,"featured_media":781222,"comment_status":"","ping_status":"","sticky":false,"template":"","format":"standard","meta":{"footnotes":"","_share_on_mastodon":"0"},"categories":[1849],"tags":[176701,815,3364,29,538,548,663,3934,30,13,4455,14,15,1209,100524,12,126094,819,45],"class_list":["post-781221","post","type-post","status-publish","format-standard","has-post-thumbnail","category-moenchengladbach","tag-bolin-hugo","tag-borussia-moenchengladbach","tag-de","tag-deutschland","tag-erste-bundesliga","tag-eu","tag-europa","tag-europe","tag-germany","tag-headlines","tag-moenchengladbach","tag-nachrichten","tag-news","tag-nordrhein-westfalen","tag-polanski-eugen","tag-schlagzeilen","tag-schroeder-rouven","tag-sport-leuchtturm-essen","tag-texttospeech"],"share_on_mastodon":{"url":"https:\/\/pubeurope.com\/@de\/116034459641498957","error":""},"_links":{"self":[{"href":"https:\/\/www.europesays.com\/de\/wp-json\/wp\/v2\/posts\/781221","targetHints":{"allow":["GET"]}}],"collection":[{"href":"https:\/\/www.europesays.com\/de\/wp-json\/wp\/v2\/posts"}],"about":[{"href":"https:\/\/www.europesays.com\/de\/wp-json\/wp\/v2\/types\/post"}],"author":[{"embeddable":true,"href":"https:\/\/www.europesays.com\/de\/wp-json\/wp\/v2\/users\/2"}],"replies":[{"embeddable":true,"href":"https:\/\/www.europesays.com\/de\/wp-json\/wp\/v2\/comments?post=781221"}],"version-history":[{"count":0,"href":"https:\/\/www.europesays.com\/de\/wp-json\/wp\/v2\/posts\/781221\/revisions"}],"wp:featuredmedia":[{"embeddable":true,"href":"https:\/\/www.europesays.com\/de\/wp-json\/wp\/v2\/media\/781222"}],"wp:attachment":[{"href":"https:\/\/www.europesays.com\/de\/wp-json\/wp\/v2\/media?parent=781221"}],"wp:term":[{"taxonomy":"category","embeddable":true,"href":"https:\/\/www.europesays.com\/de\/wp-json\/wp\/v2\/categories?post=781221"},{"taxonomy":"post_tag","embeddable":true,"href":"https:\/\/www.europesays.com\/de\/wp-json\/wp\/v2\/tags?post=781221"}],"curies":[{"name":"wp","href":"https:\/\/api.w.org\/{rel}","templated":true}]}}