{"id":781373,"date":"2026-02-08T11:34:11","date_gmt":"2026-02-08T11:34:11","guid":{"rendered":"https:\/\/www.europesays.com\/de\/781373\/"},"modified":"2026-02-08T11:34:11","modified_gmt":"2026-02-08T11:34:11","slug":"500-menschen-demonstrieren-in-karlsruhe-fuer-rojava","status":"publish","type":"post","link":"https:\/\/www.europesays.com\/de\/781373\/","title":{"rendered":"500 Menschen demonstrieren in Karlsruhe f\u00fcr Rojava"},"content":{"rendered":"<p class=\"mb-6 text-xs md:text-m lg:text-l font-serif group-[.font-sans]:font-sans \">\n    Nach Angaben der Polizei verlief eine Demonstration zum Thema &#8222;H\u00e4nde weg von Rojava &#8211; f\u00fcr die Anerkennung kurdischer Status in Rojava&#8220; am Samstag in der Karlsruher Innenstadt \u00fcberwiegend friedlich. In der Spitze beteiligten sich rund 500 Personen an der Versammlung mit Aufzug. Das polizeiliche Einsatzkonzept erwies sich als erfolgreich.\n  <\/p>\n<p>            Laufdemo in Karlsruher Innenstadt mehrfach unterbrochen<\/p>\n<p class=\"mb-6 text-xs md:text-m lg:text-l font-serif group-[.font-sans]:font-sans \">\n    Der Zug Demonstrierender verlief \u00fcber weite Strecken geordnet. Die Einsatzkr\u00e4fte mussten die Versammlung jedoch mehrfach kurzfristig anhalten. Grund daf\u00fcr waren einzelne Teilnehmende, die gegen das Vermummungsverbot verstie\u00dfen. Zudem skandierten Demonstranten vereinzelt Parolen, die derzeit strafrechtlich gepr\u00fcft werden.\n  <\/p>\n<p>            Eine Anzeige im Rahmen der Demo<\/p>\n<p class=\"mb-6 text-xs md:text-m lg:text-l font-serif group-[.font-sans]:font-sans \">\n    Ein Versammlungsteilnehmer wird wegen Widerstand gegen Vollstreckungsbeamte angezeigt. Aus polizeilicher Sicht f\u00e4llt die Bilanz dennoch \u00fcberwiegend positiv aus. <a href=\"https:\/\/www.ka-news.de\/karlsruhe\/stadtgespraech\/karlsruhe-innenstadt-wird-am-samstag-wegen-syrien-demo-zeitweise-fuer-verkehr-gesperrt-113393571\" target=\"_self\" class=\"underline \" rel=\"nofollow noopener\">Die Polizei rechnete urspr\u00fcnglich mit 3.000 Teilnehmern und hat rund zehn Stra\u00dfen im Zuge der Demonstration gesperrt. <\/a>\n  <\/p>\n<p class=\"mb-6 text-xs md:text-m lg:text-l font-serif group-[.font-sans]:font-sans \">\n    <br \/>Quelle: <a href=\"https:\/\/www.presseportal.de\/blaulicht\/pm\/110972\/6212365\" rel=\"nofollow noopener\" target=\"_blank\" class=\"underline \">Polizeipr\u00e4sidium Karlsruhe.<\/a> Hinweis: Diese Meldung wurde unterst\u00fctzt von KI erstellt.<\/p>\n<ul data-module-id=\"DragDropModule\" class=\"flex flex-wrap justify-start group-[.no-bookmarks]:hidden\">\n<li class=\"mb-3 mr-3\">\n    Polizei<\/p>\n<p>      Icon Haken im Kreis gesetzt<\/p>\n<p>      Icon Plus im Kreis<\/p>\n<\/li>\n<li class=\"mb-3 mr-3\">\n    Karlsruhe<\/p>\n<p>      Icon Haken im Kreis gesetzt<\/p>\n<p>      Icon Plus im Kreis<\/p>\n<\/li>\n<\/ul>\n","protected":false},"excerpt":{"rendered":"Nach Angaben der Polizei verlief eine Demonstration zum Thema &#8222;H\u00e4nde weg von Rojava &#8211; f\u00fcr die Anerkennung kurdischer&hellip;\n","protected":false},"author":2,"featured_media":781374,"comment_status":"","ping_status":"","sticky":false,"template":"","format":"standard","meta":{"footnotes":"","_share_on_mastodon":"0"},"categories":[1844],"tags":[1634,3364,29,30,8903,1256,121,167183],"class_list":["post-781373","post","type-post","status-publish","format-standard","has-post-thumbnail","category-karlsruhe","tag-baden-wuerttemberg","tag-de","tag-deutschland","tag-germany","tag-karlsruhe","tag-kuenstliche-intelligenz","tag-polizei","tag-rojava"],"share_on_mastodon":{"url":"https:\/\/pubeurope.com\/@de\/116034802035174543","error":""},"_links":{"self":[{"href":"https:\/\/www.europesays.com\/de\/wp-json\/wp\/v2\/posts\/781373","targetHints":{"allow":["GET"]}}],"collection":[{"href":"https:\/\/www.europesays.com\/de\/wp-json\/wp\/v2\/posts"}],"about":[{"href":"https:\/\/www.europesays.com\/de\/wp-json\/wp\/v2\/types\/post"}],"author":[{"embeddable":true,"href":"https:\/\/www.europesays.com\/de\/wp-json\/wp\/v2\/users\/2"}],"replies":[{"embeddable":true,"href":"https:\/\/www.europesays.com\/de\/wp-json\/wp\/v2\/comments?post=781373"}],"version-history":[{"count":0,"href":"https:\/\/www.europesays.com\/de\/wp-json\/wp\/v2\/posts\/781373\/revisions"}],"wp:featuredmedia":[{"embeddable":true,"href":"https:\/\/www.europesays.com\/de\/wp-json\/wp\/v2\/media\/781374"}],"wp:attachment":[{"href":"https:\/\/www.europesays.com\/de\/wp-json\/wp\/v2\/media?parent=781373"}],"wp:term":[{"taxonomy":"category","embeddable":true,"href":"https:\/\/www.europesays.com\/de\/wp-json\/wp\/v2\/categories?post=781373"},{"taxonomy":"post_tag","embeddable":true,"href":"https:\/\/www.europesays.com\/de\/wp-json\/wp\/v2\/tags?post=781373"}],"curies":[{"name":"wp","href":"https:\/\/api.w.org\/{rel}","templated":true}]}}